{"id":10164,"date":"2019-07-25T22:10:11","date_gmt":"2019-07-25T22:10:11","guid":{"rendered":"https:\/\/redsemlac.com\/semmexico\/?p=10164"},"modified":"2023-07-21T14:51:19","modified_gmt":"2023-07-21T19:51:19","slug":"panama-persiste-falta-de-equidad-en-materia-laboral-en-la-poblacion-femenina","status":"publish","type":"post","link":"https:\/\/redsemlac.com\/semmexico\/panama-persiste-falta-de-equidad-en-materia-laboral-en-la-poblacion-femenina\/","title":{"rendered":"Panam\u00e1: Persiste falta de equidad en materia laboral en la poblaci\u00f3n femenina afrodescendiente"},"content":{"rendered":"\n<ul class=\"wp-block-list\"><li>Informe preliminar de la situaci\u00f3n actual de mujeres negras en el pa\u00eds.<\/li><li> Indica que las mujeres afrodescendientes muestran un nivel de educaci\u00f3n igual o mayor al resto de la poblaci\u00f3n, pero presentan mayor \u00edndice de desempleo y menores salarios.<\/li><\/ul>\n\n\n\n<p class=\"wp-block-paragraph\"><strong>Sergio Rivera<\/strong><\/p>\n\n\n\n<p class=\"wp-block-paragraph\">SemM\u00e9xico\/AmecoPress. Panam\u00e1. 25 julio 2019.- <em>El Instituto Nacional de la Mujer realiz\u00f3 la presentaci\u00f3n de un estudio que se realiza con el apoyo del Programa de Naciones Unidas sobre la situaci\u00f3n de las mujeres afrodescendientes en Panam\u00e1.<\/em><\/p>\n\n\n\n<p class=\"wp-block-paragraph\"><em>En esta ocasi\u00f3n se present\u00f3 el informe preliminar de la situaci\u00f3n actual de mujeres negras en el pa\u00eds, localizadas geogr\u00e1ficamente en su mayor\u00eda en provincias de Bocas del Toro, los Santos, Colon, Dari\u00e9n y Panam\u00e1, seg\u00fan lo mencionado por la directora del INAMU, Liriola Loteau.<\/em><\/p>\n\n\n\n<p class=\"wp-block-paragraph\">Dicho estudio indica que las mujeres afrodescendientes muestran un nivel de educaci\u00f3n igual o mayor al resto de la poblaci\u00f3n, pero presentan mayor \u00edndice de desempleo y menores salarios.<\/p>\n\n\n\n<p class=\"wp-block-paragraph\">Para Urenna Best, directora general de la Secretar\u00eda Nacional para el Desarrollo Afro paname\u00f1o, resulta importante la labor que desarrolla el Instituto de la Mujer.<\/p>\n\n\n\n<p class=\"wp-block-paragraph\">Tambi\u00e9n considera esencial reflexionar sobre los cambios que se deben hacer a nivel nacional para una inclusi\u00f3n plena.<\/p>\n\n\n\n<p class=\"wp-block-paragraph\">Algunos resultados a destacar est\u00e1n que Panam\u00e1 es un pa\u00eds racista, el esquema racista impregna las relaciones sociales, econ\u00f3micas, pol\u00edticas y culturales, les cuesta 10 veces m\u00e1s llegar a posiciones destacadas.<\/p>\n","protected":false},"excerpt":{"rendered":"<p> Indica que las mujeres afrodescendientes muestran un nivel de educaci\u00f3n igual o mayor al resto de la poblaci\u00f3n, pero presentan mayor \u00edndice de desempleo y menores salarios.<\/p>\n","protected":false},"author":3,"featured_media":10165,"comment_status":"open","ping_status":"open","sticky":false,"template":"","format":"standard","meta":{"_monsterinsights_skip_tracking":false,"footnotes":""},"categories":[690,53],"tags":[],"class_list":["post-10164","post","type-post","status-publish","format-standard","has-post-thumbnail","category-690","category-internacional"],"_links":{"self":[{"href":"https:\/\/redsemlac.com\/semmexico\/wp-json\/wp\/v2\/posts\/10164","targetHints":{"allow":["GET"]}}],"collection":[{"href":"https:\/\/redsemlac.com\/semmexico\/wp-json\/wp\/v2\/posts"}],"about":[{"href":"https:\/\/redsemlac.com\/semmexico\/wp-json\/wp\/v2\/types\/post"}],"author":[{"embeddable":true,"href":"https:\/\/redsemlac.com\/semmexico\/wp-json\/wp\/v2\/users\/3"}],"replies":[{"embeddable":true,"href":"https:\/\/redsemlac.com\/semmexico\/wp-json\/wp\/v2\/comments?post=10164"}],"version-history":[{"count":0,"href":"https:\/\/redsemlac.com\/semmexico\/wp-json\/wp\/v2\/posts\/10164\/revisions"}],"wp:featuredmedia":[{"embeddable":true,"href":"https:\/\/redsemlac.com\/semmexico\/wp-json\/wp\/v2\/media\/10165"}],"wp:attachment":[{"href":"https:\/\/redsemlac.com\/semmexico\/wp-json\/wp\/v2\/media?parent=10164"}],"wp:term":[{"taxonomy":"category","embeddable":true,"href":"https:\/\/redsemlac.com\/semmexico\/wp-json\/wp\/v2\/categories?post=10164"},{"taxonomy":"post_tag","embeddable":true,"href":"https:\/\/redsemlac.com\/semmexico\/wp-json\/wp\/v2\/tags?post=10164"}],"curies":[{"name":"wp","href":"https:\/\/api.w.org\/{rel}","templated":true}]}}