{"id":101637,"date":"2026-01-05T20:31:26","date_gmt":"2026-01-06T02:31:26","guid":{"rendered":"https:\/\/redsemlac.com\/semmexico\/?p=101637"},"modified":"2026-01-05T20:31:27","modified_gmt":"2026-01-06T02:31:27","slug":"en-2025-12-asesinatos-contra-el-gremio-periodistico-de-mexico","status":"publish","type":"post","link":"https:\/\/redsemlac.com\/semmexico\/en-2025-12-asesinatos-contra-el-gremio-periodistico-de-mexico\/","title":{"rendered":"En 2025, 12 asesinatos contra el gremio period\u00edstico de M\u00e9xico"},"content":{"rendered":"\n<ul class=\"wp-block-list\">\n<li>Los cr\u00edmenes contra las libertades de prensa y expresi\u00f3n subieron en M\u00e9xico en un 84 % en relaci\u00f3n con el a\u00f1o anterior<\/li>\n<\/ul>\n\n\n\n<ul class=\"wp-block-list\">\n<li>M\u00e9xico ocupa ahora el segundo lugar mundial de homicidios de periodistas, durante 23 a\u00f1os ocup\u00f3 el deshonroso primer lugar<\/li>\n<\/ul>\n\n\n\n<p class=\"wp-block-paragraph\">Redacci\u00f3n<\/p>\n\n\n\n<p class=\"wp-block-paragraph\">SemM\u00e9xico\/Ceprovysa, Chilpancingo, 5 de enero 2026.- Durante 2025 ocurrieron en M\u00e9xico 13 asesinatos contra las libertades de prensa y expresi\u00f3n de los cuales fueron v\u00edctimas 11 periodistas y un amigo de comunicador, as\u00ed como el hallazgo del cad\u00e1ver de un colega desaparecido desde 2019, de acuerdo con el Monitoreo Permanente de los Asesinatos y Desapariciones Forzadas de Periodistas en M\u00e9xico y dem\u00e1s v\u00edctimas, registro del gremio organizado que conforman la Federaci\u00f3n de Asociaciones de Periodistas Mexicanos, FAPERMEX; el Colegio Nacional de Licenciados en Periodismo, CONALIPE, y la Federaci\u00f3n Latinoamericana de Periodistas, FELAP-M\u00e9xico.<\/p>\n\n\n\n<p class=\"wp-block-paragraph\"><br>De acuerdo con nuestro Monitoreo en ese periodo subi\u00f3 en un 84 por ciento los cr\u00edmenes en comparaci\u00f3n con el a\u00f1o anterior. M\u00e9xico ocupa ahora el segundo lugar mundial de homicidios de periodistas; descendi\u00f3 un pelda\u00f1o, aun as\u00ed, esto ocurre despu\u00e9s de 23 a\u00f1os de ocupar el deshonroso se\u00f1alamiento de \u201cel pa\u00eds m\u00e1s peligroso del mundo para ejercer el periodismo\u201d, sin embargo, mantiene el primer lugar en el Continente Americano.<\/p>\n\n\n\n<p class=\"wp-block-paragraph\"><br>Tambi\u00e9n consignamos que en 2025 se registr\u00f3 una desaparici\u00f3n forzada en contra de un colega por lo que suman 30 desapariciones forzadas pendientes de aclaraci\u00f3n. Todo lo anterior, reiteramos, se debe a la vergonzante impunidad prevaleciente.<\/p>\n\n\n\n<p class=\"wp-block-paragraph\"><br>Nuestro Monitoreo es un registro actualizado y documentado de estos cr\u00edmenes en contra de la sociedad mexicana en el siempre frustrado intento de quererle negar su derecho a la informaci\u00f3n veraz y oportuna, por ello a continuaci\u00f3n damos a conocer la lista de nuestras v\u00edctimas fatales con el numeral que les corresponde desde 1984 a la fecha:<\/p>\n\n\n\n<p class=\"wp-block-paragraph\"><br><strong>Reporte de los asesinatos de 2025<\/strong><\/p>\n\n\n\n<p class=\"wp-block-paragraph\">13 de enero de 2025. Calletano de Jes\u00fas Guerrero, subdirector del medio de comunicaci\u00f3n Global M\u00e9xico fue asesinado a balazos por un comando de sicarios que lo sorprendi\u00f3 en el propio estacionamiento de la parroquia de San Antonio de Padua, en la calle Morelos del municipio de Teoloyucan Estado de M\u00e9xico, a pesar de que contaba con la activaci\u00f3n a su favor del Mecanismo Federal de Protecci\u00f3n a Personas Defensoras de Derechos Humanos y Periodistas al haber denunciado amenazas cuatro d\u00edas antes del atentado.<\/p>\n\n\n\n<p class=\"wp-block-paragraph\">25 de enero de 2025. Alejandro Gallegos Le\u00f3n, periodista y catedr\u00e1tico, al paso de los a\u00f1os fund\u00f3 su propio peri\u00f3dico \u201cLa voz del pueblo\u201d; adem\u00e1s era columnista del diario \u201cTabasco Hoy\u201d, y catedr\u00e1tico de la Universidad Ju\u00e1rez Aut\u00f3noma de Tabasco, UJAT, y de la Universidad Alfa y Omega. Su cad\u00e1ver, que presentaba impactos de bala, fue localizado ese s\u00e1bado en el kil\u00f3metro 5 de la carretera que va al poblado C-28 del municipio de C\u00e1rdenas. El viernes anterior fue reportado como desaparecido por sus familiares despu\u00e9s de que sali\u00f3 en su autom\u00f3vil a esa localidad.<\/p>\n\n\n\n<p class=\"wp-block-paragraph\">22 de febrero de 2025. Jes\u00fas Alberto Camacho Rodr\u00edguez, reportero de \u201cEl Imparcial\u201d, \u201cEl Regional de Sonora\u201d, \u201cTribuna del Yaqui\u201d y \u201cExtra de la Tarde\u201d. El cuerpo del periodista desaparecido en 2019 en Ciudad Obreg\u00f3n, Sonora, fue localizado en la morgue del Servicio M\u00e9dico Forense de Culiac\u00e1n, capital del estado de Sinaloa, por el colectivo \u201cMadres buscadoras de Culiac\u00e1n\u201d y \u201cSabuesos Guerreras de Sinaloa\u201d. Camacho Rodr\u00edguez, a pesar de haber sido un periodista reconocido en la regi\u00f3n, no exist\u00eda una denuncia formal por su desaparici\u00f3n. Fue hallado en un bajo puente de la colonia Las Flores, en Culiac\u00e1n, a 450 kil\u00f3metros de donde se le vio por \u00faltima vez.<\/p>\n\n\n\n<p class=\"wp-block-paragraph\">2 de marzo de 2025. Kristian Uriel Zavala, reportero de la p\u00e1gina \u201cEl Silaoense.mx\u201d, y antes en \u201cReporte Silao\u201d, paralelamente era y Disc Jockey, DJ, y amenizaba principalmente en los municipios de Silao y Romita\u2026<\/p>\n\n\n\n<p class=\"wp-block-paragraph\">y su amigo y acompa\u00f1ante Axel \u201cN\u201d fueron asesinados al ser atacados con armas de fuego cuando se encontraban dentro de un veh\u00edculo en el municipio de Silao, Guanajuato. Los primeros testimonios se\u00f1alan que un comando armado se acerc\u00f3 al autom\u00f3vil y dispararon en repetidas ocasiones.<\/p>\n\n\n\n<p class=\"wp-block-paragraph\">4 de marzo de 2025. Mart\u00edn Ruelas Esparza, director y administrador del portal \u201cEn vivo Tecoanapa\u201d, fue asesinado a tiros precisamente en el municipio de Tecoanapa, Guerrero. Se dieron a conocer dos versiones del sangriento hecho, la primera, que dos sujetos armados que viajaban en motocicleta le dispararon y le provocaron una muerte instant\u00e1nea cuando se encontraba a la puerta de su casa ubicada cerca de la carretera Tierra Colorada-Cruz Grande; la segunda, indica que fue un comando de cuatro sicarios los que perpetraron la agresi\u00f3n desde una camioneta con armas largas. Mart\u00edn Ruelas, tambi\u00e9n fung\u00eda como colaborador en comunicaci\u00f3n social en el gobierno municipal de Tecoanapa, miembro del Consejo Comunitario Municipal de Tecoanapa, Guerrero, exintegrante -comandante-, de la polic\u00eda comunitaria Uni\u00f3n de Pueblos y Organizaciones del Estado de Guerrero, UPOEG, y maestro jubilado.<\/p>\n\n\n\n<p class=\"wp-block-paragraph\">13 de marzo de 2025. Ra\u00fal Ir\u00e1n Villarreal Belmont, periodista, activista social y licenciado en derecho fung\u00eda como director del \u00abObservatorio Ciudadano San Luis de la Paz\u00bb fue secuestrado -levantado- y asesinado por un comando armado en el municipio de San Luis de la Paz, Guanajuato. Su cuerpo fue localizado la ma\u00f1ana del viernes 15, con signos claros de violencia. El activista publicaba en redes sociales denuncias de corrupci\u00f3n en el gobierno y ofrec\u00eda representaci\u00f3n legal gratuita, tambi\u00e9n fue candidato a alcalde de ese municipio por Movimiento Ciudadano, MC.<\/p>\n\n\n\n<p class=\"wp-block-paragraph\">8 de abril de 2025. Alejandro Mancilla Cueto, dirig\u00eda y administraba la p\u00e1gina de noticias en redes sociales \u201cNoticieros Hora 19\u201d, adem\u00e1s se desempe\u00f1aba como secretario general del Ayuntamiento de Huitzilac, Morelos, fue asesinado por un comando de sicarios; el ataque a tiros de alto calibre fue realizado despu\u00e9s de que el comunicador y funcionario municipal realizaba una prueba de manejo de un \u201cautom\u00f3vil inteligente\u201d en las inmediaciones de la Presidencia Municipal de ese municipio a plena luz del d\u00eda. En Huitzilac, era reconocido como un l\u00edder social.<\/p>\n\n\n\n<p class=\"wp-block-paragraph\">15 de mayo de 2025. Jos\u00e9 Carlos Gonz\u00e1lez Herrera. Director del portal \u201cEl Guerrero, Opini\u00f3n Ciudadana\u201d de Acapulco, Guerrero. Fue asesinado a balazos por la noche de ese d\u00eda en el Centro de Acapulco al salir de su centro de grabaci\u00f3n.<\/p>\n\n\n\n<p class=\"wp-block-paragraph\">23 de junio de 2025, Salom\u00f3n Ord\u00f3\u00f1ez Miranda, periodista independiente fue asesinado a balazos en el municipio de Cuetzalan, Puebla; pese a las labores m\u00e9dicas de emergencia que realizaron los param\u00e9dicos, lamentablemente falleci\u00f3. El gobernador Alejandro Armenta, quien se encuentra cuestionado por una ley mordaza que aprob\u00f3, asegur\u00f3 que la Fiscal\u00eda de Puebla ya realiza las investigaciones correspondientes para esclarecer el hecho y agreg\u00f3: \u201cEn el gobierno no se promueve la violencia, no hay una acci\u00f3n del gobierno, nosotros no confrontamos, protegemos\u00bb. Por su parte el municipio de Cuetzalan del Progreso emiti\u00f3 un comunicado oficial en el que informa que el asunto est\u00e1 siendo atendido por la fiscal\u00eda general del Estado de Puebla, Como se puede comprobar el \u201cComunicado Oficial\u201d del municipio de Cuetzalan, omite la calidad de periodista de la v\u00edctima mortal y el nombre del presidente municipal; apenas el 16 de octubre pasado rindi\u00f3 la protesta de ley al mun\u00edcipe, \u00d3scar Paula Cruz. El asesinato del creador del contenido en redes sociales, Salom\u00f3n Ordo\u00f1ez Miranda, ocurri\u00f3 la noche del lunes 23 en la comunidad de Pahpatapan, perteneciente al municipio de Cuetzalan del Progreso, Puebla. De acuerdo con versiones preliminares, indica el diario \u201cLa Jornada\u201d, el comunicador recibi\u00f3 al menos dos impactos de bala en un ataque perpetrado por sujetos desconocidos que huyeron tras cometer el crimen. Seg\u00fan informaron familiares del creador de contenido, Salom\u00f3n Ord\u00f3\u00f1ez Miranda fue trasladado al Hospital General de Cuetzalan con retraso, debido a que la ambulancia del Sistema de Urgencias M\u00e9dicas Avanzadas (SUMA) tard\u00f3 aproximadamente una hora en llegar. Por esta raz\u00f3n, aunque fue llevado al centro m\u00e9dico, se confirm\u00f3 su fallecimiento durante el trayecto. Salom\u00f3n Ord\u00f3\u00f1ez Miranda era fundador de la p\u00e1gina \u201cShalom Cuetzalan Producciones\u201d, un proyecto digital con m\u00e1s de 75 mil seguidores, enfocado en la difusi\u00f3n de noticias, eventos culturales y tradiciones locales, como las fiestas patronales. Su trabajo en redes lo convirti\u00f3 en un referente para los habitantes de Cuetzalan. Adem\u00e1s, el creador de contenido digital colabor\u00f3 durante la administraci\u00f3n del exedil priista, Gerson Calixto, entre los a\u00f1os 2018 y 2024, realizando enlaces y transmisiones en vivo para la cobertura de obras p\u00fablicas del gobierno municipal.<\/p>\n\n\n\n<p class=\"wp-block-paragraph\">8 de julio de 2025. \u00c1ngel Sevilla. Director de la p\u00e1gina \u201cNoticias 644\u201d. Fue asesinado a balazos en Ciudad Obreg\u00f3n, Sonora. La agresi\u00f3n directa fue perpetrada por sujetos armados que le dispararon mientras conversaba con otra persona en la v\u00eda p\u00fablica; el periodista intento huir ya herido, su cuerpo fue hallado una cuadra adelante.<\/p>\n\n\n\n<p class=\"wp-block-paragraph\">9 de julio de 2025. Ronald Paz Pedro. Administrador de su propia p\u00e1gina en Facebook en acapulco Guerrero, en la que difund\u00eda y documentaba temas centrados en seguridad, denuncias ciudadanas y actos de corrupci\u00f3n principalmente del \u00e1mbito municipal. Fue asesinado al ser interceptado por hombres armados que le dispararon despu\u00e9s de unos minutos de haber realizado una transmisi\u00f3n en donde denunci\u00f3 la existencia de un socav\u00f3n en la calle Art\u00edculo 27 de ese municipio.<\/p>\n\n\n\n<p class=\"wp-block-paragraph\">25 de octubre de 2025. Miguel \u00c1ngel Beltr\u00e1n Mart\u00ednez. Periodista independiente en Durango, Durango. Denunciaba sobre temas de seguridad, corrupci\u00f3n y delincuencia en la regi\u00f3n. Su cuerpo fue localizado en el poblado de R\u00edo Chico con signos de violencia y junto al mismo un mensaje presuntamente atribuidas a la delincuencia organizada.<\/p>\n\n\n\n<p class=\"wp-block-paragraph\"><br><strong>Desapariciones forzadas:<\/strong><\/p>\n\n\n\n<p class=\"wp-block-paragraph\"><br>30.- Miguel \u00c1ngel Anaya Castillo. 13 de abril de 2025. El periodista independiente y director del medio P\u00e1nuco OnLine fue visto por \u00faltima vez el 13 de abril de 2025 en P\u00e1nuco, Veracruz. Previamente hab\u00eda denunciado hostigamiento y amenazas por parte de autoridades municipales relacionadas con su cobertura de protestas locales. Tras su desaparici\u00f3n, las publicaciones de su medio digital fueron eliminadas sin explicaci\u00f3n.<\/p>\n\n\n\n<p class=\"wp-block-paragraph\">Con el asesinato del colega, Salom\u00f3n Ordo\u00f1ez Miranda son 12 los asesinatos ocurridos en 2025 y uno m\u00e1s perpetrado en 2019 descubierto en este periodo, todos ellos que atentan directamente contra la libertad de expresi\u00f3n y el derecho a la informaci\u00f3n.<\/p>\n\n\n\n<p class=\"wp-block-paragraph\"><br>En lo que va de la administraci\u00f3n de la presidenta, Claudia Sheinbaum Pardo, suman 12 cr\u00edmenes mortales, el hallazgo del cuerpo de un colega desaparecido desde 2019 y 2 desapariciones forzadas.<\/p>\n\n\n\n<p class=\"wp-block-paragraph\"><br>De 2000 a la fecha, han ocurrido 339 asesinatos: 281 periodistas; 9 locutores; 16 trabajadores de la prensa; 16 familiares y 12 amigos de comunicadores; 2 civiles, y 3 escoltas.<\/p>\n\n\n\n<p class=\"wp-block-paragraph\"><br>En consecuencia, de 1983 a la fecha, de acuerdo con el Monitoreo Permanente de los Asesinatos y Desapariciones Forzadas de Periodistas, suman 405 asesinatos, de los cuales han sido v\u00edctimas: 343 periodistas; 9 locutores; 16 trabajadores de prensa; 19 familiares y 13 amigos de comunicadores; 2 civiles, y 3 escoltas.<\/p>\n\n\n\n<p class=\"wp-block-paragraph\"><br><strong>Desapariciones forzadas<\/strong><\/p>\n\n\n\n<p class=\"wp-block-paragraph\"><br>Total, de Desapariciones forzadas: 30: 26 periodistas, tres trabajadores de prensa y un amigo.<\/p>\n\n\n\n<p class=\"wp-block-paragraph\"><br>El Gremio Organizado: Federaci\u00f3n de Asociaciones de Periodistas Mexicanos, FAPERMEX; Federaci\u00f3n Latinoamericana de Periodistas, FELAP-M\u00e9xico, y su brazo acad\u00e9mico, Colegio Nacional de Licenciados en Periodismo, CONALIPE, en sus comunicados correspondientes firmados por sus dirigentes, reitera en forma constante su demanda a las m\u00e1s altas autoridades del pa\u00eds para que terminen con esta vergonzosa impunidad en cuanto a los atentados a los informadores, y cumplan con las medidas cautelares para protegerlos, como lo ordenan las leyes correspondientes.<\/p>\n\n\n\n<p class=\"wp-block-paragraph\"><br>Nuestro concentrado es terrible y lamentable por todos conceptos, puesto que la imperante y vergonzosa impunidad es la que permite que los criminales, enemigos de las libertades de prensa y expresi\u00f3n, burlen a la justicia. Como se puede comprobar la lista l\u00fagubre aumenta exponencialmente.<\/p>\n\n\n\n<p class=\"wp-block-paragraph\"><br>Redoblamos el reclamo de justicia y de que se implementen los mecanismos de protecci\u00f3n a los periodistas, trabajadores de prensa, de sus familiares y amigos que tambi\u00e9n han sido victimados en hechos, inclusive directos, para amedrentar a los comunicadores. \u00a1Ya basta! Es nuestro grito permanente.<\/p>\n\n\n\n<p class=\"wp-block-paragraph\"><br>Tambi\u00e9n reiteramos el llamado a la presidenta Claudia Sheinbaum Pardo, al Congreso de la Uni\u00f3n, a los gobernadores de las entidades federativas y a los congresos locales, para que atiendan a la brevedad la Agenda Legislativa Pendiente del Periodista, que consideramos es el mayor blindaje para los comunicadores y por su contenido es un instrumento integral para asegurar las libertades de prensa y expresi\u00f3n en nuestro M\u00e9xico.<\/p>\n\n\n\n<p class=\"wp-block-paragraph\"><br>Unidos por la Palabra Libre.<br>Por FAPERMEX:<br>Periodista Luis Javier Hern\u00e1ndez C\u00f3rdova, presidente del Consejo Directivo<br>Lic. Teodoro Renter\u00eda Arr\u00f3yave.<br>Presidente CONALIPE, presidente fundador y vitalicio honorario de FAPERMEX y secretario de Desarrollo Social de FELAP.<br>Presidentes Honorarios Vitalicios:<br>Lic. Roberto Pi\u00f1\u00f3n Olivas; Mtra. Mar\u00eda Consuelo Egu\u00eda Tonella, Mtro. Teodoro Ra\u00fal Renter\u00eda Villa, Juan Ram\u00f3n Negrete Jim\u00e9nez, Mtra. Eva Joaquina Guerrero R\u00edos<br>Periodista \u00d3scar Alvizo Olmeda, presidente del Comit\u00e9 de Vigilancia, Honor y Justicia de FAPERMEX.<br>Isabella Zozoaga Mu\u00f1oz; secretaria General de FAPERMEX.<br>Lic. Gilberto Herrera Navarro, secretario de Finanzas de FAPERMEX.<br>Ciudad de M\u00e9xico y Oaxaca, Oaxaca, 29 de diciembre de 2025.<\/p>\n\n\n\n<p class=\"wp-block-paragraph\"><\/p>\n","protected":false},"excerpt":{"rendered":"<p>Redacci\u00f3n SemM\u00e9xico\/Ceprovysa, Chilpancingo, 5 de enero 2026.- Durante 2025 ocurrieron en M\u00e9xico 13 asesinatos contra las libertades de prensa y expresi\u00f3n de los cuales fueron v\u00edctimas 11 periodistas y un amigo de comunicador, as\u00ed como el hallazgo del cad\u00e1ver de un colega desaparecido desde 2019, de acuerdo con el Monitoreo Permanente de los Asesinatos y [&hellip;]<\/p>\n","protected":false},"author":3,"featured_media":101638,"comment_status":"open","ping_status":"open","sticky":false,"template":"","format":"standard","meta":{"_monsterinsights_skip_tracking":false,"footnotes":""},"categories":[694],"tags":[],"class_list":["post-101637","post","type-post","status-publish","format-standard","has-post-thumbnail","category-destacadas"],"_links":{"self":[{"href":"https:\/\/redsemlac.com\/semmexico\/wp-json\/wp\/v2\/posts\/101637","targetHints":{"allow":["GET"]}}],"collection":[{"href":"https:\/\/redsemlac.com\/semmexico\/wp-json\/wp\/v2\/posts"}],"about":[{"href":"https:\/\/redsemlac.com\/semmexico\/wp-json\/wp\/v2\/types\/post"}],"author":[{"embeddable":true,"href":"https:\/\/redsemlac.com\/semmexico\/wp-json\/wp\/v2\/users\/3"}],"replies":[{"embeddable":true,"href":"https:\/\/redsemlac.com\/semmexico\/wp-json\/wp\/v2\/comments?post=101637"}],"version-history":[{"count":0,"href":"https:\/\/redsemlac.com\/semmexico\/wp-json\/wp\/v2\/posts\/101637\/revisions"}],"wp:featuredmedia":[{"embeddable":true,"href":"https:\/\/redsemlac.com\/semmexico\/wp-json\/wp\/v2\/media\/101638"}],"wp:attachment":[{"href":"https:\/\/redsemlac.com\/semmexico\/wp-json\/wp\/v2\/media?parent=101637"}],"wp:term":[{"taxonomy":"category","embeddable":true,"href":"https:\/\/redsemlac.com\/semmexico\/wp-json\/wp\/v2\/categories?post=101637"},{"taxonomy":"post_tag","embeddable":true,"href":"https:\/\/redsemlac.com\/semmexico\/wp-json\/wp\/v2\/tags?post=101637"}],"curies":[{"name":"wp","href":"https:\/\/api.w.org\/{rel}","templated":true}]}}