{"id":101625,"date":"2026-01-05T20:16:13","date_gmt":"2026-01-06T02:16:13","guid":{"rendered":"https:\/\/redsemlac.com\/semmexico\/?p=101625"},"modified":"2026-01-05T20:16:14","modified_gmt":"2026-01-06T02:16:14","slug":"tiene-mexico-una-de-las-tasas-mas-altas-de-embarazos-adolescentes-de-al","status":"publish","type":"post","link":"https:\/\/redsemlac.com\/semmexico\/tiene-mexico-una-de-las-tasas-mas-altas-de-embarazos-adolescentes-de-al\/","title":{"rendered":"Tiene M\u00e9xico una de las tasas m\u00e1s altas de embarazos adolescentes de AL"},"content":{"rendered":"\n<ul class=\"wp-block-list\">\n<li>Presenta diputada iniciativa para dise\u00f1ar y ejecutar pol\u00edticas p\u00fablicas<\/li>\n\n\n\n<li>Diputada Gonz\u00e1lez Gonz\u00e1les propone cambios a la Ley General de los Derechos de Ni\u00f1as, Ni\u00f1os y Adolescentes<\/li>\n<\/ul>\n\n\n\n<p class=\"wp-block-paragraph\">Redacci\u00f3n<\/p>\n\n\n\n<p class=\"wp-block-paragraph\">SemM\u00e9xico, Ciudad de M\u00e9xico, 5 de enero 2026.- M\u00e9xico registra una de las tasas m\u00e1s altas de gestaci\u00f3n temprana o embarazos adolescentes en Am\u00e9rica Latina. Seg\u00fan el Inegi, cada a\u00f1o nacen aproximadamente 340 mil beb\u00e9s de madres menores de 19 a\u00f1os, se\u00f1ala una iniciativa para dise\u00f1ar y ejecutar pol\u00edticas p\u00fablicas espec\u00edficas dirigidas a ni\u00f1as y adolescentes embarazadas.<\/p>\n\n\n\n<p class=\"wp-block-paragraph\">La propuesta legislativa es impulsada por la diputada Ana Isabel Gonz\u00e1lez Gonz\u00e1lez (PRI), en la que se establece que dichas acciones deber\u00e1n asegurar, en todo momento, el inter\u00e9s superior de las hijas e hijos, as\u00ed como la no discriminaci\u00f3n, continuidad educativa y corresponsabilidad institucional.<\/p>\n\n\n\n<p class=\"wp-block-paragraph\">La iniciativa con enfoque de derechos, equidad y protecci\u00f3n integral, que garantizan su acceso efectivo a la educaci\u00f3n, salud, alimentaci\u00f3n y acompa\u00f1amiento psicosocial, a\u00f1adi\u00f3 un art\u00edculo 17 a la Ley General de los Derechos de Ni\u00f1as, Ni\u00f1os y Adolescentes, fue girada a la Comisi\u00f3n de Derechos de la Ni\u00f1ez y Adolescencia.&nbsp;<\/p>\n\n\n\n<p class=\"wp-block-paragraph\">Argumenta que el embarazo adolescente, especialmente en el grupo etario de 15 a 19 a\u00f1os, constituye una problem\u00e1tica compleja que impacta de manera significativa en la salud, el desarrollo personal, la educaci\u00f3n y las perspectivas de vida de las y los j\u00f3venes.<\/p>\n\n\n\n<p class=\"wp-block-paragraph\">Asimismo, M\u00e9xico se posiciona entre los pa\u00edses de la Organizaci\u00f3n para la Cooperaci\u00f3n y el Desarrollo Econ\u00f3micos (OCDE) con las tasas m\u00e1s altas de embarazo adolescente, lo que exige una respuesta legislativa integral que contemple un enfoque intersectorial y que respete los derechos humanos, as\u00ed como la perspectiva de g\u00e9nero e interculturalidad.<\/p>\n\n\n\n<p class=\"wp-block-paragraph\">Gonz\u00e1lez Gonz\u00e1lez se\u00f1ala que el fen\u00f3meno no s\u00f3lo afecta la salud y el desarrollo personal de las adolescentes, sino tambi\u00e9n sus oportunidades de acceso a la educaci\u00f3n, empleo, estigmatizaci\u00f3n social, servicios de salud y educaci\u00f3n sexual integral.<\/p>\n\n\n\n<p class=\"wp-block-paragraph\">Adem\u00e1s, explica que la violencia sexual y las din\u00e1micas de poder desiguales tambi\u00e9n juegan un papel crucial, donde el consentimiento se ve comprometido por factores como la coerci\u00f3n o la dependencia econ\u00f3mica. Las normas culturales y los estereotipos de g\u00e9nero que idealizan la maternidad temprana tambi\u00e9n contribuyen a esta problem\u00e1tica.<\/p>\n\n\n\n<p class=\"wp-block-paragraph\">Con todo lo anterior, la presente iniciativa propone abordar el tema de asegurar el bienestar integral de las ni\u00f1as y adolescentes que se encuentren en gestaci\u00f3n. Para que estos apoyos sean efectivos, deben atenderse tanto las necesidades materiales como emocionales, educativas y sociales de las madres adolescentes, con un enfoque de equidad y derechos humanos, precisa.<\/p>\n\n\n\n<p class=\"wp-block-paragraph\">SEM\/sj<\/p>\n\n\n\n<p class=\"wp-block-paragraph\"><\/p>\n","protected":false},"excerpt":{"rendered":"<p>Redacci\u00f3n SemM\u00e9xico, Ciudad de M\u00e9xico, 5 de enero 2026.- M\u00e9xico registra una de las tasas m\u00e1s altas de gestaci\u00f3n temprana o embarazos adolescentes en Am\u00e9rica Latina. Seg\u00fan el Inegi, cada a\u00f1o nacen aproximadamente 340 mil beb\u00e9s de madres menores de 19 a\u00f1os, se\u00f1ala una iniciativa para dise\u00f1ar y ejecutar pol\u00edticas p\u00fablicas espec\u00edficas dirigidas a ni\u00f1as [&hellip;]<\/p>\n","protected":false},"author":3,"featured_media":101626,"comment_status":"open","ping_status":"open","sticky":false,"template":"","format":"standard","meta":{"_monsterinsights_skip_tracking":false,"footnotes":""},"categories":[50],"tags":[],"class_list":["post-101625","post","type-post","status-publish","format-standard","has-post-thumbnail","category-congreso"],"_links":{"self":[{"href":"https:\/\/redsemlac.com\/semmexico\/wp-json\/wp\/v2\/posts\/101625","targetHints":{"allow":["GET"]}}],"collection":[{"href":"https:\/\/redsemlac.com\/semmexico\/wp-json\/wp\/v2\/posts"}],"about":[{"href":"https:\/\/redsemlac.com\/semmexico\/wp-json\/wp\/v2\/types\/post"}],"author":[{"embeddable":true,"href":"https:\/\/redsemlac.com\/semmexico\/wp-json\/wp\/v2\/users\/3"}],"replies":[{"embeddable":true,"href":"https:\/\/redsemlac.com\/semmexico\/wp-json\/wp\/v2\/comments?post=101625"}],"version-history":[{"count":0,"href":"https:\/\/redsemlac.com\/semmexico\/wp-json\/wp\/v2\/posts\/101625\/revisions"}],"wp:featuredmedia":[{"embeddable":true,"href":"https:\/\/redsemlac.com\/semmexico\/wp-json\/wp\/v2\/media\/101626"}],"wp:attachment":[{"href":"https:\/\/redsemlac.com\/semmexico\/wp-json\/wp\/v2\/media?parent=101625"}],"wp:term":[{"taxonomy":"category","embeddable":true,"href":"https:\/\/redsemlac.com\/semmexico\/wp-json\/wp\/v2\/categories?post=101625"},{"taxonomy":"post_tag","embeddable":true,"href":"https:\/\/redsemlac.com\/semmexico\/wp-json\/wp\/v2\/tags?post=101625"}],"curies":[{"name":"wp","href":"https:\/\/api.w.org\/{rel}","templated":true}]}}