{"id":101622,"date":"2026-01-05T20:10:20","date_gmt":"2026-01-06T02:10:20","guid":{"rendered":"https:\/\/redsemlac.com\/semmexico\/?p=101622"},"modified":"2026-01-05T20:10:21","modified_gmt":"2026-01-06T02:10:21","slug":"participan-mas-integrantes-de-la-familia-en-trabajos-de-cuidados-unam","status":"publish","type":"post","link":"https:\/\/redsemlac.com\/semmexico\/participan-mas-integrantes-de-la-familia-en-trabajos-de-cuidados-unam\/","title":{"rendered":"Participan m\u00e1s integrantes de la familia en trabajos de cuidados: UNAM"},"content":{"rendered":"\n<ul class=\"wp-block-list\">\n<li>las transformaciones se han registrado especialmente por la modificaci\u00f3n de la estructura poblacional: Ver\u00f3nica Montes de Oca<\/li>\n\n\n\n<li>Cuidar no es una tarea sencilla, demanda conocimiento, habilidades y sentido \u00e9tico, Dulce Elena Castillo<\/li>\n<\/ul>\n\n\n\n<p class=\"wp-block-paragraph\">Redacci\u00f3n<\/p>\n\n\n\n<p class=\"wp-block-paragraph\">SemM\u00e9xico, Ciudad de M\u00e9xico, 5 de enero 2026.- Se avanza para incluir a m\u00e1s personas de la familia en el trabajo de cuidados el cual sol\u00eda realizarse en silencio, de manera \u00edntima, privada y principalmente por las mujeres, destac\u00f3 la investigadora del Instituto de Investigaciones Sociales de la UNAM, Mar\u00eda Ver\u00f3nica Montes de Oca Zavala.<\/p>\n\n\n\n<p class=\"wp-block-paragraph\">Dijo que aun cuando la mayor\u00eda de los casos sigue siendo como antes, las transformaciones se han registrado especialmente por la modificaci\u00f3n de la estructura poblacional, al adquirir m\u00e1s conciencia de los cambios de las infancias, de las personas con discapacidad y los adultos mayores.<\/p>\n\n\n\n<p class=\"wp-block-paragraph\">Al intervenir en la reuni\u00f3n \u201c\u00c9tica del cuidado para una sociedad m\u00e1s inclusiva con las personas adultas mayores\u201d, organizada por el Programa Universitario de Bio\u00e9tica, la coordinadora del Seminario Universitario Interdisciplinario sobre Envejecimiento y Vejez resalt\u00f3:<\/p>\n\n\n\n<p class=\"wp-block-paragraph\">Se trabaja en renovar la forma de actuar en t\u00e9rminos de pol\u00edticas p\u00fablicas, pensar distinto la manera en que se distribuyen los derechos.<\/p>\n\n\n\n<p class=\"wp-block-paragraph\">La doctora en Ciencias Sociales y especialista en Estudios de Poblaci\u00f3n recomend\u00f3 leer La Ciudad del Cuidado, publicado por la Direcci\u00f3n de Asuntos de G\u00e9nero de la CEPAL, documento que cuestiona el enfoque patriarcal, visibiliza que hombres, mujeres y personas no binarias tienen derecho para vivir con calidad, pero tambi\u00e9n a recibir cuidados, adem\u00e1s de obligaciones.<\/p>\n\n\n\n<p class=\"wp-block-paragraph\"><strong>Tejiendo comunidad<\/strong><\/p>\n\n\n\n<p class=\"wp-block-paragraph\">Con ella coincidi\u00f3 Dulce Elena Castillo Villegas, profesora de la Facultad de Enfermer\u00eda y Obstetricia de la UNAM, quien destac\u00f3 que cuidar no es una tarea sencilla, demanda conocimiento, habilidades y sentido \u00e9tico y quienes suelen ofrecerla carecen de experiencia, por lo que su preparaci\u00f3n es una deuda.<\/p>\n\n\n\n<p class=\"wp-block-paragraph\">En ese sentido, mediante el Programa Acompa\u00f1amiento al Envejecimiento y Cuidado en el Hogar, que coordina, se trabaja con adultos mayores para monitorear su salud y estimular que expresen sus intereses; poco a poco han notado c\u00f3mo varias personas participantes han comenzado a conformar redes de acompa\u00f1amiento. \u201cVamos tejiendo comunidad y ellos nos reconocen como parte de esta\u201d.<\/p>\n\n\n\n<p class=\"wp-block-paragraph\">Ante alumnas, alumnos y personal acad\u00e9mico -reunidos en el auditorio Ing. Ge\u00f3g. Francisco D\u00edaz Covarrubias, del Instituto de Geograf\u00eda-, Castillo Villegas destac\u00f3 que les brindan respaldo mediante la estrategia de visitas domiciliarias en Xochimilco, en las que comparten el conocimiento porque en ocasiones tienen dudas sobre c\u00f3mo o cu\u00e1ndo proporcionar los medicamentos, por ejemplo.<\/p>\n\n\n\n<p class=\"wp-block-paragraph\">En tanto, el subdirector de Formaci\u00f3n y Evaluaci\u00f3n Educativa en el Instituto Nacional de Geriatr\u00eda, Edgar Jaime Blano Campero, record\u00f3 que recientemente la Secretar\u00eda de la Mujer y el Sistema Nacional para el Desarrollo Integral de la Familia presentaron el sitio&nbsp;<a href=\"https:\/\/cuidados.mujeres.gob.mx\/\" target=\"_blank\" rel=\"noreferrer noopener\">https:\/\/cuidados.mujeres.gob.mx\/<\/a>&nbsp;donde enumeran elementos para una sociedad de cuidados.<\/p>\n\n\n\n<p class=\"wp-block-paragraph\">Esto como parte del Sistema Nacional y Progresivo de Cuidado, mecanismo articulador de la oferta institucional y garante de la corresponsabilidad entre diferentes sectores de la sociedad, que cuenta con una coordinaci\u00f3n interinstitucional, programas y servicios, formaci\u00f3n, regulaci\u00f3n y se enfoca por un cambio cultural, explic\u00f3.<\/p>\n\n\n\n<p class=\"wp-block-paragraph\">El especialista en Gerontolog\u00eda detall\u00f3 que el punto de partida para la construcci\u00f3n del Sistema implica una inversi\u00f3n de 1.2 por ciento del producto interno bruto, 47 programas y 27 instituciones del gobierno federal que impulsar\u00e1n el reconocimiento al trabajo de cuidados.<\/p>\n\n\n\n<p class=\"wp-block-paragraph\">Entre los principales beneficios de la iniciativa est\u00e1n: redistribuir las tareas de manera equitativa entre hombres y mujeres, ampliar la cobertura de servicios, reducir las barreras de acceso a estos y garantizar la pertinencia de las atenciones, destac\u00f3.<\/p>\n\n\n\n<p class=\"wp-block-paragraph\">Blano Campero coment\u00f3: Estamos viviendo el decenio de envejecimiento saludable, que implica cambiar la forma que pensamos respecto a la edad, sin discriminaci\u00f3n, ni maltrato.<\/p>\n\n\n\n<p class=\"wp-block-paragraph\"><\/p>\n","protected":false},"excerpt":{"rendered":"<p>Redacci\u00f3n SemM\u00e9xico, Ciudad de M\u00e9xico, 5 de enero 2026.- Se avanza para incluir a m\u00e1s personas de la familia en el trabajo de cuidados el cual sol\u00eda realizarse en silencio, de manera \u00edntima, privada y principalmente por las mujeres, destac\u00f3 la investigadora del Instituto de Investigaciones Sociales de la UNAM, Mar\u00eda Ver\u00f3nica Montes de Oca [&hellip;]<\/p>\n","protected":false},"author":3,"featured_media":101623,"comment_status":"open","ping_status":"open","sticky":false,"template":"","format":"standard","meta":{"_monsterinsights_skip_tracking":false,"footnotes":""},"categories":[748],"tags":[],"class_list":["post-101622","post","type-post","status-publish","format-standard","has-post-thumbnail","category-cultura-feminista"],"_links":{"self":[{"href":"https:\/\/redsemlac.com\/semmexico\/wp-json\/wp\/v2\/posts\/101622","targetHints":{"allow":["GET"]}}],"collection":[{"href":"https:\/\/redsemlac.com\/semmexico\/wp-json\/wp\/v2\/posts"}],"about":[{"href":"https:\/\/redsemlac.com\/semmexico\/wp-json\/wp\/v2\/types\/post"}],"author":[{"embeddable":true,"href":"https:\/\/redsemlac.com\/semmexico\/wp-json\/wp\/v2\/users\/3"}],"replies":[{"embeddable":true,"href":"https:\/\/redsemlac.com\/semmexico\/wp-json\/wp\/v2\/comments?post=101622"}],"version-history":[{"count":0,"href":"https:\/\/redsemlac.com\/semmexico\/wp-json\/wp\/v2\/posts\/101622\/revisions"}],"wp:featuredmedia":[{"embeddable":true,"href":"https:\/\/redsemlac.com\/semmexico\/wp-json\/wp\/v2\/media\/101623"}],"wp:attachment":[{"href":"https:\/\/redsemlac.com\/semmexico\/wp-json\/wp\/v2\/media?parent=101622"}],"wp:term":[{"taxonomy":"category","embeddable":true,"href":"https:\/\/redsemlac.com\/semmexico\/wp-json\/wp\/v2\/categories?post=101622"},{"taxonomy":"post_tag","embeddable":true,"href":"https:\/\/redsemlac.com\/semmexico\/wp-json\/wp\/v2\/tags?post=101622"}],"curies":[{"name":"wp","href":"https:\/\/api.w.org\/{rel}","templated":true}]}}