{"id":101616,"date":"2026-01-05T18:51:05","date_gmt":"2026-01-06T00:51:05","guid":{"rendered":"https:\/\/redsemlac.com\/semmexico\/?p=101616"},"modified":"2026-01-05T18:51:06","modified_gmt":"2026-01-06T00:51:06","slug":"rechaza-unam-intervencion-militar-de-ee-uu-en-venezuela","status":"publish","type":"post","link":"https:\/\/redsemlac.com\/semmexico\/rechaza-unam-intervencion-militar-de-ee-uu-en-venezuela\/","title":{"rendered":"Rechaza UNAM intervenci\u00f3n militar de EE. UU. en Venezuela"},"content":{"rendered":"\n<ul class=\"wp-block-list\">\n<li>La crisis en Venezuela debi\u00f3 canalizarse a trav\u00e9s de mecanismo pac\u00edficos<\/li>\n\n\n\n<li>Necesario reflexionar desde la academia sobre los riesgos que enfrenta la paz mundial<\/li>\n<\/ul>\n\n\n\n<p class=\"wp-block-paragraph\">Redacci\u00f3n<\/p>\n\n\n\n<p class=\"wp-block-paragraph\">SemM\u00e9xico, Ciudad de M\u00e9xico, 5 de enero 2026.- La Universidad Nacional Aut\u00f3noma de M\u00e9xico (UNAM) rechaza categ\u00f3ricamente el unilateralismo y las amenazas externas que contravienen los principios del derecho internacional, los cuales garantizan la convivencia racional y respetuosa entre todos los pa\u00edses del mundo, tras las recientes acciones militares de Estados Unidos en Venezuela.<\/p>\n\n\n\n<p class=\"wp-block-paragraph\">En un pronunciamiento, la m\u00e1xima casa de estudios de M\u00e9xico expresa su profunda preocupaci\u00f3n y explica que si bien la situaci\u00f3n en Venezuela -de deterioro de la vida democr\u00e1tica y de los derechos humanos y pol\u00edticos- reclamaba una resoluci\u00f3n urgente, esta debi\u00f3 canalizarse estrictamente a trav\u00e9s de los mecanismos pac\u00edficos y del multilateralismo de los organismos internacionales, como la ONU y la OEA, privilegiando el di\u00e1logo y la diplomacia por encima de la fuerza.<\/p>\n\n\n\n<p class=\"wp-block-paragraph\">El derecho internacional debe restituirse como el \u00fanico mecanismo para evitar que prevalezca la ley del m\u00e1s fuerte. Toca a las y los venezolanos resolver sus problemas y construir su futuro con el apoyo de la comunidad internacional y el pleno respeto a su soberan\u00eda.<\/p>\n\n\n\n<p class=\"wp-block-paragraph\">En la carta p\u00fablica la instituci\u00f3n educativa indica que la coyuntura actual en la regi\u00f3n representa una se\u00f1al de alerta sobre la gobernanza global, que obliga a la comunidad internacional a deliberar sobre el rumbo de la diplomacia y priorizar un di\u00e1logo institucional verdaderamente efectivo.<\/p>\n\n\n\n<p class=\"wp-block-paragraph\">La proliferaci\u00f3n de conflictos internacionales y de acciones unilaterales en el escenario mundial nos exige reflexionar desde la academia sobre los riesgos que enfrenta la paz mundial y sobre las condiciones necesarias para la construcci\u00f3n de una nueva institucionalidad internacional, que evite recurrir a la falsa soluci\u00f3n del uso de la fuerza, la discordia, la confrontaci\u00f3n y la anulaci\u00f3n del disenso.<\/p>\n\n\n\n<p class=\"wp-block-paragraph\">La UNAM, fiel a su compromiso hist\u00f3rico con la libertad, la paz, la civilidad y la democracia, reafirma su car\u00e1cter como un espacio plural donde convergen diversas corrientes de pensamiento y afinidades pol\u00edticas.<\/p>\n\n\n\n<p class=\"wp-block-paragraph\">Con este esp\u00edritu nos manifestamos por un debate respetuoso y pluralista en nuestras escuelas, facultades, aulas y espacios universitarios. Es imperativo que las universidades del continente y del planeta asuman con firmeza el liderazgo de la reflexi\u00f3n acad\u00e9mica en torno a las condiciones de desestabilizaci\u00f3n mundial y en la recuperaci\u00f3n de los valores democr\u00e1ticos y solidarios, en medio de la confrontaci\u00f3n de paradigmas, como no ocurr\u00eda desde las v\u00edsperas de las grandes conflagraciones o desde la llamada Guerra Fr\u00eda, con los costos que tuvieron para las libertades en el planeta.<\/p>\n\n\n\n<p class=\"wp-block-paragraph\">Solo a trav\u00e9s de estos principios ser\u00e1 posible reorientar los esfuerzos globales hacia el desarrollo cient\u00edfico y cultural, la erradicaci\u00f3n de la pobreza y la reducci\u00f3n de las desigualdades.<\/p>\n\n\n\n<p class=\"wp-block-paragraph\">Exhortamos a las y los mexicanos a que, por encima de las divergencias de perspectiva respecto a los acontecimientos hemisf\u00e9ricos e internacionales, mantengamos la cohesi\u00f3n frente a la inestabilidad global y sus potenciales riesgos para nuestro pa\u00eds.<\/p>\n\n\n\n<p class=\"wp-block-paragraph\">SEM\/sj<\/p>\n","protected":false},"excerpt":{"rendered":"<p>Redacci\u00f3n SemM\u00e9xico, Ciudad de M\u00e9xico, 5 de enero 2026.- La Universidad Nacional Aut\u00f3noma de M\u00e9xico (UNAM) rechaza categ\u00f3ricamente el unilateralismo y las amenazas externas que contravienen los principios del derecho internacional, los cuales garantizan la convivencia racional y respetuosa entre todos los pa\u00edses del mundo, tras las recientes acciones militares de Estados Unidos en Venezuela. [&hellip;]<\/p>\n","protected":false},"author":3,"featured_media":101617,"comment_status":"open","ping_status":"open","sticky":false,"template":"","format":"standard","meta":{"_monsterinsights_skip_tracking":false,"footnotes":""},"categories":[694],"tags":[],"class_list":["post-101616","post","type-post","status-publish","format-standard","has-post-thumbnail","category-destacadas"],"_links":{"self":[{"href":"https:\/\/redsemlac.com\/semmexico\/wp-json\/wp\/v2\/posts\/101616","targetHints":{"allow":["GET"]}}],"collection":[{"href":"https:\/\/redsemlac.com\/semmexico\/wp-json\/wp\/v2\/posts"}],"about":[{"href":"https:\/\/redsemlac.com\/semmexico\/wp-json\/wp\/v2\/types\/post"}],"author":[{"embeddable":true,"href":"https:\/\/redsemlac.com\/semmexico\/wp-json\/wp\/v2\/users\/3"}],"replies":[{"embeddable":true,"href":"https:\/\/redsemlac.com\/semmexico\/wp-json\/wp\/v2\/comments?post=101616"}],"version-history":[{"count":0,"href":"https:\/\/redsemlac.com\/semmexico\/wp-json\/wp\/v2\/posts\/101616\/revisions"}],"wp:featuredmedia":[{"embeddable":true,"href":"https:\/\/redsemlac.com\/semmexico\/wp-json\/wp\/v2\/media\/101617"}],"wp:attachment":[{"href":"https:\/\/redsemlac.com\/semmexico\/wp-json\/wp\/v2\/media?parent=101616"}],"wp:term":[{"taxonomy":"category","embeddable":true,"href":"https:\/\/redsemlac.com\/semmexico\/wp-json\/wp\/v2\/categories?post=101616"},{"taxonomy":"post_tag","embeddable":true,"href":"https:\/\/redsemlac.com\/semmexico\/wp-json\/wp\/v2\/tags?post=101616"}],"curies":[{"name":"wp","href":"https:\/\/api.w.org\/{rel}","templated":true}]}}