{"id":101589,"date":"2026-01-04T13:40:09","date_gmt":"2026-01-04T19:40:09","guid":{"rendered":"https:\/\/redsemlac.com\/semmexico\/?p=101589"},"modified":"2026-01-04T13:40:10","modified_gmt":"2026-01-04T19:40:10","slug":"la-opinion-2000-2025-cambio-de-epoca","status":"publish","type":"post","link":"https:\/\/redsemlac.com\/semmexico\/la-opinion-2000-2025-cambio-de-epoca\/","title":{"rendered":"La Opini\u00f3n| 2000-2025: cambio de \u00e9poca"},"content":{"rendered":"\n<p class=\"wp-block-paragraph\">Claudia Corichi Garc\u00eda <a href=\"https:\/\/whatsapp.com\/channel\/0029Va7IpF5Id7nJvkxFt02Q\"><\/a><a href=\"https:\/\/news.google.com\/s\/CBIwrbqeozY\"><\/a><\/p>\n\n\n\n<p class=\"wp-block-paragraph\">SemM\u00e9xico, Cd. de M\u00e9xico, 4 de enero, 2026.-&nbsp; Acaba de terminar &nbsp;el&nbsp;<strong>primer cuarto del Siglo XXI<\/strong>. Su fren\u00e9tico recorrido se caracteriz\u00f3 por ser incierto e imprevisible. Se superaron paradigmas y sepultaron viejas inercias. Si la guerra fr\u00eda y la ca\u00edda del muro de Berl\u00edn marcaron el final del Siglo XX, en esta \u00e9poca la \u00fanica constante, como observ\u00f3 Her\u00e1clito, es el cambio.&nbsp;<\/p>\n\n\n\n<p class=\"wp-block-paragraph\">La&nbsp;<strong>revoluci\u00f3n tecnol\u00f3gica<\/strong>&nbsp;y digital ha cimbrado nuestros estilos de vida y modificado radicalmente la forma de relacionarnos. A mediados de los noventa comenzamos a navegar en Internet y tres d\u00e9cadas despu\u00e9s las&nbsp;<strong>redes sociales<\/strong>&nbsp;son determinantes en la opini\u00f3n p\u00fablica al grado de influir en el rumbo pol\u00edtico de un pa\u00eds.&nbsp;<\/p>\n\n\n\n<p class=\"wp-block-paragraph\">El atentado contra las Torres Gemelas en Nueva York redefini\u00f3 la arquitectura de la pol\u00edtica internacional estadounidense. Tras las invasiones de Afganist\u00e1n e Irak, burlando los mandatos de la ONU, se siguen trasgrediendo las normas m\u00e1s elementales que rigen el derecho internacional como lo demuestran los recientes ataques a presuntas narcolanchas en el Caribe.&nbsp;<\/p>\n\n\n\n<p class=\"wp-block-paragraph\">Hoy la econom\u00eda mundial est\u00e1 m\u00e1s conectada que nunca y el comercio m\u00e1s enlazado. Al iniciar el milenio se populariz\u00f3 un t\u00e9rmino que nos insertaba al futuro:&nbsp;<strong><em>globalizaci\u00f3n<\/em><\/strong>. La econom\u00eda de escala significa ahora producir bienes en distintos sitios para su venta posterior. Un autom\u00f3vil puede llegar a tener componentes manufacturados en m\u00e1s de cincuenta pa\u00edses, por lo menos.<\/p>\n\n\n\n<p class=\"wp-block-paragraph\">El modelo econ\u00f3mico dominante ha sido incapaz de distribuir la riqueza social. Se profundizan las brechas y las&nbsp;<strong>desigualdades<\/strong>. Aumenta el&nbsp;<em>malestar<\/em>&nbsp;sobre el&nbsp;<em>bienestar<\/em>. El premio Nobel de econom\u00eda Joseph Stiglitz sostiene que el mundo atraviesa una \u201cemergencia de&nbsp;<strong>desigualdad<\/strong>\u201d al explicar que entre 2000 y 2024, el 1 por ciento m\u00e1s rico del mundo amas\u00f3 el 41 por ciento de toda la nueva riqueza, mientras que solo el 1 por ciento fue a parar al 50 por ciento m\u00e1s pobre.<\/p>\n\n\n\n<p class=\"wp-block-paragraph\">En estos 25 a\u00f1os la degradaci\u00f3n medioambiental se ha acelerado de forma alarmante. El \u00faltimo verano fue el m\u00e1s caluroso en el planeta desde que se tienen registros. El incremento de las temperaturas de los oc\u00e9anos ha propiciado, como el vuelo de la mariposa, efectos devastadores en todos los puntos cardinales.<\/p>\n\n\n\n<p class=\"wp-block-paragraph\">Sequ\u00edas o huracanes extremos son fen\u00f3menos que asociamos al&nbsp;<strong>cambio clim\u00e1tico<\/strong>. Las p\u00e9rdidas humanas y los da\u00f1os materiales son incuantificables y ocurren, tanto en econom\u00edas avanzadas como en el sur global. Pese a la evidencia, hay quienes asumen una postura negacionista. La \u00faltima Cumbre del clima cerr\u00f3 el camino a eliminar combustibles f\u00f3siles. As\u00ed estamos.<\/p>\n\n\n\n<p class=\"wp-block-paragraph\">La pandemia del Covid-19 mostr\u00f3 cu\u00e1n fr\u00e1gil es la humanidad en todos los aspectos de la vida cotidiana. Un virus de origen desconocido mat\u00f3 a m\u00e1s de 7 millones de personas en todo el mundo y dej\u00f3 una imagen ins\u00f3lita: ciudades vac\u00edas y pueblos fantasma debido al&nbsp;<strong>confinamiento social&nbsp;<\/strong>durante meses. La crisis sanitaria de proporciones b\u00edblicas nos puso ante el espejo y exhibi\u00f3 nuestras vulnerabilidades.<\/p>\n\n\n\n<p class=\"wp-block-paragraph\">Entretanto, la igualdad de g\u00e9nero ha cobrado un impulso notable y asumido nuevos enfoques. Las generaciones&nbsp;<em>milenial<\/em>&nbsp;reivindican sus principios y los hacen suyos. Los vientos soplan favorablemente hacia la&nbsp;<strong>sociedad del cuidado<\/strong>. En contraste, los machismos adquieren comportamientos cada vez m\u00e1s agresivos y m\u00e9todos violentos m\u00e1s sofisticados.&nbsp;<\/p>\n\n\n\n<p class=\"wp-block-paragraph\">Las guerras y la confrontaci\u00f3n no cesan y las&nbsp;<strong>ideolog\u00edas extremistas<\/strong>&nbsp;van al alza. El genocidio en Gaza y el conflicto b\u00e9lico Rusia-Ucrania nos advierten que el futuro es desolador y deshumanizante.<\/p>\n\n\n\n<p class=\"wp-block-paragraph\">@ClauCorichi<\/p>\n\n\n\n<p class=\"wp-block-paragraph\"><\/p>\n","protected":false},"excerpt":{"rendered":"<p>Claudia Corichi Garc\u00eda SemM\u00e9xico, Cd. de M\u00e9xico, 4 de enero, 2026.-&nbsp; Acaba de terminar &nbsp;el&nbsp;primer cuarto del Siglo XXI. Su fren\u00e9tico recorrido se caracteriz\u00f3 por ser incierto e imprevisible. Se superaron paradigmas y sepultaron viejas inercias. Si la guerra fr\u00eda y la ca\u00edda del muro de Berl\u00edn marcaron el final del Siglo XX, en esta [&hellip;]<\/p>\n","protected":false},"author":3,"featured_media":79168,"comment_status":"open","ping_status":"open","sticky":false,"template":"","format":"standard","meta":{"_monsterinsights_skip_tracking":false,"footnotes":""},"categories":[82,110,35],"tags":[],"class_list":["post-101589","post","type-post","status-publish","format-standard","has-post-thumbnail","category-la-opinion","category-la-opinion-columnas","category-opinion"],"_links":{"self":[{"href":"https:\/\/redsemlac.com\/semmexico\/wp-json\/wp\/v2\/posts\/101589","targetHints":{"allow":["GET"]}}],"collection":[{"href":"https:\/\/redsemlac.com\/semmexico\/wp-json\/wp\/v2\/posts"}],"about":[{"href":"https:\/\/redsemlac.com\/semmexico\/wp-json\/wp\/v2\/types\/post"}],"author":[{"embeddable":true,"href":"https:\/\/redsemlac.com\/semmexico\/wp-json\/wp\/v2\/users\/3"}],"replies":[{"embeddable":true,"href":"https:\/\/redsemlac.com\/semmexico\/wp-json\/wp\/v2\/comments?post=101589"}],"version-history":[{"count":0,"href":"https:\/\/redsemlac.com\/semmexico\/wp-json\/wp\/v2\/posts\/101589\/revisions"}],"wp:featuredmedia":[{"embeddable":true,"href":"https:\/\/redsemlac.com\/semmexico\/wp-json\/wp\/v2\/media\/79168"}],"wp:attachment":[{"href":"https:\/\/redsemlac.com\/semmexico\/wp-json\/wp\/v2\/media?parent=101589"}],"wp:term":[{"taxonomy":"category","embeddable":true,"href":"https:\/\/redsemlac.com\/semmexico\/wp-json\/wp\/v2\/categories?post=101589"},{"taxonomy":"post_tag","embeddable":true,"href":"https:\/\/redsemlac.com\/semmexico\/wp-json\/wp\/v2\/tags?post=101589"}],"curies":[{"name":"wp","href":"https:\/\/api.w.org\/{rel}","templated":true}]}}