{"id":101585,"date":"2026-01-04T13:33:42","date_gmt":"2026-01-04T19:33:42","guid":{"rendered":"https:\/\/redsemlac.com\/semmexico\/?p=101585"},"modified":"2026-01-04T13:33:43","modified_gmt":"2026-01-04T19:33:43","slug":"las-hordas-la-ignorancia-la-izquierda-quiebra-la-democracia-y-el-caso-chileno","status":"publish","type":"post","link":"https:\/\/redsemlac.com\/semmexico\/las-hordas-la-ignorancia-la-izquierda-quiebra-la-democracia-y-el-caso-chileno\/","title":{"rendered":"Las hordas, la ignorancia, la izquierda quiebra, la democracia y el caso chileno"},"content":{"rendered":"\n<p class=\"wp-block-paragraph\">Fabiola Llanos<\/p>\n\n\n\n<p class=\"wp-block-paragraph\">SemM\u00e9xico\/La Independen, Barcelona, Catalu\u00f1a, 4 de enero, 2026.- Este 14 de diciembre Chile ha perdido contra el fascismo y quienes hoy se consideran el bloque pol\u00edtico de los \u201cperdedores\u201d, tienen la convicci\u00f3n de que la gente se equivoc\u00f3. Como si el resultado, producto de un 58% de quienes votaron el pasado domingo, no sea tambi\u00e9n una clara se\u00f1al de que la izquierda y sus aliados se han equivocado y que hay que reflexionar y no culpabilizar al personal que escogi\u00f3 motivado por el odio y la ignorancia generada por el&nbsp;<em>&nbsp;savoir faire<\/em>&nbsp;&nbsp;de la ultraderecha y el fascismo moderno. Esta respuesta, m\u00e1s bien emocional, es muy c\u00f3moda. In\u00fatil, sin embargo.<\/p>\n\n\n\n<p class=\"wp-block-paragraph\">Y no. No existe ninguna equivocaci\u00f3n. Si lo dejas, Chile es as\u00ed: un pa\u00eds profundamente desigual, injusto y machista. Es el fruto deseado de una dictadura sangrienta y opresora como cualquier otra y de una transici\u00f3n continuista de la desmemoria oportunista, de las desigualdades y de la injusticia social: de la ley del m\u00e1s fuerte impuesta por el neoliberalismo.&nbsp;<\/p>\n\n\n\n<p class=\"wp-block-paragraph\">Se ha elegido a un Kast de genealog\u00eda nazi y de ultraderecha populista incapaz de dar gobernabilidad a este pa\u00eds, porque la derecha en Chile es un bloque fragmentado donde esta derecha radical de botes y odiadores a sueldo ha logrado desplazar a una derecha democr\u00e1tica. Esto supone el riesgo de gobiernos m\u00e1s autoritarios por v\u00edctimas que son -como siempre- las que no se ven: mujeres y ni\u00f1as y sus derechos sexuales y reproductivos, pueblos originarios, personas con discapacidades, personas LGBT, el medio ambiente, personas migradas o en extrema pobreza, que hoy pueden sobrevivir precariamente gracias al estado.<\/p>\n\n\n\n<p class=\"wp-block-paragraph\">Las mujeres lo \u00edbamos denunciando desde que tenemos memoria. Individual y colectivamente. Evidenciamos en varias ocasiones las violencias estructurales, especialmente hacia las mujeres pobres, que sostienen a familias y pa\u00eds, aisladas y agotadas. Y a las mujeres nos da mucho miedo la idea de la amenaza del presidente electo y su \u00abestado de emergencia\u00bb. Esto significar\u00e1 militares y polic\u00eda en lo p\u00fablico y en asuntos privados. Significa biblias en las que deber\u00eda haber razonamiento cr\u00edtico. Significa discursos de odio manifest\u00e1ndose abiertamente, sin verg\u00fcenza.<\/p>\n\n\n\n<p class=\"wp-block-paragraph\">\u00bfQuiz\u00e1s esper\u00e1bamos que este Chile machista le diera la raz\u00f3n a las mujeres en la consecuci\u00f3n de derechos fundamentales para todas las personas? \u00bfAcaso cre\u00eda que la derecha y la ultraderecha manipuladora, amante y defensora de torturadores, tiranos, asesinos y ladrones iba a ceder por m\u00e1s tiempo el bot\u00edn precioso del estado y de los recursos humanos y naturales de un pa\u00eds con cobre, litio, mar y naturaleza?<\/p>\n\n\n\n<figure class=\"wp-block-image size-large\"><a href=\"https:\/\/redsemlac.com\/semmexico\/wp-content\/uploads\/2026\/01\/las-hordas-02.jpg\"><img loading=\"lazy\" decoding=\"async\" width=\"1024\" height=\"576\" src=\"https:\/\/redsemlac.com\/semmexico\/wp-content\/uploads\/2026\/01\/las-hordas-02-1024x576.jpg\" alt=\"\" class=\"wp-image-101587\" srcset=\"https:\/\/redsemlac.com\/semmexico\/wp-content\/uploads\/2026\/01\/las-hordas-02-1024x576.jpg 1024w, https:\/\/redsemlac.com\/semmexico\/wp-content\/uploads\/2026\/01\/las-hordas-02-300x169.jpg 300w, https:\/\/redsemlac.com\/semmexico\/wp-content\/uploads\/2026\/01\/las-hordas-02-768x432.jpg 768w, https:\/\/redsemlac.com\/semmexico\/wp-content\/uploads\/2026\/01\/las-hordas-02-150x84.jpg 150w, https:\/\/redsemlac.com\/semmexico\/wp-content\/uploads\/2026\/01\/las-hordas-02-696x392.jpg 696w, https:\/\/redsemlac.com\/semmexico\/wp-content\/uploads\/2026\/01\/las-hordas-02-1068x601.jpg 1068w, https:\/\/redsemlac.com\/semmexico\/wp-content\/uploads\/2026\/01\/las-hordas-02.jpg 1200w\" sizes=\"auto, (max-width: 1024px) 100vw, 1024px\" \/><\/a><\/figure>\n\n\n\n<p class=\"wp-block-paragraph\">Fueron ellas, nosotros, las mujeres, quienes dijimos que la educaci\u00f3n no llegaba para todas las personas, que una educaci\u00f3n de calidad no puede ser un privilegio, que el trabajo precario es incompatible con estudiar y prepararse para tener nuevas y mejores oportunidades, con los cuidados, el ocio y el descanso. Con el acceso a los derechos en general.<\/p>\n\n\n\n<p class=\"wp-block-paragraph\"><strong>\u00bfPor qu\u00e9 el pobre vota ultraderecha?<\/strong><\/p>\n\n\n\n<p class=\"wp-block-paragraph\">En Chile el progresismo ataca al ignorante como si fuera un defecto individual y personal y no como la consecuencia de un sistema que acab\u00f3 con las artes, la filosof\u00eda y la \u00e9tica y con cada esp\u00edritu cr\u00edtico que levantaba voces y pu\u00f1os. Un sistema que premia deshumanizar al otro, con el oligopolio de la (des) informaci\u00f3n a manos de la derecha conservadora, mis\u00f3gina y envenenada de fundamentalistas.<\/p>\n\n\n\n<p class=\"wp-block-paragraph\">Es as\u00ed como -efectivamente- al ignorante le result\u00f3 m\u00e1s c\u00f3modo el discurso de la derecha mafiosa, una derecha que dentro de su mensaje falaz pero convincente, no humilla a quien considera una \u00abherramienta\u00bb. Es una derecha que no exige a su votante ni cultura ni esp\u00edritu cr\u00edtico, ni siquiera saber por qu\u00e9 programa de gobierno votar\u00e1. Una derecha que no le recuerda al ignorante lo que no es porque a la derecha le interesa su inferioridad moral, manipulable y con total ausencia de conciencia de clase.&nbsp;<\/p>\n\n\n\n<p class=\"wp-block-paragraph\">Sin herramientas, sin leer un libro, el ignorante ha votado guiado por las mentiras de medios, de botes en las redes sociales y de personajes bufonescos que hoy son cargos electos, comprando la idea de identidad, de pertenencia a algo que creen les pertenece, de sentirse al fin con una opini\u00f3n respetada por quienes consideran \u201csuperiores\u201d. De esta forma, el voto del ignorante cambia el curso y el avance de los derechos que beneficiaban a todos, incluidos ellos. Porque el ignorante le creer\u00e1 m\u00e1s a quien no le exige leer un libro que a quien le trata como el ignorante que es. A nadie le gusta que le digan \u201cimb\u00e9cil, est\u00e1s votando contra tus propios intereses, de clase y de pueblo.\u201d<\/p>\n\n\n\n<p class=\"wp-block-paragraph\">La alternativa no es combatir la ignorancia con soberbia, porque la derecha sabe capitalizar la invisibilidad del ignorante, fruto de un sistema patriarcal neoliberal que mantuvieron a todos los que gobernaron desde la salida del tirano. La derecha gan\u00f3 con f\u00e1bulas, manipulaci\u00f3n y miedo porque la izquierda dilapid\u00f3 su oportunidad o, coma. m\u00ednimo, no comunic\u00f3 sus avances de forma eficaz.<\/p>\n\n\n\n<p class=\"wp-block-paragraph\"><strong>Mentiras ganadoras. La no rebeli\u00f3n y el odio y el miedo para la manipulaci\u00f3n<\/strong><\/p>\n\n\n\n<p class=\"wp-block-paragraph\">Para manipular a la gente, se necesitan dos cosas. Primero, asustas y despu\u00e9s desmoralizas. Un pueblo educado, saludable y confiado es m\u00e1s dif\u00edcil gobernar. Muchos populistas, sobre todo de extrema derecha, lo saben, porque es casi imposible tener a un pueblo educado y seguro bajo control. Como, por ejemplo, si eres consciente de verdades incontestables como que el 1% de la poblaci\u00f3n en el mundo es propietario del 80% de toda la riqueza y recursos naturales, mientras que una gran parte de ese 99% restante son pobres, sobre todo mujeres y su descendencia, pobre tambi\u00e9n, que hace falta una redistribuci\u00f3n urgente de la riqueza, un decrecimiento de la riqueza, un decrecimiento.<\/p>\n\n\n\n<p class=\"wp-block-paragraph\">En lugar de aspirar a sociedades con personas curiosas y humildes, la masa se radicaliza. \u00bfPor qu\u00e9? Porque sin ese tipo de pensamiento individualista y neoliberal, la autopercepci\u00f3n que las personas tienen sobre s\u00ed mismas est\u00e1 muy por encima de lo que realmente se es. Con ese sentimiento equ\u00edvoco de superioridad pierdes el deseo de aprender y compartir, porque crees que sabes m\u00e1s que el resto, que te mereces m\u00e1s que el resto y la curiosidad la sustituyes por un sesgo de confirmaci\u00f3n. Accedes a informaci\u00f3n que s\u00f3lo confirma lo que piensas y te relacionas con gente que tiene tus mismas aspiraciones sociales e identitarias. Los grises desaparecen y no ser de pie es ser \u201ccomunista\u201d \u201cdevorador de ni\u00f1os\u201d. Traidores y traicioneras de la patria.<\/p>\n\n\n\n<p class=\"wp-block-paragraph\">Consumes as\u00ed paquetes de axiomas elaborados por los que -casualmente- son los due\u00f1os del discurso y el origen del miedo, que deciden los contenidos de los medios de comunicaci\u00f3n. Te ceden amorosamente y por tu bienestar una serie de etiquetas con las que puedes nombrar, delimitar tus fronteras mentales con el miedo y el odio como centinelas, atribuyendo a los colectivos usualmente desfavorecidos o v\u00edctimas de violencias diversas caracter\u00edsticas negativas y deshumanizantes: \u201clos migrantes son\u201d, \u201clos migrantes son\u201d. Incluso \u00ablas mujeres son\u00bb. Estos son discursos que se necesitan profundo porque apelan a emociones, a lo que no es racional. Interpelan a sentimientos e ideales como \u201cnaci\u00f3n\u201d, \u201cmis\u201d. Es el \u00abnosotros\u00bb hacia el \u00abvosotros\u00bb, una alteridad donde la ignorancia y la manipulaci\u00f3n que los sistemas de poder y opresi\u00f3n utilizan sistem\u00e1ticamente, y que hacen que los individuos pierdan su individualidad y pertenezcan a un grupo oscuro que lo desmoviliza y lobotomiza.<\/p>\n\n\n\n<p class=\"wp-block-paragraph\">Parece incre\u00edble que la gente lo tolere, pero se entiende perfectamente cuando nos vamos a la ra\u00edz de esta tolerancia: la pobreza mem\u00e9tica, heredada de factores sociales hist\u00f3ricos y de injusticias, fuera de toda meritocracia, nueva herramienta de opresi\u00f3n y de autoculpa sobre una poblaci\u00f3n desmoralizada sobre una poblaci\u00f3n desmoralizada la suerte les acompa\u00f1e y que quien est\u00e1 arriba pulse su lealtad ciega.<\/p>\n\n\n\n<p class=\"wp-block-paragraph\">\u00bfY qu\u00e9 hacen el centro y la izquierda? Tolerar. Ya lo dec\u00eda Dostoyevski \u00abLa tolerancia llegar\u00e1 a tal nivel que a las personas inteligentes se les impedir\u00e1 pensar para no ofender a los idiotas\u00bb. \u00bfHemos llegado a ese momento de la historia? Algunos dicen que la humanidad se divide entre buena y mala gente. Pero si es as\u00ed, hay matices que son indispensables: Puede haber mala gente que s\u00f3lo busca su propio beneficio y que son lo suficientemente inteligentes para trasladar la culpa de la misma pobreza al pobre: \u200b\u200beres pobre porque quieres, porque te lo mereces o porque no te esfuerzas lo suficiente, porque te falta ambici\u00f3n, etc.&nbsp;<\/p>\n\n\n\n<p class=\"wp-block-paragraph\">El reverso de la medalla es que tambi\u00e9n existen quienes son buena gente, capaces de empatizar con otras personas, capaces de sufrir y alegrarse por alguien que no es \u00e9l o ella misma, pero que hace cosas en contra de su propio beneficio para evitar cualquier tipo de cambio, conflicto o que se generen situaciones que esta persona considere \u201cpeligrosas\u201d, como cada lucha en la calle, cada m\u00f3vil. \u00c9ste es el sistema neoliberal. Aqu\u00ed no campa quien pueda. \u00c9sta es la primera mentira: s\u00f3lo se salvar\u00e1 quien tenga los medios para hacerlo. Al pobre se le hace creer que los ricos son ricos porque se lo merecen o por su propio esfuerzo.&nbsp;<\/p>\n\n\n\n<p class=\"wp-block-paragraph\">Y esto no es as\u00ed ni de lejos. El 90% de las grandes fortunas son heredadas. De igual modo, las grandes pobrezas. Quien nace en determinadas familias, con el pedigr\u00ed econ\u00f3mico, social y cultural de las clases dominantes, siempre tendr\u00e1 todas las posibilidades de avanzar, de equivocarse, de fracasar sin que esto le cueste el techo que cubre su jefe, el capital social y econ\u00f3mico con el que volver a empezar o incluso el perd\u00f3n de las iglesias, por delinque.<\/p>\n\n\n\n<p class=\"wp-block-paragraph\">En cambio, quienes salen de familias que se han esforzado toda la vida por tener lo poco que pueden llegar a tener, y que pueden perderlo todo en un chasquido del mercado porque en realidad nunca han tenido nada, creen sinceramente que son clase media: una clase media que lucha por no caer en la pobreza y llegar justo donde est\u00e1n los ricos, para gozar del derecho a consumir, a adquirir social. Nunca te dir\u00e1n que a rico nunca llegar\u00e1s (al menos no sin delinquir) y que debes luchar por no ser lo que s\u00ed puedes llegar a ser: pobre y de clase baja.<\/p>\n\n\n\n<p class=\"wp-block-paragraph\">La mayor\u00eda de la poblaci\u00f3n subsistimos y sobrevivimos. Y el sistema sigue funcionando y es estable (macroecon\u00f3micamente) a pesar de nuestro agotamiento general. \u00bfPor qu\u00e9 no nos rebelamos? \u00bfQu\u00e9 nos ata, si no vemos las cadenas?<\/p>\n\n\n\n<p class=\"wp-block-paragraph\"><strong>Ni es el final, ni tampoco es feliz<\/strong><\/p>\n\n\n\n<p class=\"wp-block-paragraph\">Mientras m\u00e1s se observa el comportamiento pol\u00edtico de las masas, la sensaci\u00f3n de que los ricos son los \u00fanicos con conciencia de clase se incrementa.<\/p>\n\n\n\n<p class=\"wp-block-paragraph\">Am\u00e9rica Latina, comprando el discurso neoliberal xen\u00f3fobo, aporof\u00f3bico y neoliberal de Estados Unidos, est\u00e1 eligiendo a lindos del capital y del neoliberalismo, la algarab\u00eda de las derechas miserables que, cuando ya tienen el voto y el estado a disposici\u00f3n, lanzan a la asfixiada clase media a la pobreza. Una clase media que m\u00e1s temprano que tarde se unir\u00e1 a los pobres enarbolando banderas de unidad, de conciencia de clase, de justicia social, de derechos. Surgir\u00e1n entonces gobiernos que antes podr\u00edan haber sido de izquierda, pero que no llegan al poder con verdaderos programas de izquierda. A entonces pactan. Vienen el alma al demonio ya la vez te vienen la idea de que luchar\u00e1n para que todas las personas puedan ser ricas, si se esfuerzan. La meritocracia como cortina de humo. \u00bfCu\u00e1ntos gobiernos progresistas llegar\u00e1n con cargas populistas de masas porque la izquierda, la de verdad, no hace los deberes, porque no hace de izquierda?<\/p>\n\n\n\n<p class=\"wp-block-paragraph\">Todo este sistema pendular de la historia ser\u00eda menos nefasto si las clases medias y pobres reconocieran lo que realmente somos: elementos manipulables siempre m\u00e1s pr\u00f3ximos a ser pobres que a pertenecer a las \u00e9lites que gobiernan exclusivamente por su propio beneficio, unas clases altas que si necesitan empobrecer a la clase media, lo har\u00e1n, sin escr\u00fapulos. Y sobre todo, que la clase media no quiere ser clase media. Quiere ser algo que no ser\u00e1 nunca y -a la vez- teme ser algo que no es, pero que puede llegar a ser, f\u00e1cilmente: clase baja.<\/p>\n\n\n\n<p class=\"wp-block-paragraph\">En definitiva, el triunfo del hijo de migrantes nazis no es una anomal\u00eda: es un proceso donde lo que sorprende no es que la centroizquierda pierda pese a trabajar por los derechos de todos, sino que la gente continua votando por miedo, por ignorancia y por costumbre. Una costumbre terca de necesitar sentir la manipulaci\u00f3n y la presi\u00f3n del yugo del due\u00f1o junto a la esperanza y quimera que alg\u00fan d\u00eda t\u00fa ser\u00e1s t\u00fa el due\u00f1o del yugo y de la bota que oprime.<\/p>\n\n\n\n<p class=\"wp-block-paragraph\">Pese a todo lo anterior, debemos ser conscientes de que las derrotas electorales nunca han anulado la lucha por los derechos. Gobierne quien gobierne, los proyectos pol\u00edticos de los pueblos no pueden asentarse en cargos pol\u00edticos ni elecciones, sino en la organizaci\u00f3n, en la educaci\u00f3n y en una presencia en la pol\u00edtica con agendas reales y contundentes y no s\u00f3lo aparecer cada cuatro a\u00f1os.&nbsp;<\/p>\n\n\n\n<p class=\"wp-block-paragraph\">Si no, preg\u00fantele a las mujeres. Preg\u00fantele a las feministas.<\/p>\n","protected":false},"excerpt":{"rendered":"<p>Fabiola Llanos SemM\u00e9xico\/La Independen, Barcelona, Catalu\u00f1a, 4 de enero, 2026.- Este 14 de diciembre Chile ha perdido contra el fascismo y quienes hoy se consideran el bloque pol\u00edtico de los \u201cperdedores\u201d, tienen la convicci\u00f3n de que la gente se equivoc\u00f3. Como si el resultado, producto de un 58% de quienes votaron el pasado domingo, no [&hellip;]<\/p>\n","protected":false},"author":3,"featured_media":101586,"comment_status":"open","ping_status":"open","sticky":false,"template":"","format":"standard","meta":{"_monsterinsights_skip_tracking":false,"footnotes":""},"categories":[694,53],"tags":[],"class_list":["post-101585","post","type-post","status-publish","format-standard","has-post-thumbnail","category-destacadas","category-internacional"],"_links":{"self":[{"href":"https:\/\/redsemlac.com\/semmexico\/wp-json\/wp\/v2\/posts\/101585","targetHints":{"allow":["GET"]}}],"collection":[{"href":"https:\/\/redsemlac.com\/semmexico\/wp-json\/wp\/v2\/posts"}],"about":[{"href":"https:\/\/redsemlac.com\/semmexico\/wp-json\/wp\/v2\/types\/post"}],"author":[{"embeddable":true,"href":"https:\/\/redsemlac.com\/semmexico\/wp-json\/wp\/v2\/users\/3"}],"replies":[{"embeddable":true,"href":"https:\/\/redsemlac.com\/semmexico\/wp-json\/wp\/v2\/comments?post=101585"}],"version-history":[{"count":0,"href":"https:\/\/redsemlac.com\/semmexico\/wp-json\/wp\/v2\/posts\/101585\/revisions"}],"wp:featuredmedia":[{"embeddable":true,"href":"https:\/\/redsemlac.com\/semmexico\/wp-json\/wp\/v2\/media\/101586"}],"wp:attachment":[{"href":"https:\/\/redsemlac.com\/semmexico\/wp-json\/wp\/v2\/media?parent=101585"}],"wp:term":[{"taxonomy":"category","embeddable":true,"href":"https:\/\/redsemlac.com\/semmexico\/wp-json\/wp\/v2\/categories?post=101585"},{"taxonomy":"post_tag","embeddable":true,"href":"https:\/\/redsemlac.com\/semmexico\/wp-json\/wp\/v2\/tags?post=101585"}],"curies":[{"name":"wp","href":"https:\/\/api.w.org\/{rel}","templated":true}]}}