{"id":101582,"date":"2026-01-03T20:25:43","date_gmt":"2026-01-04T02:25:43","guid":{"rendered":"https:\/\/redsemlac.com\/semmexico\/?p=101582"},"modified":"2026-01-03T20:25:44","modified_gmt":"2026-01-04T02:25:44","slug":"america-latina-trabaja-en-una-respuesta-unida-tras-ataque-de-eu-a-venezuela-sheinbaum-pardo","status":"publish","type":"post","link":"https:\/\/redsemlac.com\/semmexico\/america-latina-trabaja-en-una-respuesta-unida-tras-ataque-de-eu-a-venezuela-sheinbaum-pardo\/","title":{"rendered":"Am\u00e9rica Latina trabaja en una respuesta unida tras ataque de EU a Venezuela: Sheinbaum Pardo"},"content":{"rendered":"\n<p class=\"wp-block-paragraph\">M\u00e9xico emiti\u00f3 un primer posicionamiento a trav\u00e9s de la SRE\u00a0\/\u00a0Foto: Reuters<\/p>\n\n\n\n<p class=\"wp-block-paragraph\">Sin precisar los pa\u00edses, la presidenta Claudia Sheinbaum dijo que fue buscada por l\u00edderes de otras regiones de Am\u00e9rica Latina para emitir un posicionamiento adicional conjunto<\/p>\n\n\n\n<p class=\"wp-block-paragraph\">Redacci\u00f3n<\/p>\n\n\n\n<p class=\"wp-block-paragraph\">SemM\u00e9xico\/El Sol de M\u00e9xico\/EFE, Cd. de M\u00e9xico, 3 de enero, 2026.- La presidenta de M\u00e9xico,&nbsp;Claudia Sheinbaum Pardo, afirm\u00f3 este s\u00e1bado que&nbsp;mandatarios de otros pa\u00edses&nbsp;han buscado a su Gobierno tras la&nbsp;intervenci\u00f3n militar de Estados Unidos en Venezuela&nbsp;y anticip\u00f3 que alistan un&nbsp;pronunciamiento regional conjunto, sin precisar qu\u00e9 naciones participar\u00edan.<\/p>\n\n\n\n<p class=\"wp-block-paragraph\">\u201cOtros presidentes han estado busc\u00e1ndonos y ya pues m\u00e1s tarde o ma\u00f1ana veremos un&nbsp;posicionamiento adicional. Es muy importante para&nbsp;Am\u00e9rica Latina&nbsp;mantenernos juntos\u201d, se\u00f1al\u00f3 Sheinbaum cuestionada por medios en su visita en el central estado de Tlaxcala, a la vez que&nbsp;descart\u00f3, \u201cpor lo pronto\u201d,&nbsp;una llamada con el presidente estadounidense, Donald Trump.<\/p>\n\n\n\n<p class=\"wp-block-paragraph\">La mandataria a\u00f1adi\u00f3 que el marco multilateral debe prevalecer y cit\u00f3 la&nbsp;Carta de las Naciones Unidas&nbsp;al reiterar que \u201ccondenamos esta intervenci\u00f3n en Venezuela\u201d.<\/p>\n\n\n\n<p class=\"wp-block-paragraph\">Sheinbaum sostuvo que&nbsp;M\u00e9xico ya emiti\u00f3 un posicionamiento&nbsp;con la Secretar\u00eda de Relaciones Exteriores (SRE) y reiter\u00f3 que su Gobierno se gu\u00eda por los&nbsp;principios constitucionales de pol\u00edtica exterior, en particular la&nbsp;no intervenci\u00f3n&nbsp;y la soluci\u00f3n pac\u00edfica de controversias.<\/p>\n\n\n\n<p class=\"wp-block-paragraph\">\u201cNosotros defendemos la doctrina Estrada y lo que representa la&nbsp;pol\u00edtica exterior&nbsp;de nuestro pa\u00eds, que est\u00e1 establecida en la&nbsp;Constituci\u00f3n, que est\u00e1 en contra de las&nbsp;intervenciones&nbsp;y a favor de la soluci\u00f3n pac\u00edfica de cualquier conflicto\u201d, dijo.<\/p>\n\n\n\n<p class=\"wp-block-paragraph\">Y en este sentido, subray\u00f3 que \u201cel art\u00edculo segundo de la Carta de Naciones Unidas establece claramente que&nbsp;no debe haber intervenci\u00f3n militar, sino una&nbsp;soluci\u00f3n multilateral&nbsp;dentro del marco de Naciones Unidas\u201d.<\/p>\n\n\n\n<p class=\"wp-block-paragraph\">Por \u00faltimo, Sheinbaum abord\u00f3 el escenario&nbsp;bilateral con Estados Unidos&nbsp;luego de que Trump insisti\u00f3 en se\u00f1alamientos sobre el&nbsp;narcotr\u00e1fico&nbsp;y la influencia de los c\u00e1rteles en M\u00e9xico.<\/p>\n\n\n\n<p class=\"wp-block-paragraph\">La presidenta asegur\u00f3 que esos dichos \u201cno son nuevos\u201d y subray\u00f3 que existe \u201cuna muy buena relaci\u00f3n\u201d en&nbsp;seguridad, con \u201ccomunicaci\u00f3n\u201d y un \u201centendimiento\u201d construido en reuniones previas.<\/p>\n\n\n\n<p class=\"wp-block-paragraph\"><strong>Colaboraci\u00f3n, coordinaci\u00f3n, pero no subordinaci\u00f3n<\/strong><\/p>\n\n\n\n<p class=\"wp-block-paragraph\">La mandataria mexicana asegur\u00f3 que el v\u00ednculo con EU se mantiene mediante la Canciller\u00eda, mientras se preparan&nbsp;nuevos posicionamientos&nbsp;tras contactos con otros&nbsp;l\u00edderes de la regi\u00f3n latinoamericana.<\/p>\n\n\n\n<p class=\"wp-block-paragraph\">Cuestionada sobre el futuro de la&nbsp;relaci\u00f3n de M\u00e9xico con Venezuela&nbsp;ante el anuncio de Trump de que Washington \u201cva a gobernar\u201d el pa\u00eds hasta una transici\u00f3n, Sheinbaum indic\u00f3 que lo revisar\u00e1 \u201ccon el equipo de Gobierno, con la&nbsp;Secretar\u00eda de Relaciones Exteriores\u201d, sin precisar.<\/p>\n","protected":false},"excerpt":{"rendered":"<p>M\u00e9xico emiti\u00f3 un primer posicionamiento a trav\u00e9s de la SRE\u00a0\/\u00a0Foto: Reuters Sin precisar los pa\u00edses, la presidenta Claudia Sheinbaum dijo que fue buscada por l\u00edderes de otras regiones de Am\u00e9rica Latina para emitir un posicionamiento adicional conjunto Redacci\u00f3n SemM\u00e9xico\/El Sol de M\u00e9xico\/EFE, Cd. de M\u00e9xico, 3 de enero, 2026.- La presidenta de M\u00e9xico,&nbsp;Claudia Sheinbaum Pardo, [&hellip;]<\/p>\n","protected":false},"author":3,"featured_media":101583,"comment_status":"open","ping_status":"open","sticky":false,"template":"","format":"standard","meta":{"_monsterinsights_skip_tracking":false,"footnotes":""},"categories":[897],"tags":[],"class_list":["post-101582","post","type-post","status-publish","format-standard","has-post-thumbnail","category-especial"],"_links":{"self":[{"href":"https:\/\/redsemlac.com\/semmexico\/wp-json\/wp\/v2\/posts\/101582","targetHints":{"allow":["GET"]}}],"collection":[{"href":"https:\/\/redsemlac.com\/semmexico\/wp-json\/wp\/v2\/posts"}],"about":[{"href":"https:\/\/redsemlac.com\/semmexico\/wp-json\/wp\/v2\/types\/post"}],"author":[{"embeddable":true,"href":"https:\/\/redsemlac.com\/semmexico\/wp-json\/wp\/v2\/users\/3"}],"replies":[{"embeddable":true,"href":"https:\/\/redsemlac.com\/semmexico\/wp-json\/wp\/v2\/comments?post=101582"}],"version-history":[{"count":0,"href":"https:\/\/redsemlac.com\/semmexico\/wp-json\/wp\/v2\/posts\/101582\/revisions"}],"wp:featuredmedia":[{"embeddable":true,"href":"https:\/\/redsemlac.com\/semmexico\/wp-json\/wp\/v2\/media\/101583"}],"wp:attachment":[{"href":"https:\/\/redsemlac.com\/semmexico\/wp-json\/wp\/v2\/media?parent=101582"}],"wp:term":[{"taxonomy":"category","embeddable":true,"href":"https:\/\/redsemlac.com\/semmexico\/wp-json\/wp\/v2\/categories?post=101582"},{"taxonomy":"post_tag","embeddable":true,"href":"https:\/\/redsemlac.com\/semmexico\/wp-json\/wp\/v2\/tags?post=101582"}],"curies":[{"name":"wp","href":"https:\/\/api.w.org\/{rel}","templated":true}]}}