{"id":101570,"date":"2026-01-03T20:19:13","date_gmt":"2026-01-04T02:19:13","guid":{"rendered":"https:\/\/redsemlac.com\/semmexico\/?p=101570"},"modified":"2026-01-03T20:20:01","modified_gmt":"2026-01-04T02:20:01","slug":"las-mujeres-de-america-latina-y-el-caribe-decimos-no-a-la-guerra","status":"publish","type":"post","link":"https:\/\/redsemlac.com\/semmexico\/las-mujeres-de-america-latina-y-el-caribe-decimos-no-a-la-guerra\/","title":{"rendered":"Las mujeres de Am\u00e9rica Latina y el Caribe decimos NO a la guerra"},"content":{"rendered":"\n<figure class=\"wp-block-image size-large\"><a href=\"https:\/\/redsemlac.com\/semmexico\/wp-content\/uploads\/2026\/01\/cladem-venezuela-01.jpg\"><img loading=\"lazy\" decoding=\"async\" width=\"820\" height=\"1024\" src=\"https:\/\/redsemlac.com\/semmexico\/wp-content\/uploads\/2026\/01\/cladem-venezuela-01-820x1024.jpg\" alt=\"\" class=\"wp-image-101573\" srcset=\"https:\/\/redsemlac.com\/semmexico\/wp-content\/uploads\/2026\/01\/cladem-venezuela-01-820x1024.jpg 820w, https:\/\/redsemlac.com\/semmexico\/wp-content\/uploads\/2026\/01\/cladem-venezuela-01-240x300.jpg 240w, https:\/\/redsemlac.com\/semmexico\/wp-content\/uploads\/2026\/01\/cladem-venezuela-01-768x960.jpg 768w, https:\/\/redsemlac.com\/semmexico\/wp-content\/uploads\/2026\/01\/cladem-venezuela-01-150x187.jpg 150w, https:\/\/redsemlac.com\/semmexico\/wp-content\/uploads\/2026\/01\/cladem-venezuela-01-300x375.jpg 300w, https:\/\/redsemlac.com\/semmexico\/wp-content\/uploads\/2026\/01\/cladem-venezuela-01-696x870.jpg 696w, https:\/\/redsemlac.com\/semmexico\/wp-content\/uploads\/2026\/01\/cladem-venezuela-01.jpg 986w\" sizes=\"auto, (max-width: 820px) 100vw, 820px\" \/><\/a><\/figure>\n\n\n\n<p class=\"wp-block-paragraph\">Advierte la organizaci\u00f3n la condici\u00f3n de las mujeres en Venezuela, llama a la paz<\/p>\n\n\n\n<p class=\"wp-block-paragraph\">Guadalupe Ramos Ponce<\/p>\n\n\n\n<p class=\"wp-block-paragraph\">SemM\u00e9xico, Guadalajara, Jalisco,3 de enero, 2025.- Desde el Comit\u00e9 de Am\u00e9rica Latina y el Caribe para la Defensa de los Derechos de las Mujeres (CLADEM), \u201c rechazamos y denunciamos la grav\u00edsima agresi\u00f3n militar perpetrada por el Gobierno de los Estados Unidos contra la Rep\u00fablica Bolivariana de Venezuela en la madrugada del 3 de enero de 2026\u201d, se\u00f1ala un comunicado de CLADEM hoy..<\/p>\n\n\n\n<p class=\"wp-block-paragraph\">Explica que \u201cLas mujeres sabemos que una invasi\u00f3n militar atenta contra el derecho a la vida, a la paz, a la autodeterminaci\u00f3n y a vivir libres de violencia\u201d<\/p>\n\n\n\n<p class=\"wp-block-paragraph\">Esta ofensiva constituye una violaci\u00f3n flagrante del derecho internacional humanitario, de la Carta de las Naciones Unidas y de los derechos humanos fundamentales de todo un pueblo.<\/p>\n\n\n\n<figure class=\"wp-block-image size-full\"><a href=\"https:\/\/redsemlac.com\/semmexico\/wp-content\/uploads\/2026\/01\/cladem-venezuela-02.jpg\"><img loading=\"lazy\" decoding=\"async\" width=\"364\" height=\"138\" src=\"https:\/\/redsemlac.com\/semmexico\/wp-content\/uploads\/2026\/01\/cladem-venezuela-02.jpg\" alt=\"\" class=\"wp-image-101571\" srcset=\"https:\/\/redsemlac.com\/semmexico\/wp-content\/uploads\/2026\/01\/cladem-venezuela-02.jpg 364w, https:\/\/redsemlac.com\/semmexico\/wp-content\/uploads\/2026\/01\/cladem-venezuela-02-300x114.jpg 300w, https:\/\/redsemlac.com\/semmexico\/wp-content\/uploads\/2026\/01\/cladem-venezuela-02-150x57.jpg 150w\" sizes=\"auto, (max-width: 364px) 100vw, 364px\" \/><\/a><\/figure>\n\n\n\n<p class=\"wp-block-paragraph\"><strong>Denuncian<\/strong><\/p>\n\n\n\n<p class=\"wp-block-paragraph\">Que detr\u00e1s de esta agresi\u00f3n militar est\u00e1 la codicia por los recursos estrat\u00e9gicos venezolanos, perpetuando una l\u00f3gica colonial y patriarcal que ve a nuestros pueblos y territorios como bot\u00edn de guerra.<\/p>\n\n\n\n<p class=\"wp-block-paragraph\"><strong>Como mujeres defensoras de derechos humanos, exigimos:<\/strong><\/p>\n\n\n\n<p class=\"wp-block-paragraph\">\ud83d\udd4a\ufe0f Cese inmediato de todas las acciones militares contra Venezuela y respeto irrestricto a la integridad f\u00edsica y psicol\u00f3gica de la poblaci\u00f3n civil, especialmente de mujeres, ni\u00f1as, ni\u00f1os y personas en situaci\u00f3n de vulnerabilidad.<\/p>\n\n\n\n<p class=\"wp-block-paragraph\">\ud83d\udd4a\ufe0f Respeto al derecho internacional humanitario y a los tratados que protegen a la poblaci\u00f3n civil en contextos de conflicto armado.<\/p>\n\n\n\n<p class=\"wp-block-paragraph\">\ud83d\udd4a\ufe0f Garant\u00edas para la vida y seguridad de todas las personas afectadas por esta agresi\u00f3n.<\/p>\n\n\n\n<p class=\"wp-block-paragraph\">\ud83d\udd4a\ufe0f Pronunciamiento claro de los organismos internacionales de derechos humanos, de los mecanismos de protecci\u00f3n de mujeres y de todos los gobiernos comprometidos con la paz.<\/p>\n\n\n\n<p class=\"wp-block-paragraph\">La guerra es una forma de violencia patriarcal que destruye la vida. La defensa de los derechos humanos es incompatible con la guerra. \u00a1No a la guerra! \u00a1S\u00ed a la paz y la autodeterminaci\u00f3n de los pueblos! . Sin mujeres no hay paz. Sin paz no hay justicia.<\/p>\n\n\n\n<p class=\"wp-block-paragraph\">#ClademContraLaGuerra #MujeresPorLaPaz #NoALaGuerra #DerechosHumanos #PazConJusticia #Soberan\u00edaPopular #Am\u00e9ricaLatinaYElCaribe #Venezuela<\/p>\n\n\n\n<figure class=\"wp-block-image size-large\"><a href=\"https:\/\/redsemlac.com\/semmexico\/wp-content\/uploads\/2026\/01\/cladem-venezuela-03.jpg\"><img loading=\"lazy\" decoding=\"async\" width=\"723\" height=\"1024\" src=\"https:\/\/redsemlac.com\/semmexico\/wp-content\/uploads\/2026\/01\/cladem-venezuela-03-723x1024.jpg\" alt=\"\" class=\"wp-image-101572\" srcset=\"https:\/\/redsemlac.com\/semmexico\/wp-content\/uploads\/2026\/01\/cladem-venezuela-03-723x1024.jpg 723w, https:\/\/redsemlac.com\/semmexico\/wp-content\/uploads\/2026\/01\/cladem-venezuela-03-212x300.jpg 212w, https:\/\/redsemlac.com\/semmexico\/wp-content\/uploads\/2026\/01\/cladem-venezuela-03-768x1088.jpg 768w, https:\/\/redsemlac.com\/semmexico\/wp-content\/uploads\/2026\/01\/cladem-venezuela-03-150x212.jpg 150w, https:\/\/redsemlac.com\/semmexico\/wp-content\/uploads\/2026\/01\/cladem-venezuela-03-300x425.jpg 300w, https:\/\/redsemlac.com\/semmexico\/wp-content\/uploads\/2026\/01\/cladem-venezuela-03-696x986.jpg 696w, https:\/\/redsemlac.com\/semmexico\/wp-content\/uploads\/2026\/01\/cladem-venezuela-03.jpg 836w\" sizes=\"auto, (max-width: 723px) 100vw, 723px\" \/><\/a><\/figure>\n","protected":false},"excerpt":{"rendered":"<p>Advierte la organizaci\u00f3n la condici\u00f3n de las mujeres en Venezuela, llama a la paz Guadalupe Ramos Ponce SemM\u00e9xico, Guadalajara, Jalisco,3 de enero, 2025.- Desde el Comit\u00e9 de Am\u00e9rica Latina y el Caribe para la Defensa de los Derechos de las Mujeres (CLADEM), \u201c rechazamos y denunciamos la grav\u00edsima agresi\u00f3n militar perpetrada por el Gobierno de [&hellip;]<\/p>\n","protected":false},"author":3,"featured_media":101574,"comment_status":"open","ping_status":"open","sticky":false,"template":"","format":"standard","meta":{"_monsterinsights_skip_tracking":false,"footnotes":""},"categories":[694,897],"tags":[],"class_list":["post-101570","post","type-post","status-publish","format-standard","has-post-thumbnail","category-destacadas","category-especial"],"_links":{"self":[{"href":"https:\/\/redsemlac.com\/semmexico\/wp-json\/wp\/v2\/posts\/101570","targetHints":{"allow":["GET"]}}],"collection":[{"href":"https:\/\/redsemlac.com\/semmexico\/wp-json\/wp\/v2\/posts"}],"about":[{"href":"https:\/\/redsemlac.com\/semmexico\/wp-json\/wp\/v2\/types\/post"}],"author":[{"embeddable":true,"href":"https:\/\/redsemlac.com\/semmexico\/wp-json\/wp\/v2\/users\/3"}],"replies":[{"embeddable":true,"href":"https:\/\/redsemlac.com\/semmexico\/wp-json\/wp\/v2\/comments?post=101570"}],"version-history":[{"count":0,"href":"https:\/\/redsemlac.com\/semmexico\/wp-json\/wp\/v2\/posts\/101570\/revisions"}],"wp:featuredmedia":[{"embeddable":true,"href":"https:\/\/redsemlac.com\/semmexico\/wp-json\/wp\/v2\/media\/101574"}],"wp:attachment":[{"href":"https:\/\/redsemlac.com\/semmexico\/wp-json\/wp\/v2\/media?parent=101570"}],"wp:term":[{"taxonomy":"category","embeddable":true,"href":"https:\/\/redsemlac.com\/semmexico\/wp-json\/wp\/v2\/categories?post=101570"},{"taxonomy":"post_tag","embeddable":true,"href":"https:\/\/redsemlac.com\/semmexico\/wp-json\/wp\/v2\/tags?post=101570"}],"curies":[{"name":"wp","href":"https:\/\/api.w.org\/{rel}","templated":true}]}}