{"id":101566,"date":"2026-01-03T20:13:07","date_gmt":"2026-01-04T02:13:07","guid":{"rendered":"https:\/\/redsemlac.com\/semmexico\/?p=101566"},"modified":"2026-01-03T20:13:08","modified_gmt":"2026-01-04T02:13:08","slug":"cae-nicolas-maduro-estados-unidos-ataca-a-venezuela-y-captura-a-dictador-y-su-esposa","status":"publish","type":"post","link":"https:\/\/redsemlac.com\/semmexico\/cae-nicolas-maduro-estados-unidos-ataca-a-venezuela-y-captura-a-dictador-y-su-esposa\/","title":{"rendered":"Cae Nicol\u00e1s Maduro. Estados Unidos ataca a Venezuela y captura a dictador y su esposa"},"content":{"rendered":"\n<p class=\"wp-block-paragraph\">Redacci\u00f3n<\/p>\n\n\n\n<p class=\"wp-block-paragraph\">SemM\u00e9xico\/ La Aldea de la Informaci\u00f3n , Cd. de M\u00e9xico, 3 de enero, 2026.-El presidente de Estados Unidos, Donald Trump, ha confirmado un operativo militar contra Venezuela y la captura del dictador Nicol\u00e1s Maduro y su esposa, quienes fueron sacados del pa\u00eds, seg\u00fan una declaraci\u00f3n divulgada por el gobernante en sus redes sociales y republicada por la secretar\u00eda de Prensa de la Casa Blanca.<\/p>\n\n\n\n<p class=\"wp-block-paragraph\">Trump anunci\u00f3 que Maduro \u201cfue capturado y trasladado fuera del pa\u00eds junto con su esposa\u201d.<\/p>\n\n\n\n<p class=\"wp-block-paragraph\">Horas antes, fuertes explosiones y ruidos similares a los de aviones sobrevolando la zona se produjeron alrededor de las 02H00 locales de este s\u00e1bado en Caracas, constataron periodistas de la AFP en la capital venezolana.<\/p>\n\n\n\n<p class=\"wp-block-paragraph\">El r\u00e9gimen de Nicol\u00e1s Maduro ha confirmado los ataques y ha acusado a Estados Unidos.<\/p>\n\n\n\n<p class=\"wp-block-paragraph\">Los estallidos se producen despu\u00e9s de que el presidente estadounidense, Donald Trump, que ha desplegado una flota de buques de combate en el Caribe, mencionara la posibilidad de ataques sobre el territorio de Venezuela y afirmara que los d\u00edas en el poder del mandatario Maduro \u201cest\u00e1n contados\u201d.<\/p>\n\n\n\n<figure class=\"wp-block-image size-full\"><a href=\"https:\/\/redsemlac.com\/semmexico\/wp-content\/uploads\/2026\/01\/capturan-a-maduro-02.jpg\"><img loading=\"lazy\" decoding=\"async\" width=\"776\" height=\"674\" src=\"https:\/\/redsemlac.com\/semmexico\/wp-content\/uploads\/2026\/01\/capturan-a-maduro-02.jpg\" alt=\"\" class=\"wp-image-101568\" srcset=\"https:\/\/redsemlac.com\/semmexico\/wp-content\/uploads\/2026\/01\/capturan-a-maduro-02.jpg 776w, https:\/\/redsemlac.com\/semmexico\/wp-content\/uploads\/2026\/01\/capturan-a-maduro-02-300x261.jpg 300w, https:\/\/redsemlac.com\/semmexico\/wp-content\/uploads\/2026\/01\/capturan-a-maduro-02-768x667.jpg 768w, https:\/\/redsemlac.com\/semmexico\/wp-content\/uploads\/2026\/01\/capturan-a-maduro-02-150x130.jpg 150w, https:\/\/redsemlac.com\/semmexico\/wp-content\/uploads\/2026\/01\/capturan-a-maduro-02-696x605.jpg 696w\" sizes=\"auto, (max-width: 776px) 100vw, 776px\" \/><\/a><\/figure>\n\n\n\n<p class=\"wp-block-paragraph\">Im\u00e1genes sin verificar compartidas en redes sociales muestran grandes incendios con columnas de humo, aunque sin elementos para ubicar con exactitud el lugar preciso de los estallidos, que parecen producirse en el sur y el este de la ciudad. Sin embargo, minutos despu\u00e9s el r\u00e9gimen venezolano confirm\u00f3 una \u201cgrav\u00edsima agresi\u00f3n militar\u201d por parte de Estados Unidos y declar\u00f3 un estado de excepci\u00f3n.<\/p>\n\n\n\n<p class=\"wp-block-paragraph\">\u201cVenezuela rechaza, repudia y denuncia ante la comunidad internacional la grav\u00edsima agresi\u00f3n militar perpetrada por el gobierno actual de los Estados Unidos de Am\u00e9rica contra territorio y poblaci\u00f3n venezolanos\u201d, dice un comunicado de gobierno del presidente Nicol\u00e1s Maduro, qui\u00e9n llam\u00f3 a movilizaciones.<\/p>\n\n\n\n<p class=\"wp-block-paragraph\"><strong>Sobrevuelo de aviones<\/strong><\/p>\n\n\n\n<p class=\"wp-block-paragraph\">Otra explosi\u00f3n se sinti\u00f3 a las 02H38 en la capital, al tiempo que segu\u00eda el sobrevuelo de aeronaves.<\/p>\n\n\n\n<p class=\"wp-block-paragraph\">\u201cEstaba dormida y me despierta mi novia y me dice que est\u00e1n bombardeando. No veo las explosiones, pero escucho los aviones\u201d, cuenta a la AFP Francis Pe\u00f1a, comunicadora de 29 a\u00f1os que vive en el este de Caracas.<\/p>\n\n\n\n<p class=\"wp-block-paragraph\">\u201cEscuch\u00e9 explosiones desde las dos de la ma\u00f1ana. Hay pausas y vuelven. Ahora mismo sigo escuchando\u201d, dijo una pensionada de 67 a\u00f1os que pidi\u00f3 anonimato.<\/p>\n\n\n\n<p class=\"wp-block-paragraph\">\u201cLas ventanas retumbaron, me escond\u00ed en un cuarto sin ventanas\u201d, cuenta la mujer que vive en un barrio aleda\u00f1o a Fuerte Tiuna, el mayor complejo militar de Caracas.<\/p>\n\n\n\n<p class=\"wp-block-paragraph\">Tambi\u00e9n cercano a Fuerte Tiuna, Emmanuel Parabavis, 29 a\u00f1os de edad, residente de El Valle, cuenta que \u201cest\u00e1 sonando como una ametralladora, como en defensa contra los bombarderos\u201d.<\/p>\n\n\n\n<p class=\"wp-block-paragraph\">\u201cSe escuchan muchas detonaciones y disparos, nos imaginamos (\u2026) contra los aviones que est\u00e1n sobrevolando por aqu\u00ed\u201d.<\/p>\n\n\n\n<p class=\"wp-block-paragraph\">En la cercana ciudad costera de La Guaira (norte), apenas separada de la capital por una monta\u00f1a que enmarca el valle de Caracas, tambi\u00e9n se registraron explosiones cerca de las 02H00 locales. Videos a los que tuvo acceso la AFP muestran columnas de humo grises y naranja en la l\u00ednea costera.<\/p>\n\n\n\n<p class=\"wp-block-paragraph\"><strong>Los se\u00f1alamientos de Washington<\/strong><\/p>\n\n\n\n<p class=\"wp-block-paragraph\">Trump afirm\u00f3 el lunes que Estados Unidos hab\u00eda destruido una zona de atraque utilizada por embarcaciones acusadas de participar en el narcotr\u00e1fico en Venezuela, lo que ser\u00eda el primer ataque terrestre estadounidense en suelo venezolano.<\/p>\n\n\n\n<p class=\"wp-block-paragraph\">Maduro, por su parte, se mostr\u00f3 confiado en una entrevista difundida el jueves.&nbsp;<\/p>\n\n\n\n<p class=\"wp-block-paragraph\">\u201cEl sistema defensivo nacional ha garantizado y garantiza la integridad territorial, la paz del pa\u00eds y el uso y disfrute de todos nuestros territorios\u201d, dijo el mandatario.<\/p>\n\n\n\n<p class=\"wp-block-paragraph\">Trump acusa a Maduro de estar al frente de una amplia red de narcotr\u00e1fico, se\u00f1alamiento que Caracas niega al alegar que Washington quiere derrocarlo para apoderarse de las reservas de petr\u00f3leo del pa\u00eds, las m\u00e1s grandes del planeta.<\/p>\n\n\n\n<p class=\"wp-block-paragraph\">Una de las primeras reacciones en conocerse es la del presidente colombiano Gustavo Petro, quien denunci\u00f3 un ataque \u201ccon misiles\u201d contra Caracas.<\/p>\n\n\n\n<p class=\"wp-block-paragraph\">\u201cAlerta todo el mundo han atacado a Venezuela\u201d, escribi\u00f3 el mandatario colombiano, cercano a Maduro, en la red X.<\/p>\n\n\n\n<p class=\"wp-block-paragraph\">El presidente izquierdista solicit\u00f3 una reuni\u00f3n \u201cde inmediato\u201d de la OEA y la ONU para \u201cestablecer la legalidad internacional de la<\/p>\n\n\n\n<p class=\"wp-block-paragraph\">agresi\u00f3n\u201d contra el pa\u00eds vecino.<\/p>\n\n\n\n<p class=\"wp-block-paragraph\">Tomado de:&nbsp;<a href=\"https:\/\/www.laprensani.com\/\">https:\/\/www.laprensani.com\/<\/a><\/p>\n\n\n\n<p class=\"wp-block-paragraph\"><\/p>\n","protected":false},"excerpt":{"rendered":"<p>Redacci\u00f3n SemM\u00e9xico\/ La Aldea de la Informaci\u00f3n , Cd. de M\u00e9xico, 3 de enero, 2026.-El presidente de Estados Unidos, Donald Trump, ha confirmado un operativo militar contra Venezuela y la captura del dictador Nicol\u00e1s Maduro y su esposa, quienes fueron sacados del pa\u00eds, seg\u00fan una declaraci\u00f3n divulgada por el gobernante en sus redes sociales y [&hellip;]<\/p>\n","protected":false},"author":3,"featured_media":101567,"comment_status":"open","ping_status":"open","sticky":false,"template":"","format":"standard","meta":{"_monsterinsights_skip_tracking":false,"footnotes":""},"categories":[897],"tags":[],"class_list":["post-101566","post","type-post","status-publish","format-standard","has-post-thumbnail","category-especial"],"_links":{"self":[{"href":"https:\/\/redsemlac.com\/semmexico\/wp-json\/wp\/v2\/posts\/101566","targetHints":{"allow":["GET"]}}],"collection":[{"href":"https:\/\/redsemlac.com\/semmexico\/wp-json\/wp\/v2\/posts"}],"about":[{"href":"https:\/\/redsemlac.com\/semmexico\/wp-json\/wp\/v2\/types\/post"}],"author":[{"embeddable":true,"href":"https:\/\/redsemlac.com\/semmexico\/wp-json\/wp\/v2\/users\/3"}],"replies":[{"embeddable":true,"href":"https:\/\/redsemlac.com\/semmexico\/wp-json\/wp\/v2\/comments?post=101566"}],"version-history":[{"count":0,"href":"https:\/\/redsemlac.com\/semmexico\/wp-json\/wp\/v2\/posts\/101566\/revisions"}],"wp:featuredmedia":[{"embeddable":true,"href":"https:\/\/redsemlac.com\/semmexico\/wp-json\/wp\/v2\/media\/101567"}],"wp:attachment":[{"href":"https:\/\/redsemlac.com\/semmexico\/wp-json\/wp\/v2\/media?parent=101566"}],"wp:term":[{"taxonomy":"category","embeddable":true,"href":"https:\/\/redsemlac.com\/semmexico\/wp-json\/wp\/v2\/categories?post=101566"},{"taxonomy":"post_tag","embeddable":true,"href":"https:\/\/redsemlac.com\/semmexico\/wp-json\/wp\/v2\/tags?post=101566"}],"curies":[{"name":"wp","href":"https:\/\/api.w.org\/{rel}","templated":true}]}}