{"id":101562,"date":"2026-01-03T20:10:53","date_gmt":"2026-01-04T02:10:53","guid":{"rendered":"https:\/\/redsemlac.com\/semmexico\/?p=101562"},"modified":"2026-01-03T20:10:53","modified_gmt":"2026-01-04T02:10:53","slug":"mexico-en-la-encrucijadas-mientras-la-presidenta-de-mexico-condeno-la-intervencion-en-venezuela-repercute-en-el-mundo-el-desarrollo-de-los-acontecimientos","status":"publish","type":"post","link":"https:\/\/redsemlac.com\/semmexico\/mexico-en-la-encrucijadas-mientras-la-presidenta-de-mexico-condeno-la-intervencion-en-venezuela-repercute-en-el-mundo-el-desarrollo-de-los-acontecimientos\/","title":{"rendered":"M\u00e9xico en la encrucijadas: Mientras la presidenta de M\u00e9xico conden\u00f3 la intervenci\u00f3n en Venezuela, repercute en el mundo el desarrollo de los acontecimientos"},"content":{"rendered":"\n<p class=\"wp-block-paragraph\">Claudia Sheinbaum, Presidenta de M\u00e9xico. Foto: Cuartoscuro<\/p>\n\n\n\n<p class=\"wp-block-paragraph\">Sheinbaum Mantiene Postura de No Intervenci\u00f3n ante Detenci\u00f3n de Maduro por Fuerzas de EU<\/p>\n\n\n\n<p class=\"wp-block-paragraph\">El Senado de la&nbsp; Rep\u00fablica reprueba la invasi\u00f3n y la Canciller\u00eda hace condena expl\u00edcita<\/p>\n\n\n\n<p class=\"wp-block-paragraph\">Redacci\u00f3n<\/p>\n\n\n\n<p class=\"wp-block-paragraph\">SemM\u00e9xico, Cd. de M\u00e9xico, 3 de enero, 2026.- La presidenta de M\u00e9xico,&nbsp;Claudia Sheinbaum, se pronunci\u00f3 sobre la detenci\u00f3n de Nicol\u00e1s Maduro durante una intervenci\u00f3n militar de&nbsp;Estados Unidos en Caracas, Venezuela,&nbsp;y reiter\u00f3 la postura de su gobierno en favor del principio de no intervenci\u00f3n en los asuntos internos de otros pa\u00edses.<\/p>\n\n\n\n<p class=\"wp-block-paragraph\">De visita en Tlaxcala,&nbsp;Sheinbaum subray\u00f3 que la pol\u00edtica exterior mexicana se rige por la Doctrina Estrada y por lo establecido en la Constituci\u00f3n.<\/p>\n\n\n\n<p class=\"wp-block-paragraph\">\u201cNosotros defendemos la Doctrina Estrada y lo que representa la pol\u00edtica exterior de nuestro pa\u00eds, que est\u00e1 en contra de las intervenciones y a favor de la soluci\u00f3n pac\u00edfica de cualquier conflicto. De igual manera, el art\u00edculo segundo de la Carta de las Naciones Unidas establece claramente que no debe haber intervenci\u00f3n militar, sino una soluci\u00f3n multilateral dentro del marco de la ONU\u201d, afirm\u00f3.<\/p>\n\n\n\n<p class=\"wp-block-paragraph\">A\u00f1adi\u00f3 que, bajo estos principios,&nbsp;M\u00e9xico condena la intervenci\u00f3n en Venezuela y se mantendr\u00e1 atento al desarrollo de los acontecimientos.<\/p>\n\n\n\n<p class=\"wp-block-paragraph\">M\u00e9xico condena, las invasiones y los abusos militares de otros pa\u00edses hacia la soberan\u00eda de los gobiernos en mandados del pueblo Aqu\u00ed la oposici\u00f3n se saborear intervenci\u00f3n militar, puesto que no saben ni conocen de otra manera de vivir m\u00e1s que arrodillados un imperio Viva Venezuela, libre y soberana y mueran los imperialistas que pretenden colonizar a todo el mundo<\/p>\n\n\n\n\n\n<p class=\"wp-block-paragraph\"><strong>En otro tema<\/strong>, la presidenta fue cuestionada sobre las declaraciones del expresidente estadounidense Donald Trump en relaci\u00f3n con los c\u00e1rteles en M\u00e9xico. Al respecto, Sheinbaum asegur\u00f3 que existe una buena relaci\u00f3n entre ambos gobiernos.<\/p>\n\n\n\n<p class=\"wp-block-paragraph\"><strong>\u201c\u00c9l ha declarado esto en varias ocasiones; sin embargo, tenemos una muy buena relaci\u00f3n con Estados Unidos en temas de seguridad y otros asuntos\u201d, se\u00f1al\u00f3.<\/strong><\/p>\n\n\n\n<p class=\"wp-block-paragraph\">La mandataria destac\u00f3 que hay comunicaci\u00f3n y entendimiento en materia de seguridad, los cuales se han fortalecido a trav\u00e9s de diversas reuniones bilaterales, incluida una inicial con el secretario Marco Rubio y encuentros posteriores. \u201cComo siempre lo hemos dicho, hay colaboraci\u00f3n y coordinaci\u00f3n, pero no subordinaci\u00f3n\u201d, concluy\u00f3.<\/p>\n\n\n\n<p class=\"wp-block-paragraph\">\u00abHay Comunicaci\u00f3n con EUA\u00bb, Sheinbaum luego de Palabras de Trump sobre M\u00e9xico<\/p>\n\n\n\n<p class=\"wp-block-paragraph\"><strong>\u00bfSigue la relaci\u00f3n de M\u00e9xico con Venezuela?<\/strong><\/p>\n\n\n\n<p class=\"wp-block-paragraph\">Tras las declaraciones en las que se se\u00f1al\u00f3 que Estados Unidos gobernar\u00eda Venezuela, la presidenta indic\u00f3 que el tema ser\u00e1 analizado por su equipo de gobierno, en coordinaci\u00f3n con la Secretar\u00eda de Relaciones Exteriores, y siempre dentro del marco constitucional de M\u00e9xico. \u201cEsa es, hasta ahora, nuestra postura. Vamos a estar atentos a los acontecimientos y les seguiremos informando\u201d, afirm\u00f3.<\/p>\n\n\n\n<p class=\"wp-block-paragraph\"><strong><br>\u201cAlgo habr\u00e1 que hacer con M\u00e9xico\u201d: Trump asegura que ha insistido a Sheinbaum atacar a los c\u00e1rteles del narco<\/strong><\/p>\n\n\n\n<p class=\"wp-block-paragraph\">El mandatario norteamericano hizo la declaraci\u00f3n en una entrevista para Fox News, y dijo que en varias ocasiones le ha propuesto a la mandataria mexicana terminar con los grupos criminales<\/p>\n\n\n\n<p class=\"wp-block-paragraph\">Luego de que el ej\u00e9rcito de&nbsp;Estados Unidos&nbsp;interviniera en&nbsp;Venezuela&nbsp;para&nbsp;detener al dictador&nbsp;Nicol\u00e1s Maduro, el presidente estadounidense&nbsp; Donald Trump&nbsp;dijo que&nbsp;algo se tiene que hacer con M\u00e9xico, pues el pa\u00eds, asegur\u00f3,&nbsp;es gobernado por los c\u00e1rteles de la droga y no por la presidenta Claudia Sheinbaum Pardo.<a href=\"https:\/\/www.infobae.com\/mexico\/2026\/01\/03\/pension-del-bienestar-2026-este-seria-el-nuevo-calendario-de-pagos-para-enero\/\" target=\"_blank\" rel=\"noreferrer noopener\"><\/a><\/p>\n\n\n\n<p class=\"wp-block-paragraph\">Trump hizo la declaraci\u00f3n en una entrevista para&nbsp;Fox News,&nbsp;y dijo que&nbsp;en varias ocasiones le ha propuesto a la mandataria mexicana terminar con los c\u00e1rteles.<\/p>\n\n\n\n<p class=\"wp-block-paragraph\">\u201cAlgo habr\u00e1 que hacer con M\u00e9xico, le he preguntado muchas veces (a Sheinbaum):&nbsp;\u00bfQuieres que acabemos con los c\u00e1rteles?\u201d, asegur\u00f3 Trump.<\/p>\n\n\n\n<p class=\"wp-block-paragraph\">Al ser cuestionado sobre si la operaci\u00f3n llevada a cabo en&nbsp;Venezuela&nbsp;para&nbsp;detener a Maduro&nbsp;era un mensaje para&nbsp;M\u00e9xico&nbsp;y para la presidenta&nbsp;Claudia Sheinbaum, luego de que el vicepresidente&nbsp;JD Vance&nbsp;dijera que&nbsp;\u201cel tr\u00e1fico de drogas debe parar\u201d,&nbsp;Donald Trump&nbsp;se\u00f1al\u00f3 que tras los ataques en Caracas y la detenci\u00f3n del presidente venezolano y su esposa&nbsp;Cilia Flores no buscaba ser un mensaje para la mandataria mexicana.<\/p>\n\n\n\n<p class=\"wp-block-paragraph\">Dijo que hab\u00edan sido muy amigables con Sheinbaum, sin embargo, asegur\u00f3 que&nbsp;Sheinbaum estaba \u201cmuy asustada con los c\u00e1rteles\u201d, y que cuando le ha ofrecido ayuda contra los mismos, la respuesta ha sido:&nbsp;\u201cNo, no, por favor, se\u00f1or presidente, no\u201d.<\/p>\n\n\n\n<p class=\"wp-block-paragraph\">\u201cTendremos que hacer algo, porque&nbsp;perdemos 300 mil personas, el n\u00famero real podr\u00eda ser 100 mil,&nbsp;pero son muchos, por las drogas. Drogas que vienen por la frontera sur. Algo tenemos que hacer con M\u00e9xico\u201d, expuso.<\/p>\n\n\n\n<p class=\"wp-block-paragraph\"><strong>Propuestas de Trump para terminar con c\u00e1rteles mexicanos<\/strong><\/p>\n\n\n\n<p class=\"wp-block-paragraph\">Cabe se\u00f1alar que en varias ocasiones,&nbsp;Donald Trump&nbsp;ha declarado que&nbsp;M\u00e9xico es gobernado por los c\u00e1rteles de la droga.<\/p>\n\n\n\n<p class=\"wp-block-paragraph\">El pasado mes de octubre, tras se\u00f1alar que se acercaba una posible&nbsp;\u201cacci\u00f3n terrestre\u201d,&nbsp;sin especificar en d\u00f3nde, y arremeter contra el presidente de&nbsp;Colombia, Gustavo Petro,&nbsp;tambi\u00e9n habl\u00f3 sobre la situaci\u00f3n de M\u00e9xico.<\/p>\n\n\n\n<p class=\"wp-block-paragraph\">La presidenta Sheinbaum ha descartado el ingreso de EEUU a territorio mexicano para ayudar a combatir a los c\u00e1rteles de la droga.<\/p>\n\n\n\n<p class=\"wp-block-paragraph\">En esa ocasi\u00f3n, expres\u00f3 su respeto por la presidenta&nbsp;Claudia Sheinbaum, sin embargo, tambi\u00e9n dijo que&nbsp;M\u00e9xico era gobernado por los c\u00e1rteles de la droga.&nbsp;Dicha acusaci\u00f3n no es nueva, pues la ha hecho desde el inicio de su segundo mandato.<\/p>\n\n\n\n<p class=\"wp-block-paragraph\">\u201cVes un pa\u00eds como M\u00e9xico, y respeto de veras a su presidenta, y respeto a mucha gente all\u00ed, a muchos de sus l\u00edderes,&nbsp;pero tienen miedo en su propio pa\u00eds, porque esos carteles gobiernan esos pa\u00edses\u201d,&nbsp;dijo en esa ocasi\u00f3n Trump.<\/p>\n\n\n\n<p class=\"wp-block-paragraph\">\u201cM\u00e9xico est\u00e1 gobernado por los carteles.&nbsp;Tengo un gran respeto por la presidenta, una mujer que creo que es estupenda. Es una mujer muy valiente, pero&nbsp;M\u00e9xico est\u00e1 gobernado por los carteles,&nbsp;y nos tenemos que defender de eso\u201d, expuso el presidente estadounidense.<\/p>\n\n\n\n<p class=\"wp-block-paragraph\">Meses antes, en mayo de 2025,&nbsp;Trump dijo que hab\u00eda presionado a Sheinbaum&nbsp;para que permitiera la entrada de&nbsp;soldados estadounidenses en M\u00e9xico&nbsp;para ayudar a combatir a los c\u00e1rteles de la droga, algo que&nbsp;Sheinbaum rechaz\u00f3.<\/p>\n\n\n\n<p class=\"wp-block-paragraph\">Trump asegur\u00f3 que era cierto que hab\u00eda intentado convencer a&nbsp;Sheinbaum&nbsp;y que la propuesta se produjo al final de una larga llamada telef\u00f3nica entre ambos mandatarios el 16 de abril, de acuerdo con el&nbsp;<em>Wall Street Journal.<\/em><\/p>\n\n\n\n<p class=\"wp-block-paragraph\">Sheinbaum, en esa ocasi\u00f3n, confirm\u00f3 que&nbsp;Trump hizo la sugerencia, misma que rechaz\u00f3. Se\u00f1al\u00f3 que&nbsp;M\u00e9xico y Estados Unidos pod\u00edan colaborar,&nbsp;pero cada quien en su territorio.<\/p>\n\n\n\n<p class=\"wp-block-paragraph\">El mandatario estadounidense se\u00f1al\u00f3 que propuso la idea porque los&nbsp;c\u00e1rteles de la droga son \u201cpersonas horribles que han estado matando gente a diestra y siniestra&nbsp;y han estado\u2026&nbsp;Han hecho una fortuna vendiendo drogas&nbsp;y destruyendo a nuestra gente\u201d.<\/p>\n\n\n\n<p class=\"wp-block-paragraph\">Dijo que&nbsp;\u201csi M\u00e9xico quisiera ayuda con los c\u00e1rteles, ser\u00eda un honor para nosotros entrar y hacerlo.&nbsp;Se lo dije. Ser\u00eda un honor para m\u00ed ir y hacerlo.&nbsp;Los c\u00e1rteles intentan destruir nuestro pa\u00eds. Son malvados.<\/p>\n\n\n\n<p class=\"wp-block-paragraph\">\u201cLa presidenta de M\u00e9xico es una mujer encantadora, pero tiene tanto miedo de los c\u00e1rteles que ni siquiera puede pensar con claridad\u201d, asegur\u00f3.<\/p>\n\n\n\n<p class=\"wp-block-paragraph\">A pesar de las declaraciones que ha realizado Trump al respecto,&nbsp;Sheinbaum Pardo ha adoptado<strong> una <\/strong>estrategia de no confrontaci\u00f3n con el pa\u00eds vecino del norte&nbsp;y ha descartado por completo una intervenci\u00f3n militar estadounidense en territorio mexicano.<\/p>\n\n\n\n<p class=\"wp-block-paragraph\"><strong>Senado de la Rep\u00fablica condena intervenci\u00f3n militar en Venezuela<\/strong>&nbsp;<\/p>\n\n\n\n<p class=\"wp-block-paragraph\">&nbsp;<strong><em>Laura Itzel Catillo Ju\u00e1rez hizo un llamado a la Organizaci\u00f3n de las Naciones Unidas para preservar la paz en nuestro continente<\/em><\/strong><\/p>\n\n\n\n<p class=\"wp-block-paragraph\">&nbsp;Laura Itzel condena una \u201cintervenci\u00f3n\u201d en <a href=\"https:\/\/x.com\/hashtag\/Venezuela?src=hashtag_click\">#Venezuela<\/a>, pero calla sobre el hecho central: Maduro perdi\u00f3 las elecciones y usurpaba el poder. No es soberan\u00eda lo que defienden algunos rojillos en nombre del Senado, es a un narcodictador ileg\u00edtimo. La neutralidad frente a la tiran\u00eda no es diplomacia, es complicidad.<\/p>\n\n\n\n<p class=\"wp-block-paragraph\">&nbsp;La C\u00e1mara de Senadoras y Senadores conden\u00f3 la intervenci\u00f3n militar realizada en territorio de la Rep\u00fablica Bolivariana de Venezuela, por constituir una violaci\u00f3n del derecho internacional y de los principios establecidos en la Carta de las Naciones Unidas.<\/p>\n\n\n\n<p class=\"wp-block-paragraph\">En un pronunciamiento que emiti\u00f3 esta ma\u00f1ana, la presidenta del Senado de la Rep\u00fablica, Laura Itzel Castillo Ju\u00e1rez, destac\u00f3 que M\u00e9xico ha sostenido hist\u00f3ricamente una pol\u00edtica exterior basada en los principios constitucionales de la no intervenci\u00f3n, el rechazo a las injerencias extranjeras, la autodeterminaci\u00f3n de los pueblos y la soluci\u00f3n pac\u00edfica de las controversias.<\/p>\n\n\n\n<p class=\"wp-block-paragraph\">&nbsp;Dichos principios, consagrados en el Art\u00edculo 89, fracci\u00f3n X, de la Constituci\u00f3n Pol\u00edtica de los Estados Unidos Mexicanos, agreg\u00f3, comprometen al Estado mexicano a rechazar cualquier acci\u00f3n que implique el uso unilateral de la fuerza.<\/p>\n\n\n\n<p class=\"wp-block-paragraph\">&nbsp;Castillo Ju\u00e1rez enfatiz\u00f3 que el Senado de la Rep\u00fablica acompa\u00f1a la posici\u00f3n expresada por la presidenta de M\u00e9xico, Claudia Sheinbaum Pardo, en el sentido de que los conflictos internacionales deben resolverse exclusivamente por v\u00edas pol\u00edticas, diplom\u00e1ticas y pac\u00edficas.<\/p>\n\n\n\n<p class=\"wp-block-paragraph\">&nbsp;En ese sentido, hizo un llamado a la Organizaci\u00f3n de las Naciones Unidas a asumir de inmediato el papel que le corresponde para preservar la paz en nuestro continente.<\/p>\n\n\n\n<p class=\"wp-block-paragraph\">\u201cM\u00e9xico reitera firmemente su compromiso con la defensa del orden jur\u00eddico internacional y con el respeto irrestricto a la soberan\u00eda de los pueblos\u201d, asent\u00f3 en el pronunciamiento la presidenta del Senado de la Rep\u00fablica.<\/p>\n\n\n\n\n\n<p class=\"wp-block-paragraph\"><strong>Reacciones<\/strong><\/p>\n\n\n\n<p class=\"wp-block-paragraph\">El Art\u00edculo 2, p\u00e1rrafo 4 de la Carta de las Naciones Unidas dice textualmente: \u201cLos Miembros de la Organizaci\u00f3n, en sus relaciones internacionales, se abstendr\u00e1n de recurrir a la amenaza o al uso de la fuerza contra la integridad territorial o la independencia pol\u00edtica de cualquier Estado, o en cualquier otra forma incompatible con los Prop\u00f3sitos de las Naciones Unidas.\u201d La posici\u00f3n del gobierno de M\u00e9xico:<strong><a href=\"https:\/\/x.com\/marianagc\"><\/a><\/strong><\/p>\n\n\n\n<p class=\"wp-block-paragraph\"><strong><a href=\"https:\/\/x.com\/marianagc\"><br>Mariana G\u00f3mez del Campo: <\/a><\/strong>Es incre\u00edble la manera en la que ha solapado y respaldado al narcodictador Maduro que lo \u00fanico que ha hecho es generar miseria y encarcelar a los opositores. Lamentable que nuevamente se ponga del lado incorrecto de la historia. \u00a1Por una Venezuela LIBRE y en paz!<strong><\/strong><\/p>\n\n\n\n<p class=\"wp-block-paragraph\"><strong>Juan Rocha: <\/strong>Apreciada Presidenta, Art\u00edculo 2(4) de la Carta de la ONU habla de uso de la fuerza entre Estados y de agresi\u00f3n militar, no de la ejecuci\u00f3n de \u00f3rdenes judiciales por delitos graves. Nicol\u00e1s Maduro tiene acusaciones, investigaciones y \u00f3rdenes de captura internacionales desde hace a\u00f1os, adem\u00e1s de alertas y recompensas p\u00fablicas por crimen organizado y narcoterrorismo. No se trata de \u201camenaza a la soberan\u00eda\u201d, se trata de responsabilidad penal. El derecho internacional tambi\u00e9n protege a las v\u00edctimas, no solo a los gobernantes que violan la ley.<strong><\/strong><\/p>\n\n\n\n<p class=\"wp-block-paragraph\">La postura de M\u00e9xico vuelve a centrarse en una lectura c\u00f3moda del \u201corden internacional\u201d, pero pierde de vista la realidad. En Venezuela no existe un di\u00e1logo entre iguales: hay una dictadura frente a una sociedad sometida. Es lamentable que la postura ideol\u00f3gica de Claudia Sheinbaum se refleje, una vez m\u00e1s, en comunicados oficiales del gobierno mexicano. <a href=\"https:\/\/x.com\/hashtag\/VenezuelaLibre?src=hashtag_click\">#VenezuelaLibre<\/a>.<strong><a href=\"https:\/\/x.com\/ernestomaciast\"><\/a><\/strong><\/p>\n\n\n\n<p class=\"wp-block-paragraph\"><strong><a href=\"https:\/\/x.com\/ernestomaciast\">Ernesto Mac\u00edas Tovar: <\/a><\/strong>Sra Pta &nbsp;&nbsp;<a href=\"https:\/\/x.com\/Claudiashein\">@Claudiashein<\/a> , lo que ocurre en Venezuela es una guerra leg\u00edtima de Estados Unidos contra el narcotr\u00e1fico. Se persigue a l\u00edderes de C\u00e1rteles de la droga. No es el uso de la fuerza contra una naci\u00f3n ni su independencia pol\u00edtica donde, adem\u00e1s, se robaron las elecciones.<strong><a href=\"https:\/\/x.com\/AliciaAlarcon\"><\/a><\/strong><\/p>\n\n\n\n<p class=\"wp-block-paragraph\"><strong><a href=\"https:\/\/x.com\/AliciaAlarcon\">Alicia Alarc\u00f3n:<\/a><\/strong>Entonces \u00bfEst\u00e1s a favor de la dictadura porque seg\u00fan la ONU todos los pa\u00edses solitos pueden? \u00bfEl mismo organismo que permiti\u00f3 60 a\u00f1os de invasi\u00f3n de Israel, genocidios en todo el mundo, que su organismo de salud nos rob\u00f3 en 2018 millones de d\u00f3lares por la compra de medicinas? \u00bfEsa misma que AMLO calific\u00f3 de florero y obsoleta? \u00bfEsa?<\/p>\n\n\n\n<p class=\"wp-block-paragraph\"><strong>&nbsp;&nbsp;Declaraci\u00f3n atribuible al Portavoz del Secretario General &nbsp;de la ONU sobre Venezuela&nbsp;<\/strong><\/p>\n\n\n\n<p class=\"wp-block-paragraph\">Nueva York, 03 de enero de 2026.-&nbsp; El Secretario General est\u00e1 profundamente alarmado por la reciente escalada en Venezuela, que culmin\u00f3 hoy con la acci\u00f3n militar de Estados Unidos en el pa\u00eds, la cual tiene implicaciones preocupantes para la regi\u00f3n.<\/p>\n\n\n\n<p class=\"wp-block-paragraph\">Independientemente de la situaci\u00f3n en Venezuela, estos acontecimientos constituyen un precedente peligroso. El Secretario General contin\u00faa enfatizando la importancia del pleno respeto \u2014por parte de todos\u2014 del derecho internacional, incluida la Carta de las Naciones Unidas. Est\u00e1 profundamente preocupado porque no se han respetado las normas del derecho internacional.<\/p>\n\n\n\n<p class=\"wp-block-paragraph\">El Secretario General hace un llamado a todos los actores en Venezuela a participar en un di\u00e1logo inclusivo, con pleno respeto de los derechos humanos y el Estado de derecho. <strong>St\u00e9phane Dujarric, Portavoz del Secret<\/strong><\/p>\n\n\n\n<p class=\"wp-block-paragraph\"><\/p>\n","protected":false},"excerpt":{"rendered":"<p>Claudia Sheinbaum, Presidenta de M\u00e9xico. Foto: Cuartoscuro Sheinbaum Mantiene Postura de No Intervenci\u00f3n ante Detenci\u00f3n de Maduro por Fuerzas de EU El Senado de la&nbsp; Rep\u00fablica reprueba la invasi\u00f3n y la Canciller\u00eda hace condena expl\u00edcita Redacci\u00f3n SemM\u00e9xico, Cd. de M\u00e9xico, 3 de enero, 2026.- La presidenta de M\u00e9xico,&nbsp;Claudia Sheinbaum, se pronunci\u00f3 sobre la detenci\u00f3n de [&hellip;]<\/p>\n","protected":false},"author":3,"featured_media":101564,"comment_status":"open","ping_status":"open","sticky":false,"template":"","format":"standard","meta":{"_monsterinsights_skip_tracking":false,"footnotes":""},"categories":[694],"tags":[],"class_list":["post-101562","post","type-post","status-publish","format-standard","has-post-thumbnail","category-destacadas"],"_links":{"self":[{"href":"https:\/\/redsemlac.com\/semmexico\/wp-json\/wp\/v2\/posts\/101562","targetHints":{"allow":["GET"]}}],"collection":[{"href":"https:\/\/redsemlac.com\/semmexico\/wp-json\/wp\/v2\/posts"}],"about":[{"href":"https:\/\/redsemlac.com\/semmexico\/wp-json\/wp\/v2\/types\/post"}],"author":[{"embeddable":true,"href":"https:\/\/redsemlac.com\/semmexico\/wp-json\/wp\/v2\/users\/3"}],"replies":[{"embeddable":true,"href":"https:\/\/redsemlac.com\/semmexico\/wp-json\/wp\/v2\/comments?post=101562"}],"version-history":[{"count":0,"href":"https:\/\/redsemlac.com\/semmexico\/wp-json\/wp\/v2\/posts\/101562\/revisions"}],"wp:featuredmedia":[{"embeddable":true,"href":"https:\/\/redsemlac.com\/semmexico\/wp-json\/wp\/v2\/media\/101564"}],"wp:attachment":[{"href":"https:\/\/redsemlac.com\/semmexico\/wp-json\/wp\/v2\/media?parent=101562"}],"wp:term":[{"taxonomy":"category","embeddable":true,"href":"https:\/\/redsemlac.com\/semmexico\/wp-json\/wp\/v2\/categories?post=101562"},{"taxonomy":"post_tag","embeddable":true,"href":"https:\/\/redsemlac.com\/semmexico\/wp-json\/wp\/v2\/tags?post=101562"}],"curies":[{"name":"wp","href":"https:\/\/api.w.org\/{rel}","templated":true}]}}