{"id":101543,"date":"2025-12-29T19:26:44","date_gmt":"2025-12-30T01:26:44","guid":{"rendered":"https:\/\/redsemlac.com\/semmexico\/?p=101543"},"modified":"2025-12-29T19:26:45","modified_gmt":"2025-12-30T01:26:45","slug":"palabra-de-antigona-mujer-indigena","status":"publish","type":"post","link":"https:\/\/redsemlac.com\/semmexico\/palabra-de-antigona-mujer-indigena\/","title":{"rendered":"Palabra de Ant\u00edgona| Mujer ind\u00edgena"},"content":{"rendered":"\n<p class=\"wp-block-paragraph\">Sara&nbsp; Lovera<\/p>\n\n\n\n<p class=\"wp-block-paragraph\">SemM\u00e9xico, Cd. de M\u00e9xico, 29 de diciembre, 2025.- Adi\u00f3s&nbsp; 2025&nbsp; <em>A\u00f1o de la Mujer Ind\u00edgena<\/em>, el tiempo para resaltar el&nbsp; papel de estas mujeres en la historia,&nbsp; combatir el racismo y la discriminaci\u00f3n por ser mujeres e ind\u00edgenas. Iniciativa&nbsp; de la presidenta coincidente con la recomendaci\u00f3n general n\u00famero 39 de la CEDAW ,&nbsp; para asegurar el desarrollo y los derechos pol\u00edticos de estas mujeres.<\/p>\n\n\n\n<p class=\"wp-block-paragraph\">Prol\u00edfica&nbsp; la idea y la certeza de que ellas, ind\u00edgenas y afromexicanas son las de m\u00e1s atr\u00e1s, para ellas discurso de reivindicaciones, viendo s\u00f3lo las econ\u00f3micas. Pero&nbsp; su condici\u00f3n y&nbsp; problem\u00e1tica no tuvo una pol\u00edtica espec\u00edfica&nbsp; ni inversi\u00f3n extraordinaria, tampoco planes para las m\u00e1s de 3 millones que&nbsp; viven en las zonas rurales.<\/p>\n\n\n\n<p class=\"wp-block-paragraph\">S\u00f3lo discursos de reconocimiento, no la vinculaci\u00f3n de la violencia de g\u00e9nero con la violencia ambiental, por ello &nbsp;libres y&nbsp; sin ataduras se expanden &nbsp;las industrias extractivas que da\u00f1an las tierras ind\u00edgenas; sigue la exclusi\u00f3n de los derechos a la tierra, donde hay &nbsp;controversias en los &nbsp;tribunales, viviendo el sue\u00f1o de los justos, incluidos los afectados por el AIFA o el&nbsp; Tren Maya o el ferrocarril Transismico.<\/p>\n\n\n\n<p class=\"wp-block-paragraph\">\u00bfLas ind\u00edgenas? En su&nbsp; vida diaria. Ni\u00f1as\u201cvendidas\u201d y obligadas a casarse&nbsp; prematuramente,&nbsp; continuadas maternidades, no educaci\u00f3n sexual,&nbsp; cierre de las casas de la mujer campesina. Ni\u00f1as ind\u00edgenas que abandonan la escuela por los cuidados; acompa\u00f1ante en la migraci\u00f3n y entre ellas mayor\u00eda de muertes maternas. Toda pol\u00edtica son&nbsp;&nbsp; \u201capoyos econ\u00f3micos\u201d.<\/p>\n\n\n\n<p class=\"wp-block-paragraph\">Especialistas, como la antrop\u00f3loga Paloma Bonfil, sostienen que la percepci\u00f3n es&nbsp; de no avance. Aunque hay discursos de reconocimiento&nbsp; a las l\u00edderes ind\u00edgenas, siguen sin resolverse temas como la&nbsp; discriminaci\u00f3n y la&nbsp; exclusi\u00f3n por razones de g\u00e9nero.<\/p>\n\n\n\n<p class=\"wp-block-paragraph\">Los principales problemas a la vista son: altos niveles de pobreza y analfabetismo; acceso limitado a servicios de salud; escasas oportunidades en el mercado laboral formal; violencia dom\u00e9stica y sexual, violencia emocional&nbsp; y agresiones por su activismo en defensa del territorio. Se multiplican las denuncias&nbsp; por no&nbsp; acceder a la justicia, la falta de int\u00e9rpretes y defensor\u00edas&nbsp; que hablen su lengua y conozcan su cultura.&nbsp;<\/p>\n\n\n\n<p class=\"wp-block-paragraph\">De acuerdo con el Censo de 2020 del INEGI&nbsp;&nbsp; viven aproximadamente&nbsp;<strong>11.9 millones&nbsp;de mujeres ind\u00edgenas<\/strong>,&nbsp; 51.4% de la poblaci\u00f3n que se autoidentifica como ind\u00edgena (23.2 millones en total), aunque cifras de 2023-2025 mencionan un total de 39.2 millones de personas autoidentificadas y alrededor de 7 millones que hablan una lengua ind\u00edgena, siendo la mayor\u00eda de las mujeres ind\u00edgenas concentradas en estados como Oaxaca, Yucat\u00e1n, Chiapas y Veracruz. Las cifras son seg\u00fan la fuente.<\/p>\n\n\n\n<p class=\"wp-block-paragraph\">Hay decisiones sin consultarlas y son graves, como la Norma Oficial <strong>&nbsp;NOM-020-SSA-2025, de <\/strong>&nbsp;marzo, que regula su actividades, imponi\u00e9ndoles un modelo m\u00e9dico hegem\u00f3nico que pone en riesgo siglos de conocimiento ancestral.<\/p>\n\n\n\n<p class=\"wp-block-paragraph\">Las parteras son&nbsp; un m\u00ednimo ejemplo del estilo como se hacen las cosas en esta administraci\u00f3n, donde la palabrer\u00eda quiere sustituir a la problem\u00e1tica. La parteras tienen importancia vital, pero enfrentan lo de siempre: la norma no resuelve reconocer&nbsp; certificados de nacimiento que expiden, las rechazan registros civiles y hospitales.<\/p>\n\n\n\n<p class=\"wp-block-paragraph\">La palabrer\u00eda&nbsp; no se respalda con pol\u00edtica p\u00fablica. El signo del gobierno femenino de Claudia Sheinbaum&nbsp; Pardo, no concreta nada. La pregunta es por&nbsp; descoordinaci\u00f3n, desinter\u00e9s de los equipos de gobierno, o resquebrajamiento del proyecto.<\/p>\n\n\n\n<p class=\"wp-block-paragraph\">Quienes opinen son hombres y dicen todas son dificultades internas de Morena, o sea&nbsp; la superficie, o la lucha pol\u00edtica. Necesitamos hondura,&nbsp; bajar a la tierra, entender la condici\u00f3n femenina en general y las ind\u00edgenas en particular. Vincular su condici\u00f3n a la pol\u00edtica de seguridad que las violenta. Ir m\u00e1s all\u00e1 de la mirado&nbsp; pol\u00edtica y de lucha por el poder.<\/p>\n\n\n\n<p class=\"wp-block-paragraph\">Lamentablemente palabras vac\u00edas no sirven. No importa que ahora la ley diga que las mujeres ind\u00edgenas tienen derecho a todos sus derechos, si es ah\u00ed donde se vive y recicla el atraso y la exclusi\u00f3n.&nbsp; Veremos.<\/p>\n\n\n\n<p class=\"wp-block-paragraph\">*Periodista, editora de g\u00e9nero en la OEM y directora del portal informativo Semmexico.mx<\/p>\n","protected":false},"excerpt":{"rendered":"<p>Sara&nbsp; Lovera SemM\u00e9xico, Cd. de M\u00e9xico, 29 de diciembre, 2025.- Adi\u00f3s&nbsp; 2025&nbsp; A\u00f1o de la Mujer Ind\u00edgena, el tiempo para resaltar el&nbsp; papel de estas mujeres en la historia,&nbsp; combatir el racismo y la discriminaci\u00f3n por ser mujeres e ind\u00edgenas. Iniciativa&nbsp; de la presidenta coincidente con la recomendaci\u00f3n general n\u00famero 39 de la CEDAW ,&nbsp; [&hellip;]<\/p>\n","protected":false},"author":3,"featured_media":70950,"comment_status":"open","ping_status":"open","sticky":false,"template":"","format":"standard","meta":{"_monsterinsights_skip_tracking":false,"footnotes":""},"categories":[35,95,69],"tags":[],"class_list":["post-101543","post","type-post","status-publish","format-standard","has-post-thumbnail","category-opinion","category-palabra-de-antigona","category-sara-lovera"],"_links":{"self":[{"href":"https:\/\/redsemlac.com\/semmexico\/wp-json\/wp\/v2\/posts\/101543","targetHints":{"allow":["GET"]}}],"collection":[{"href":"https:\/\/redsemlac.com\/semmexico\/wp-json\/wp\/v2\/posts"}],"about":[{"href":"https:\/\/redsemlac.com\/semmexico\/wp-json\/wp\/v2\/types\/post"}],"author":[{"embeddable":true,"href":"https:\/\/redsemlac.com\/semmexico\/wp-json\/wp\/v2\/users\/3"}],"replies":[{"embeddable":true,"href":"https:\/\/redsemlac.com\/semmexico\/wp-json\/wp\/v2\/comments?post=101543"}],"version-history":[{"count":0,"href":"https:\/\/redsemlac.com\/semmexico\/wp-json\/wp\/v2\/posts\/101543\/revisions"}],"wp:featuredmedia":[{"embeddable":true,"href":"https:\/\/redsemlac.com\/semmexico\/wp-json\/wp\/v2\/media\/70950"}],"wp:attachment":[{"href":"https:\/\/redsemlac.com\/semmexico\/wp-json\/wp\/v2\/media?parent=101543"}],"wp:term":[{"taxonomy":"category","embeddable":true,"href":"https:\/\/redsemlac.com\/semmexico\/wp-json\/wp\/v2\/categories?post=101543"},{"taxonomy":"post_tag","embeddable":true,"href":"https:\/\/redsemlac.com\/semmexico\/wp-json\/wp\/v2\/tags?post=101543"}],"curies":[{"name":"wp","href":"https:\/\/api.w.org\/{rel}","templated":true}]}}