{"id":101520,"date":"2025-12-24T19:53:13","date_gmt":"2025-12-25T01:53:13","guid":{"rendered":"https:\/\/redsemlac.com\/semmexico\/?p=101520"},"modified":"2025-12-24T19:53:14","modified_gmt":"2025-12-25T01:53:14","slug":"justicia-para-cecilia-monzon-dictan-fallo-condenatorio-contra-javier-lopez-zavala","status":"publish","type":"post","link":"https:\/\/redsemlac.com\/semmexico\/justicia-para-cecilia-monzon-dictan-fallo-condenatorio-contra-javier-lopez-zavala\/","title":{"rendered":"Justicia para Cecilia Monz\u00f3n, dictan fallo condenatorio contra Javier L\u00f3pez Zavala"},"content":{"rendered":"\n<ul class=\"wp-block-list\">\n<li>Se\u00f1alado como autor intelectual, excandidato priista a la gubernatura de Puebla, el 31 de diciembre dar\u00e1n a conocer la sentencia<\/li>\n\n\n\n<li>La abogada Cecilia Monz\u00f3n fue asesinada el 21 de mayo de 2022<\/li>\n<\/ul>\n\n\n\n<p class=\"wp-block-paragraph\">Lorena Vaniezcot<\/p>\n\n\n\n<p class=\"wp-block-paragraph\">SemM\u00e9xico, Ciudad de M\u00e9xico, 24 de diciembre, 2025.- El Tribunal de Justicia del Estado de Puebla declar\u00f3 culpable a Javier L\u00f3pez Zavala y dos autores materiales -Javier N y Silvestre N- por el feminicidio de Cecilia Monz\u00f3n P\u00e9rez este martes y ser\u00e1 hasta dentro de una semana cuando emita la sentencia condenatoria.<\/p>\n\n\n\n<p class=\"wp-block-paragraph\">El expol\u00edtico priista fue detenido el 6 de junio de 2022 entonces como probable responsable del feminicidio de su esposa y madre de su hijo. Durante su carrera pol\u00edtica fue secretario de Gobernaci\u00f3n y de Desarrollo en Puebla durante el gobierno de Mario Mar\u00edn Torres, conocido tambi\u00e9n como \u201cel gober precioso\u201d, como le llam\u00f3 Kamel Nacif, acusado de pederastia, ambos detenidos y procesados. L\u00f3pez Zavala tambi\u00e9n contendi\u00f3 a la gubernatura en 2010, cuando gan\u00f3 el extinto gobernador panista Rafael Moreno Valle.<\/p>\n\n\n\n<p class=\"wp-block-paragraph\">La abogada Cecilia Monz\u00f3n fue asesinada el 21 de mayo de 2022, durante un ataque directo cuando manejaba su veh\u00edculo en municipio de San Pedro Cholula por dos hombres que viajaban en motocicleta. Cecilia Monz\u00f3n y Javier L\u00f3pez Zavala hab\u00edan sido esposos. El expol\u00edtico priista y tambi\u00e9n abogado hab\u00eda sido declarado culpable del delito por violencia familiar.<\/p>\n\n\n\n<p class=\"wp-block-paragraph\">Despu\u00e9s de m\u00e1s de tres a\u00f1os, finalmente este martes el Tribuna dict\u00f3 el fallo condenatorio y se espera que la pr\u00f3xima semana, el 31 de diciembre, se dicte la sentencia que se espera sea de al menos 60 a\u00f1os de prisi\u00f3n.<\/p>\n\n\n\n<p class=\"wp-block-paragraph\">SEM\/lv\/sj<\/p>\n","protected":false},"excerpt":{"rendered":"<p>Lorena Vaniezcot SemM\u00e9xico, Ciudad de M\u00e9xico, 24 de diciembre, 2025.- El Tribunal de Justicia del Estado de Puebla declar\u00f3 culpable a Javier L\u00f3pez Zavala y dos autores materiales -Javier N y Silvestre N- por el feminicidio de Cecilia Monz\u00f3n P\u00e9rez este martes y ser\u00e1 hasta dentro de una semana cuando emita la sentencia condenatoria. El [&hellip;]<\/p>\n","protected":false},"author":3,"featured_media":101522,"comment_status":"open","ping_status":"open","sticky":false,"template":"","format":"standard","meta":{"_monsterinsights_skip_tracking":false,"footnotes":""},"categories":[694],"tags":[],"class_list":["post-101520","post","type-post","status-publish","format-standard","has-post-thumbnail","category-destacadas"],"_links":{"self":[{"href":"https:\/\/redsemlac.com\/semmexico\/wp-json\/wp\/v2\/posts\/101520","targetHints":{"allow":["GET"]}}],"collection":[{"href":"https:\/\/redsemlac.com\/semmexico\/wp-json\/wp\/v2\/posts"}],"about":[{"href":"https:\/\/redsemlac.com\/semmexico\/wp-json\/wp\/v2\/types\/post"}],"author":[{"embeddable":true,"href":"https:\/\/redsemlac.com\/semmexico\/wp-json\/wp\/v2\/users\/3"}],"replies":[{"embeddable":true,"href":"https:\/\/redsemlac.com\/semmexico\/wp-json\/wp\/v2\/comments?post=101520"}],"version-history":[{"count":0,"href":"https:\/\/redsemlac.com\/semmexico\/wp-json\/wp\/v2\/posts\/101520\/revisions"}],"wp:featuredmedia":[{"embeddable":true,"href":"https:\/\/redsemlac.com\/semmexico\/wp-json\/wp\/v2\/media\/101522"}],"wp:attachment":[{"href":"https:\/\/redsemlac.com\/semmexico\/wp-json\/wp\/v2\/media?parent=101520"}],"wp:term":[{"taxonomy":"category","embeddable":true,"href":"https:\/\/redsemlac.com\/semmexico\/wp-json\/wp\/v2\/categories?post=101520"},{"taxonomy":"post_tag","embeddable":true,"href":"https:\/\/redsemlac.com\/semmexico\/wp-json\/wp\/v2\/tags?post=101520"}],"curies":[{"name":"wp","href":"https:\/\/api.w.org\/{rel}","templated":true}]}}