{"id":101506,"date":"2025-12-23T14:18:01","date_gmt":"2025-12-23T20:18:01","guid":{"rendered":"https:\/\/redsemlac.com\/semmexico\/?p=101506"},"modified":"2025-12-23T14:18:02","modified_gmt":"2025-12-23T20:18:02","slug":"la-opinion-fiestas-decembrinas-sorpresas-y-violencia","status":"publish","type":"post","link":"https:\/\/redsemlac.com\/semmexico\/la-opinion-fiestas-decembrinas-sorpresas-y-violencia\/","title":{"rendered":"La Opini\u00f3n| Fiestas decembrinas, sorpresas y violencia"},"content":{"rendered":"\n<p class=\"wp-block-paragraph\">Elena Tapia Fonllem<\/p>\n\n\n\n<p class=\"wp-block-paragraph\">SemM\u00e9xico, Ciudad de M\u00e9xico, 23 de diciembre, 2025.- El festejo, el&nbsp;regocijo&nbsp;de estar reunidos en familia, con amistades, de celebrar un a\u00f1o m\u00e1s, compartiendo los&nbsp;buenos prop\u00f3sitos&nbsp;para el&nbsp;2026&nbsp;es lo que impera en estos d\u00edas.<\/p>\n\n\n\n<p class=\"wp-block-paragraph\">Diciembre&nbsp;tambi\u00e9n nos trae sorpresas. Por ejemplo, una mujer, una latinoamericana gan\u00f3 el premio&nbsp;Nobel&nbsp;de la paz,&nbsp;Mar\u00eda Corina Machado,&nbsp;por su lucha por la&nbsp;democracia&nbsp;y los&nbsp;derechos humanos&nbsp;en&nbsp;Venezuela;&nbsp;su liderazgo busca poner fin a los actos de represi\u00f3n y violencia en su pa\u00eds. Esto la convierte en una de las&nbsp;18 mujeres galardonadas&nbsp;con este premio en el rubro de la&nbsp;paz.<\/p>\n\n\n\n<p class=\"wp-block-paragraph\">El Nobel ha sido entregado hasta ahora a&nbsp;911 hombres&nbsp;y a&nbsp;65 mujeres,&nbsp;lo que coloca a Machado, al igual que a&nbsp;Rigoberta Mench\u00fa&nbsp;en una posici\u00f3n muy importante pues pasan a la historia como&nbsp;defensoras de la paz&nbsp;en&nbsp;Am\u00e9rica Latina.<\/p>\n\n\n\n<p class=\"wp-block-paragraph\">Otro suceso de diciembre nos sorprende y reitera por qu\u00e9 luchar por la&nbsp;eliminaci\u00f3n de la violencia&nbsp;y el fomento de la paz en todos los escenarios y durante todos los d\u00edas de la vida es tan relevante. Esta idea imper\u00f3 entre la ciudadan\u00eda cuando vimos la&nbsp;grotesca lucha&nbsp;de cabellera contra cabellera, en el&nbsp;congreso de la Ciudad de M\u00e9xico.<\/p>\n\n\n\n<p class=\"wp-block-paragraph\">La larga batalla feminista por lograr, primero las&nbsp;cuotas de g\u00e9nero,&nbsp;despu\u00e9s la&nbsp;paridad,&nbsp;tanto en los congresos como en todos los cargos de representaci\u00f3n, la pol\u00edtica ha sido deshonrada la semana pasada por el encontronazo entre diputadas de&nbsp;Morena&nbsp;y del&nbsp;PAN.&nbsp;Las diputadas trataban, o as\u00ed parec\u00eda, de arrancarse las cabelleras a modo de imponer sus puntos de vista, personales o de partido. El dictamen que considera el cierre del&nbsp;Instituto de transparencia, Acceso a la informaci\u00f3n P\u00fablica y Protecci\u00f3n de Datos Personales&nbsp;de la capital (INFOCDMX) fue el motivo de discusi\u00f3n que llev\u00f3 al recinto legislativo local a ser escenario de la confrontaci\u00f3n.<\/p>\n\n\n\n<p class=\"wp-block-paragraph\">Los parlamentos deben demostrar las posibilidades infinitas del uso de la palabra, de los argumentos, de las ideas. Estos son espacios para buscar&nbsp;acuerdos,&nbsp;no imposiciones, donde las mayor\u00edas deben ser prudentes y generosas y las minor\u00edas m\u00e1s audaces e inteligentes para construir alternativas. Compete a los hombres y las mujeres que fueron electas\/os para ocupar los cargos que ostentan sentarse a&nbsp;dialogar,&nbsp;a construir mayor\u00edas por el bien de toda la comunidad; tienen la obligaci\u00f3n de&nbsp;respetar&nbsp;a la ciudadan\u00eda que dicen representar.<\/p>\n\n\n\n<p class=\"wp-block-paragraph\">Los&nbsp;hombres&nbsp;han protagonizado la&nbsp;violencia&nbsp;en los&nbsp;parlamentos&nbsp;a lo largo de la historia. Ver altercados entre se\u00f1ores legisladores en&nbsp;M\u00e9xico&nbsp;o de otros pa\u00edses es com\u00fan. Ante la diferencia parlamentaria llegan a los golpes, como si ello pudiera detener la aprobaci\u00f3n de una ley, el cierre de una instituci\u00f3n de estado, o cualquier otra disposici\u00f3n. Gritos, insultos, empujones, golpes, retos a duelo forman parte de estas trifulcas que las y los ciudadanos observamos con indignaci\u00f3n. Pero cuando la violencia es entre mujeres llama mucho la atenci\u00f3n. El&nbsp;patriarcado&nbsp;vigila para se\u00f1alar con el&nbsp;dedo acusador:&nbsp;miren, lo advertimos, las mujeres&nbsp;no son aptas&nbsp;para la&nbsp;vida pol\u00edtica,&nbsp;su lugar est\u00e1 en las tareas dom\u00e9sticas, en la casa, sirviendo a sus familias. En ambos, hombres y mujeres, la violencia es deplorable.<\/p>\n\n\n\n<p class=\"wp-block-paragraph\"><\/p>\n","protected":false},"excerpt":{"rendered":"<p>Elena Tapia Fonllem SemM\u00e9xico, Ciudad de M\u00e9xico, 23 de diciembre, 2025.- El festejo, el&nbsp;regocijo&nbsp;de estar reunidos en familia, con amistades, de celebrar un a\u00f1o m\u00e1s, compartiendo los&nbsp;buenos prop\u00f3sitos&nbsp;para el&nbsp;2026&nbsp;es lo que impera en estos d\u00edas. Diciembre&nbsp;tambi\u00e9n nos trae sorpresas. Por ejemplo, una mujer, una latinoamericana gan\u00f3 el premio&nbsp;Nobel&nbsp;de la paz,&nbsp;Mar\u00eda Corina Machado,&nbsp;por su lucha por [&hellip;]<\/p>\n","protected":false},"author":3,"featured_media":98750,"comment_status":"open","ping_status":"open","sticky":false,"template":"","format":"standard","meta":{"_monsterinsights_skip_tracking":false,"footnotes":""},"categories":[82,110,35],"tags":[],"class_list":["post-101506","post","type-post","status-publish","format-standard","has-post-thumbnail","category-la-opinion","category-la-opinion-columnas","category-opinion"],"_links":{"self":[{"href":"https:\/\/redsemlac.com\/semmexico\/wp-json\/wp\/v2\/posts\/101506","targetHints":{"allow":["GET"]}}],"collection":[{"href":"https:\/\/redsemlac.com\/semmexico\/wp-json\/wp\/v2\/posts"}],"about":[{"href":"https:\/\/redsemlac.com\/semmexico\/wp-json\/wp\/v2\/types\/post"}],"author":[{"embeddable":true,"href":"https:\/\/redsemlac.com\/semmexico\/wp-json\/wp\/v2\/users\/3"}],"replies":[{"embeddable":true,"href":"https:\/\/redsemlac.com\/semmexico\/wp-json\/wp\/v2\/comments?post=101506"}],"version-history":[{"count":0,"href":"https:\/\/redsemlac.com\/semmexico\/wp-json\/wp\/v2\/posts\/101506\/revisions"}],"wp:featuredmedia":[{"embeddable":true,"href":"https:\/\/redsemlac.com\/semmexico\/wp-json\/wp\/v2\/media\/98750"}],"wp:attachment":[{"href":"https:\/\/redsemlac.com\/semmexico\/wp-json\/wp\/v2\/media?parent=101506"}],"wp:term":[{"taxonomy":"category","embeddable":true,"href":"https:\/\/redsemlac.com\/semmexico\/wp-json\/wp\/v2\/categories?post=101506"},{"taxonomy":"post_tag","embeddable":true,"href":"https:\/\/redsemlac.com\/semmexico\/wp-json\/wp\/v2\/tags?post=101506"}],"curies":[{"name":"wp","href":"https:\/\/api.w.org\/{rel}","templated":true}]}}