{"id":101465,"date":"2025-12-19T15:49:31","date_gmt":"2025-12-19T21:49:31","guid":{"rendered":"https:\/\/redsemlac.com\/semmexico\/?p=101465"},"modified":"2025-12-19T15:49:31","modified_gmt":"2025-12-19T21:49:31","slug":"sentencia-garcia-andrade-una-hoja-de-ruta-para-erradicar-la-violencia-contra-las-mujeres","status":"publish","type":"post","link":"https:\/\/redsemlac.com\/semmexico\/sentencia-garcia-andrade-una-hoja-de-ruta-para-erradicar-la-violencia-contra-las-mujeres\/","title":{"rendered":"Sentencia Garc\u00eda Andrade una hoja de ruta para erradicar la violencia contra las\u00a0mujeres"},"content":{"rendered":"\n<ul class=\"wp-block-list\">\n<li>\u00b7 Reconoce a las madres de v\u00edctimas de feminicidio y madres buscadoras&nbsp;como defensoras que debe proteger el Estado mexicano<\/li>\n\n\n\n<li>\u00b7 Deber\u00e1 M\u00e9xico crear pol\u00edticas publicas de protecci\u00f3n a infancias producto&nbsp;de orfandad por feminicidio de sus madres<\/li>\n\n\n\n<li>\u00b7 En un a\u00f1o M\u00e9xico ser\u00e1 evaluado por la Corte IDH<\/li>\n<\/ul>\n\n\n\n<p class=\"wp-block-paragraph\">Soledad Jarqu\u00edn Edgar<\/p>\n\n\n\n<p class=\"wp-block-paragraph\">SemM\u00e9xico, Ciudad de M\u00e9xico, 19 de diciembre, 2025.- La sentencia Garc\u00eda&nbsp;Andrade y otros Vs. M\u00e9xico ser\u00e1 una hoja de ruta para la erradicaci\u00f3n de la&nbsp;violencia contra las mujeres y las ni\u00f1as, adem\u00e1s de contener aportaciones al&nbsp;sistema jur\u00eddico mexicano y de la regi\u00f3n, se\u00f1alaron Karla Micheel Salas Ram\u00edrez y&nbsp;David Pe\u00f1a Rodr\u00edguez, asesores jur\u00eddicos del caso e integrantes del Grupo de&nbsp;Acci\u00f3n por los Derechos Humanos y Justicia Social.<\/p>\n\n\n\n<p class=\"wp-block-paragraph\">En conferencia de prensa virtual desde Costa Rica destacaron tres puntos&nbsp;resolutivos fundamentales, por un lado, la garant\u00eda de derechos sociales, como&nbsp;educaci\u00f3n y salud, a las ni\u00f1eces en orfandad resultado del feminicidio de sus&nbsp;madres; el reconocimiento de la madres buscadoras y madres de v\u00edctimas de&nbsp;feminicidio como defensoras de derechos humanos que deben ser protegidas por&nbsp;el Estado mexicano, y el reconocimiento de la violencia sexual como un acto de&nbsp;tortura cometida por particulares.<\/p>\n\n\n\n<p class=\"wp-block-paragraph\">Al t\u00e9rmino de la lectura de la notificaci\u00f3n de la sentencia en el Caso Garc\u00eda&nbsp;Andrade Vs. M\u00e9xico por parte de la Corte Interamericana de Derechos Humanos,&nbsp;Norma Andrade Garc\u00eda, madre de Lilia Alejandra, asesinada en 2001 en la&nbsp;fronteriza Ciudad Ju\u00e1rez, destac\u00f3 el trabajo de las y los jueces que integran el&nbsp;tribunal regional, \u201cquienes fueron emp\u00e1ticos con mi hija Alejandra\u201d.<\/p>\n\n\n\n<p class=\"wp-block-paragraph\">El abogado David Pe\u00f1a Rodr\u00edguez destac\u00f3 entre las aportaciones jur\u00eddicas&nbsp;propuesta a la Corte y que este tribunal acepto fue la protecci\u00f3n a los derechos de&nbsp;las infancias en orfandad, para lo cual el Estado mexicano deber\u00e1 establecer una&nbsp;pol\u00edtica p\u00fablica espec\u00edfica, con presupuesto y personal capacitado para cumplir.<\/p>\n\n\n\n<p class=\"wp-block-paragraph\">No quer\u00edamos repetir lo que se ha establecido en otras sentencias, explic\u00f3 el&nbsp;tambi\u00e9n coordinador del Grupo de Acci\u00f3n, esta sentencia establece que a partir de&nbsp;ahora las pol\u00edticas p\u00fablicas establecidas podr\u00e1n ser medibles mediante una&nbsp;metodolog\u00eda que propone la Corte IDH para evaluar si hubo o no resultados en los&nbsp;contextos de violencia sexual, feminicidio y desaparici\u00f3n.<\/p>\n\n\n\n<p class=\"wp-block-paragraph\">Salas Ram\u00edrez se\u00f1al\u00f3 que frente a una problem\u00e1tica como el feminicidio, cuando\u00a0se emiti\u00f3 la sentencia de Campo Algodonero (2009) eran asesinadas seis mujeres\u00a0por d\u00eda, ahora son diez, lo que implica una reevaluaci\u00f3n de las acciones del\u00a0Estado mexicano, las cuales tendr\u00e1n que ser medibles, \u201cno buscamos la disminuci\u00f3n de los casos sino su erradicaci\u00f3n de la violencia contra las mujeres\u00a0provocada por el sistema patriarcal\u201d.<\/p>\n\n\n\n<p class=\"wp-block-paragraph\">Ahora, a\u00f1adi\u00f3, la sentencia Andrade Garc\u00eda sienta una buena base para que las&nbsp;acciones del Estado mexicano puedan ser evaluados, por tanto, tendr\u00e1n que ser&nbsp;con acciones y lineamientos espec\u00edficos.<\/p>\n\n\n\n<p class=\"wp-block-paragraph\">Destac\u00f3 que la Corte IDH ha revisado la situaci\u00f3n de vida de la familia de Lilia&nbsp;Alejandra, su madre, sus hijos Jade y Kaleb, frente a un Estado que ha sido&nbsp;indolente con las madres que buscan justicia para sus hijas y con las madres&nbsp;buscadoras, por lo que la sentencia Andrade Garc\u00eda impactar\u00e1 en decenas de&nbsp;madres y familias.<\/p>\n\n\n\n<p class=\"wp-block-paragraph\">Se\u00f1al\u00f3 que la Sentencia tambi\u00e9n reconoce el desplazamiento de Chihuahua a la&nbsp;Ciudad de M\u00e9xico, del que ha sido v\u00edctima Norma Andrade y sus nietos, producto&nbsp;de la b\u00fasqueda de la verdad y la justicia para Lilia Alejandra, acto que se reconoce&nbsp;como una violaci\u00f3n al derecho de circulaci\u00f3n.<\/p>\n\n\n\n<p class=\"wp-block-paragraph\">Este hecho se\u00f1al\u00f3 como medida de reparaci\u00f3n que el Estado debe reconocer a&nbsp;las madres defensoras, madres que buscan justicia para sus hijas y madres&nbsp;buscadoras, como sujetas de protecci\u00f3n, implementando acciones y pol\u00edticas&nbsp;p\u00fablicas de protecci\u00f3n. &nbsp;<\/p>\n\n\n\n<p class=\"wp-block-paragraph\">Se dijo en la conferencia de prensa que una de las situaciones que han advertido&nbsp;respecto a las madres ha sido justamente el desprestigio que el Estado mexicano&nbsp;hace con respecto a las madres y familias que se enfrentan a la indolencia de&nbsp;servidores p\u00fablicos y la falta de apoyo, de ah\u00ed que deber\u00e1n ser protegidas por el&nbsp;Estado e incorporadas al Mecanismo federal de protecci\u00f3n a personas defensoras&nbsp;y periodistas.<\/p>\n\n\n\n<p class=\"wp-block-paragraph\">Por otra parte, tambi\u00e9n destacaron el reconocimiento de la violencia sexual como&nbsp;un acto de tortura cometida por agentes particulares, decisi\u00f3n de la Corte que no&nbsp;solo tendr\u00e1 impacto en M\u00e9xico sino en toda la regi\u00f3n, reiterando la obligaci\u00f3n del&nbsp;Estado mexicano a\u00fan cuando no se trata agentes del Estado, sino tambi\u00e9n cuando&nbsp;se trate de particulares.<\/p>\n\n\n\n<p class=\"wp-block-paragraph\">En ese sentido, Sala Ram\u00edrez dijo que en la sentencia de Campo Algodonero no&nbsp;se consider\u00f3 como tortura la violencia sexual y ahora s\u00ed, lo que consider\u00f3 como de&nbsp;una gran relevancia \u201cfrente a las circunstancias en que se dan los feminicidios\u201d. &nbsp;<\/p>\n\n\n\n<p class=\"wp-block-paragraph\">Por otra parte, no soslaya la obligaci\u00f3n que se le marca al Estado mexicano de&nbsp;continuar las investigaciones, destacando que se debe continuar, porque los&nbsp;perpetradores son autores de al menos cinco feminicidios de ni\u00f1as, grupo que no&nbsp;ha sido desmantelado ni investigado, porque han se\u00f1alado a un \u00fanico&nbsp;responsable.<\/p>\n\n\n\n<p class=\"wp-block-paragraph\">SEM\/sj<\/p>\n","protected":false},"excerpt":{"rendered":"<p>Soledad Jarqu\u00edn Edgar SemM\u00e9xico, Ciudad de M\u00e9xico, 19 de diciembre, 2025.- La sentencia Garc\u00eda&nbsp;Andrade y otros Vs. M\u00e9xico ser\u00e1 una hoja de ruta para la erradicaci\u00f3n de la&nbsp;violencia contra las mujeres y las ni\u00f1as, adem\u00e1s de contener aportaciones al&nbsp;sistema jur\u00eddico mexicano y de la regi\u00f3n, se\u00f1alaron Karla Micheel Salas Ram\u00edrez y&nbsp;David Pe\u00f1a Rodr\u00edguez, asesores jur\u00eddicos [&hellip;]<\/p>\n","protected":false},"author":3,"featured_media":101467,"comment_status":"open","ping_status":"open","sticky":false,"template":"","format":"standard","meta":{"_monsterinsights_skip_tracking":false,"footnotes":""},"categories":[694],"tags":[],"class_list":["post-101465","post","type-post","status-publish","format-standard","has-post-thumbnail","category-destacadas"],"_links":{"self":[{"href":"https:\/\/redsemlac.com\/semmexico\/wp-json\/wp\/v2\/posts\/101465","targetHints":{"allow":["GET"]}}],"collection":[{"href":"https:\/\/redsemlac.com\/semmexico\/wp-json\/wp\/v2\/posts"}],"about":[{"href":"https:\/\/redsemlac.com\/semmexico\/wp-json\/wp\/v2\/types\/post"}],"author":[{"embeddable":true,"href":"https:\/\/redsemlac.com\/semmexico\/wp-json\/wp\/v2\/users\/3"}],"replies":[{"embeddable":true,"href":"https:\/\/redsemlac.com\/semmexico\/wp-json\/wp\/v2\/comments?post=101465"}],"version-history":[{"count":0,"href":"https:\/\/redsemlac.com\/semmexico\/wp-json\/wp\/v2\/posts\/101465\/revisions"}],"wp:featuredmedia":[{"embeddable":true,"href":"https:\/\/redsemlac.com\/semmexico\/wp-json\/wp\/v2\/media\/101467"}],"wp:attachment":[{"href":"https:\/\/redsemlac.com\/semmexico\/wp-json\/wp\/v2\/media?parent=101465"}],"wp:term":[{"taxonomy":"category","embeddable":true,"href":"https:\/\/redsemlac.com\/semmexico\/wp-json\/wp\/v2\/categories?post=101465"},{"taxonomy":"post_tag","embeddable":true,"href":"https:\/\/redsemlac.com\/semmexico\/wp-json\/wp\/v2\/tags?post=101465"}],"curies":[{"name":"wp","href":"https:\/\/api.w.org\/{rel}","templated":true}]}}