{"id":101444,"date":"2025-12-17T12:35:10","date_gmt":"2025-12-17T18:35:10","guid":{"rendered":"https:\/\/redsemlac.com\/semmexico\/?p=101444"},"modified":"2025-12-17T21:12:33","modified_gmt":"2025-12-18T03:12:33","slug":"cndh-emite-recomendacion-por-violaciones-graves-a-derechos-humanos-en-ejecucion-de-ninas-en-sinaloa","status":"publish","type":"post","link":"https:\/\/redsemlac.com\/semmexico\/cndh-emite-recomendacion-por-violaciones-graves-a-derechos-humanos-en-ejecucion-de-ninas-en-sinaloa\/","title":{"rendered":"CNDH emite recomendaci\u00f3n por Violaciones Graves a Derechos Humanos en ejecuci\u00f3n de ni\u00f1as en Sinaloa"},"content":{"rendered":"\n<p class=\"wp-block-paragraph\">Se trata de la primera recomendaci\u00f3n de la CNDH por hechos ocurridos durante el gobierno de la presidenta Claudia Sheinbaum.<\/p>\n\n\n\n<p class=\"wp-block-paragraph\">SemM\u00e9xico\/El Sol de M\u00e9xico, Cd de M\u00e9xico, 17 agosto 2025.-La Comisi\u00f3n Nacional de los Derechos Humanos (CNDH) emiti\u00f3 la recomendaci\u00f3n 201VG\/2025 por violaciones graves a derechos humanos, relacionada con la ejecuci\u00f3n de dos ni\u00f1as, Leidy y Alexa, por elementos del Ej\u00e9rcito mexicano en Sinaloa en mayo de 2025.<\/p>\n\n\n\n<p class=\"wp-block-paragraph\">El ej\u00e9rcito abri\u00f3 fuego injustificadamente en contra de una camioneta que circulaba en una carretera del estado de Sinaloa. Las ni\u00f1as, de 7 y 11 a\u00f1os, fueron asesinadas junto con su prima y su primo de 12 y 14 a\u00f1os, al igual de dos adultos que resultaron heridos. Los hechos sucedieron en la sierra de Badiraguato inicialmente fueron abordados como un enfrentamiento o fuego cruzado por las autoridades militares, versi\u00f3n que fue desmentida posteriormente por la familia afectada.<\/p>\n\n\n\n<p class=\"wp-block-paragraph\">La CNDH reconoce que las ni\u00f1as fueron privadas de la vida resultado del uso indebido de la fuerza por parte de los elementos militares. Se trata de la primera recomendaci\u00f3n por violaciones graves a derechos humanos de la CNDH por hechos cometidos durante el gobierno de la presidenta Claudia Sheinbaum.<\/p>\n\n\n\n<p class=\"wp-block-paragraph\">La CNDH incluy\u00f3 una serie de medidas reparatorias, entre las cuales se destaca la exigencia de una disculpa p\u00fablica por parte de la Secretar\u00eda de la Defensa Nacional (Defensa). Conforme a est\u00e1ndares internacionales, esta disculpa debe ser consensuada y aceptada por las v\u00edctimas en todos sus extremos.<\/p>\n\n\n\n<p class=\"wp-block-paragraph\">La CNDH agreg\u00f3 que la familia a la que pertenec\u00edan las menores fue afectada anteriormente por elementos del Ej\u00e9rcito mexicano, ya que en 2008 uno de sus integrantes fue privado de la vida arbitrariamente por elementos del Ej\u00e9rcito, lo que deriv\u00f3 en que el caso llegara a la Comisi\u00f3n Interamericana de Derechos Humanos (CIDH).<\/p>\n\n\n\n<p class=\"wp-block-paragraph\">El Centro de Derechos Humanos Miguel Agust\u00edn Pro Ju\u00e1rez (Centro ProDH) cuestion\u00f3 la recomendaci\u00f3n, se\u00f1alando que omiti\u00f3 un an\u00e1lisis profundo sobre el despliegue militar en tareas de seguridad y el intento inicial de las autoridades de encubrir los hechos al circular el rumor de un \u201cfuego cruzado\u201d, una versi\u00f3n utilizada frecuentemente por elementos castrenses para evadir la rendici\u00f3n de cuentas.<\/p>\n\n\n\n<p class=\"wp-block-paragraph\">Asimismo, el Centro ProDH critic\u00f3 que la integraci\u00f3n del expediente no puso al centro la perspectiva v\u00edctima ni las exigencias de la familia respecto a las investigaciones y la reparaci\u00f3n del da\u00f1o.<\/p>\n\n\n\n<p class=\"wp-block-paragraph\">El 11 de noviembre, el secretario de la Defensa Nacional, Ricardo Trevilla Trejo, inform\u00f3 que un juez dict\u00f3 prisi\u00f3n a seis militares implicados en el homicidios de Leydi y Alexa. Adem\u00e1s de que la Fiscal\u00eda General de la Rep\u00fablica y la Fiscal\u00eda General de Justicia Militar abrieron carpetas de investigaci\u00f3n desde el primer momento y segu\u00edan investigando el caso.<\/p>\n\n\n\n<p class=\"wp-block-paragraph\"><\/p>\n","protected":false},"excerpt":{"rendered":"<p>Se trata de la primera recomendaci\u00f3n de la CNDH por hechos ocurridos durante el gobierno de la presidenta Claudia Sheinbaum. SemM\u00e9xico\/El Sol de M\u00e9xico, Cd de M\u00e9xico, 17 agosto 2025.-La Comisi\u00f3n Nacional de los Derechos Humanos (CNDH) emiti\u00f3 la recomendaci\u00f3n 201VG\/2025 por violaciones graves a derechos humanos, relacionada con la ejecuci\u00f3n de dos ni\u00f1as, Leidy [&hellip;]<\/p>\n","protected":false},"author":3,"featured_media":101445,"comment_status":"open","ping_status":"open","sticky":false,"template":"","format":"standard","meta":{"_monsterinsights_skip_tracking":false,"footnotes":""},"categories":[48],"tags":[],"class_list":["post-101444","post","type-post","status-publish","format-standard","has-post-thumbnail","category-no-mas-impunidad-no-mas-impunidad"],"_links":{"self":[{"href":"https:\/\/redsemlac.com\/semmexico\/wp-json\/wp\/v2\/posts\/101444","targetHints":{"allow":["GET"]}}],"collection":[{"href":"https:\/\/redsemlac.com\/semmexico\/wp-json\/wp\/v2\/posts"}],"about":[{"href":"https:\/\/redsemlac.com\/semmexico\/wp-json\/wp\/v2\/types\/post"}],"author":[{"embeddable":true,"href":"https:\/\/redsemlac.com\/semmexico\/wp-json\/wp\/v2\/users\/3"}],"replies":[{"embeddable":true,"href":"https:\/\/redsemlac.com\/semmexico\/wp-json\/wp\/v2\/comments?post=101444"}],"version-history":[{"count":0,"href":"https:\/\/redsemlac.com\/semmexico\/wp-json\/wp\/v2\/posts\/101444\/revisions"}],"wp:featuredmedia":[{"embeddable":true,"href":"https:\/\/redsemlac.com\/semmexico\/wp-json\/wp\/v2\/media\/101445"}],"wp:attachment":[{"href":"https:\/\/redsemlac.com\/semmexico\/wp-json\/wp\/v2\/media?parent=101444"}],"wp:term":[{"taxonomy":"category","embeddable":true,"href":"https:\/\/redsemlac.com\/semmexico\/wp-json\/wp\/v2\/categories?post=101444"},{"taxonomy":"post_tag","embeddable":true,"href":"https:\/\/redsemlac.com\/semmexico\/wp-json\/wp\/v2\/tags?post=101444"}],"curies":[{"name":"wp","href":"https:\/\/api.w.org\/{rel}","templated":true}]}}