{"id":101426,"date":"2025-12-17T19:56:21","date_gmt":"2025-12-18T01:56:21","guid":{"rendered":"https:\/\/redsemlac.com\/semmexico\/?p=101426"},"modified":"2025-12-17T19:57:12","modified_gmt":"2025-12-18T01:57:12","slug":"historica-y-de-grandes-avances-para-las-mujeres-la-sentencia-de-la-corte-idh","status":"publish","type":"post","link":"https:\/\/redsemlac.com\/semmexico\/historica-y-de-grandes-avances-para-las-mujeres-la-sentencia-de-la-corte-idh\/","title":{"rendered":"Hist\u00f3rica y de grandes avances para las mujeres la sentencia de la Corte IDH \u00a0"},"content":{"rendered":"\n<ul class=\"wp-block-list\">\n<li>\u00b7 Permitir\u00e1 abordar las m\u00faltiples barreras que enfrentan las mujeres\u00a0ind\u00edgenas y de edad en el acceso a la justicia<\/li>\n\n\n\n<li>\u00b7 Celebra familia y representantes de Ernestina Ascencio Rosario\u00a0determinaci\u00f3n<\/li>\n<\/ul>\n\n\n\n<p class=\"wp-block-paragraph\">Redacci\u00f3n<\/p>\n\n\n\n<p class=\"wp-block-paragraph\">SemM\u00e9xico, Ciudad de M\u00e9xico, 17 de diciembre, 2025.- La decisi\u00f3n de la Corte&nbsp;IDH reviste una importancia hist\u00f3rica que permitir\u00e1 abordar las m\u00faltiples barreras&nbsp;que enfrentan las mujeres ind\u00edgenas en el acceso a la justicia frente a la violencia&nbsp;y discriminaci\u00f3n por razones de etnia, g\u00e9nero y exclusi\u00f3n econ\u00f3mica, al declarar&nbsp;que las violaciones perpetradas por el Estado en perjuicio de las v\u00edctimas&nbsp;Ernestina Ascencio Rosario y Familia.<\/p>\n\n\n\n<p class=\"wp-block-paragraph\">As\u00ed lo se\u00f1alan en un comunicado la familia de dola Ernestina Ascencio Rosario y&nbsp;sus representantes, quienes afirman que las violaciones a derechos humanos de&nbsp;los que han sido objeto tras casi 19 a\u00f1os fueron resultado de la violencia&nbsp;institucional, la discriminaci\u00f3n estructural y la violaci\u00f3n del derecho a la verdad,&nbsp;que derivaron en la impunidad de los responsables y proponen que el Estado&nbsp;mexicano \u201cproponga una hoja de ruta\u201d para cumplir con la sentencia.<\/p>\n\n\n\n<p class=\"wp-block-paragraph\">Por ello, celebran la decisi\u00f3n de la Corte Interamericana de Derechos Humanos&nbsp;(Corte IDH) en la que, declar\u00f3 la responsabilidad internacional del Estado&nbsp;mexicano por la violaci\u00f3n sexual, tortura y muerte de do\u00f1a Ernestina Ascencio&nbsp;Rosario, ind\u00edgena nahua monoling\u00fce de 73 a\u00f1os, agredida en febrero de 2007 por&nbsp;miembros del Ej\u00e9rcito Mexicano en la Sierra de Zongolica, Veracruz.<\/p>\n\n\n\n<p class=\"wp-block-paragraph\">La sentencia avanza en la protecci\u00f3n de las personas mayores al declarar que&nbsp;adquiere un car\u00e1cter reforzado cuando la edad se cruza con otros factores de&nbsp;vulnerabilidad, como el g\u00e9nero y el origen \u00e9tnico, particularmente en contextos de&nbsp;militarizaci\u00f3n, donde se agravan las condiciones de violencia, exclusi\u00f3n y&nbsp;discriminaci\u00f3n estructural, refieren en un comunicado firmado por seis&nbsp;organizaciones.<\/p>\n\n\n\n<p class=\"wp-block-paragraph\">Destacan que en la notificaci\u00f3n de la sentencia, que se dio a conocer ayer, desde&nbsp;Costa Rica, la Corte IDH reiter\u00f3 el reconocimiento de los obst\u00e1culos estructurales&nbsp;que enfrentan los pueblos y las personas ind\u00edgenas en el acceso a la justicia como&nbsp;resultado de las din\u00e1micas hist\u00f3ricas de discriminaci\u00f3n, marginaci\u00f3n y exclusi\u00f3n&nbsp;social y orden\u00f3 al Estado adoptar medidas para su eliminaci\u00f3n.<\/p>\n\n\n\n<p class=\"wp-block-paragraph\">El an\u00e1lisis sistem\u00e1tico que realiz\u00f3 la Corte de los factores que garantizaron\u00a0impunidad a los responsables, tales como las declaraciones p\u00fablicas de altas\u00a0autoridades, incluido el entonces presidente de la Rep\u00fablica, Felipe Calder\u00f3n\u00a0Hinojosa, hace visible la manera en que la conducta estatal condujo a perpetuar la\u00a0discriminaci\u00f3n, la impunidad y a profundizar la situaci\u00f3n de vulnerabilidad de la se\u00f1ora Ernestina y de su familia y en consecuencia el Estado incurri\u00f3 en violencia\u00a0institucional.<\/p>\n\n\n\n<p class=\"wp-block-paragraph\"><strong>Una nueva metodolog\u00eda<\/strong><\/p>\n\n\n\n<p class=\"wp-block-paragraph\">De acuerdo con la familia de Ernestina Ascencio Rosario y sus representantes con&nbsp;la sentencia se sienta un precedente en la forma de abordar y analizar la&nbsp;actuaci\u00f3n del Estado ofrece a las fiscal\u00edas y a quienes imparten justicia, una&nbsp;metodolog\u00eda para asegurar una actuaci\u00f3n en el marco de las garant\u00edas del debido&nbsp;proceso y la protecci\u00f3n judicial centrada en los derechos de las v\u00edctimas y las&nbsp;condiciones de vulnerabilidad que enfrentan por razones \u00e9tnicas, de g\u00e9nero y&nbsp;cualquier otro factor de discriminaci\u00f3n.<\/p>\n\n\n\n<p class=\"wp-block-paragraph\">En consecuencia, la Corte orden\u00f3 al Estado, entre otras medidas de reparaci\u00f3n,&nbsp;realizar una investigaci\u00f3n penal exhaustiva y seria en un plazo razonable, de la&nbsp;violaci\u00f3n, tortura y muerte de do\u00f1a Ernestina, que derive en la sanci\u00f3n de los&nbsp;responsables.<\/p>\n\n\n\n<p class=\"wp-block-paragraph\">Adem\u00e1s de adoptar medidas de satisfacci\u00f3n y rehabilitaci\u00f3n, como brindar&nbsp;atenci\u00f3n m\u00e9dica y psicol\u00f3gica culturalmente adecuadas a sus familiares; hacer&nbsp;p\u00fablica la sentencia y realizar un acto p\u00fablico de reconocimiento de&nbsp;responsabilidad; y otorgar becas de estudios b\u00e1sicos, t\u00e9cnicos y\/o universitarios a&nbsp;nietos y nietas de do\u00f1a Ernestina que as\u00ed lo deseen. &nbsp;<\/p>\n\n\n\n<p class=\"wp-block-paragraph\">Tambi\u00e9n orden\u00f3 al Estado mexicano implementar un programa de formaci\u00f3n y&nbsp;capacitaci\u00f3n de servidores p\u00fablicos en los aspectos se\u00f1alados en la sentencia; a&nbsp;fortalecer el centro de salud ubicado en el Municipio de Soledad Atzompa; a&nbsp;adoptar medidas en materia de salud y justicia con perspectiva de g\u00e9nero, \u00e9tnica y&nbsp;etaria; a atender las barreras ling\u00fc\u00edsticas que enfrentan las mujeres ind\u00edgenas en&nbsp;el Estado de Veracruz, y a elaborar un registro nacional de int\u00e9rpretes de lenguas&nbsp;ind\u00edgenas. &nbsp;<\/p>\n\n\n\n<p class=\"wp-block-paragraph\">El Estado deber\u00e1 informar dentro de un a\u00f1o sobre el cumplimiento de estas&nbsp;medidas y la Corte lo supervisar\u00e1 hasta su plena implementaci\u00f3n.<\/p>\n\n\n\n<p class=\"wp-block-paragraph\">\u00abEstoy muy contenta porque nosotras solas no sab\u00edamos qu\u00e9 \u00edbamos a hacer y&nbsp;ustedes nos apoyaron. Ahora con la sentencia, ya sabemos que s\u00ed nos hicieron&nbsp;caso. A tres meses de cumplir los 19 a\u00f1os de la muerte de mi mam\u00e1, hoy escuch\u00e9&nbsp;un poco de justicia de lo que hemos venido luchando, pero falta que el Estado&nbsp;cumpla con lo que le ordenaron\u00bb, dijo Martha In\u00e9s Asencio, hija de do\u00f1a Ernestina,&nbsp;tras conocer la sentencia.<\/p>\n\n\n\n<p class=\"wp-block-paragraph\">Para Patricia Ben\u00edtez P\u00e9rez, coordinadora del Cetntro de Estudios Sociales y&nbsp;Culturales Antonio Montesinos, \u00abla sentencia de la Corte IDH honra la memoria de&nbsp;do\u00f1a Ernestina Ascencio Rosario. La verdad acallada durante 19 a\u00f1os de la&nbsp;familia In\u00e9s Ascencio ha sido dignificada en el m\u00e1s alto Tribunal de justicia en la&nbsp;regi\u00f3n, que respalda la verdad y las palabras que en vida expres\u00f3 do\u00f1a Ernestina:<\/p>\n\n\n\n<p class=\"wp-block-paragraph\">&#8216;Pinomeh xoxokmeh nopan omotlahtlamotlakeh&#8217; -Los hombres de verde se me&nbsp;echaron encima-\u00ab.<\/p>\n\n\n\n<p class=\"wp-block-paragraph\">A su vez, Julia Marcela Su\u00e1rez Cabrera, representante de Asesor\u00eda Jur\u00eddica y&nbsp;Defensa de los Derechos Humanos, se\u00f1al\u00f3 que \u00abel reclamo que emprendimos&nbsp;para conocer la verdad sobre los agravios perpetrados contra do\u00f1a Ernestina y su&nbsp;familia, posibilit\u00f3 que la Corte IDH les brindara justicia y ordenara al Estado la&nbsp;implementaci\u00f3n de medidas de reparaci\u00f3n para las v\u00edctimas y de no repetici\u00f3n,&nbsp;que garanticen los derechos de las mujeres ind\u00edgenas en M\u00e9xico\u00bb.<\/p>\n\n\n\n<p class=\"wp-block-paragraph\">Las representantes de las v\u00edctimas consideramos que la jurisprudencia emitida por&nbsp;la Corte en este caso ser\u00e1 una herramienta fundamental en la lucha contra el&nbsp;racismo estructural que como en el presente caso se manifiesta con la&nbsp;discriminaci\u00f3n racial que enfrentan las mujeres ind\u00edgenas y otros sectores&nbsp;hist\u00f3ricamente discriminados que buscan protecci\u00f3n judicial frente a las violencias&nbsp;ejercidas en su contra.<\/p>\n\n\n\n<p class=\"wp-block-paragraph\"><strong>Casi dos d\u00e9cadas despu\u00e9s<\/strong><\/p>\n\n\n\n<p class=\"wp-block-paragraph\">La sentencia llega luego de casi dos d\u00e9cadas de ocurridos los hechos, de&nbsp;b\u00fasqueda ininterrumpida de la verdad, la justicia y la reparaci\u00f3n sin resultados, lo&nbsp;que llev\u00f3 a la Comisi\u00f3n Interamericana de Derechos Humanos a presentar el caso&nbsp;ante la Corte IDH en el 2023. &nbsp;<\/p>\n\n\n\n<p class=\"wp-block-paragraph\">La prolongada falta de respuestas estatales adecuadas consolid\u00f3 hasta el d\u00eda de&nbsp;hoy, un escenario de impunidad y violaci\u00f3n del derecho a la verdad que la decisi\u00f3n&nbsp;de la Corte IDH busca corregir y que refleja las fallas estructurales del Estado en&nbsp;la garant\u00eda integral de los derechos humanos de las mujeres ind\u00edgenas, en&nbsp;especial, del derecho a una vida libre de violencia y discriminaci\u00f3n, el derecho a&nbsp;una vida digna, as\u00ed como a tener las garant\u00edas adecuadas de acceso a la verdad y&nbsp;la justicia.<\/p>\n\n\n\n<p class=\"wp-block-paragraph\">El comunicado fue suscrito por las organizaciones Abogadas y Abogados para la&nbsp;Justicia y los Derechos Humanos (AJDH), el Centro de Servicios Municipales&nbsp;Heriberto Jara A.C. (CESEM), Kalli Luz Marina A.C., la Coordinadora Nacional de&nbsp;Mujeres Ind\u00edgenas (CONAMI), el Robert and Ethel Kennedy Human Rights Center&nbsp;y el Instituto Internacional sobre Raza, Igualdad y Derechos Humanos.<\/p>\n\n\n\n<p class=\"wp-block-paragraph\">Como representantes de las v\u00edctimas tras la notificaci\u00f3n de la sentencia solicitaron&nbsp;formalmente al Estado mexicano proponga una hoja de ruta para el cumplimiento&nbsp;pleno de la sentencia, lo cual le brinda la oportunidad de honrar la palabra&nbsp;empe\u00f1ada al declarar el 2025 \u00abA\u00f1o de las Mujeres ind\u00edgenas\u00bb, cumpli\u00e9ndola a&nbsp;cabalidad y sin mayor dilaci\u00f3n.<\/p>\n\n\n\n<p class=\"wp-block-paragraph\">SEM\/sj<\/p>\n\n\n\n<p class=\"wp-block-paragraph\"><\/p>\n","protected":false},"excerpt":{"rendered":"<p>Redacci\u00f3n SemM\u00e9xico, Ciudad de M\u00e9xico, 17 de diciembre, 2025.- La decisi\u00f3n de la Corte&nbsp;IDH reviste una importancia hist\u00f3rica que permitir\u00e1 abordar las m\u00faltiples barreras&nbsp;que enfrentan las mujeres ind\u00edgenas en el acceso a la justicia frente a la violencia&nbsp;y discriminaci\u00f3n por razones de etnia, g\u00e9nero y exclusi\u00f3n econ\u00f3mica, al declarar&nbsp;que las violaciones perpetradas por el Estado [&hellip;]<\/p>\n","protected":false},"author":3,"featured_media":101387,"comment_status":"open","ping_status":"open","sticky":false,"template":"","format":"standard","meta":{"_monsterinsights_skip_tracking":false,"footnotes":""},"categories":[694],"tags":[],"class_list":["post-101426","post","type-post","status-publish","format-standard","has-post-thumbnail","category-destacadas"],"_links":{"self":[{"href":"https:\/\/redsemlac.com\/semmexico\/wp-json\/wp\/v2\/posts\/101426","targetHints":{"allow":["GET"]}}],"collection":[{"href":"https:\/\/redsemlac.com\/semmexico\/wp-json\/wp\/v2\/posts"}],"about":[{"href":"https:\/\/redsemlac.com\/semmexico\/wp-json\/wp\/v2\/types\/post"}],"author":[{"embeddable":true,"href":"https:\/\/redsemlac.com\/semmexico\/wp-json\/wp\/v2\/users\/3"}],"replies":[{"embeddable":true,"href":"https:\/\/redsemlac.com\/semmexico\/wp-json\/wp\/v2\/comments?post=101426"}],"version-history":[{"count":0,"href":"https:\/\/redsemlac.com\/semmexico\/wp-json\/wp\/v2\/posts\/101426\/revisions"}],"wp:featuredmedia":[{"embeddable":true,"href":"https:\/\/redsemlac.com\/semmexico\/wp-json\/wp\/v2\/media\/101387"}],"wp:attachment":[{"href":"https:\/\/redsemlac.com\/semmexico\/wp-json\/wp\/v2\/media?parent=101426"}],"wp:term":[{"taxonomy":"category","embeddable":true,"href":"https:\/\/redsemlac.com\/semmexico\/wp-json\/wp\/v2\/categories?post=101426"},{"taxonomy":"post_tag","embeddable":true,"href":"https:\/\/redsemlac.com\/semmexico\/wp-json\/wp\/v2\/tags?post=101426"}],"curies":[{"name":"wp","href":"https:\/\/api.w.org\/{rel}","templated":true}]}}