{"id":101407,"date":"2025-12-17T09:10:30","date_gmt":"2025-12-17T15:10:30","guid":{"rendered":"https:\/\/redsemlac.com\/semmexico\/?p=101407"},"modified":"2025-12-17T09:10:31","modified_gmt":"2025-12-17T15:10:31","slug":"solo-28-de-impugnaciones-por-violencia-politica-de-genero-se-acreditaron","status":"publish","type":"post","link":"https:\/\/redsemlac.com\/semmexico\/solo-28-de-impugnaciones-por-violencia-politica-de-genero-se-acreditaron\/","title":{"rendered":"S\u00f3lo 28% de impugnaciones por violencia pol\u00edtica de g\u00e9nero se acreditaron"},"content":{"rendered":"\n<p class=\"wp-block-paragraph\">Durante el segundo semestre de 2025, el Tribunal Electoral del Estado de M\u00e9xico registr\u00f3 25 medios de impugnaci\u00f3n, de los cuales \u00fanicamente siete acreditaron violencia pol\u00edtica contra las mujeres en raz\u00f3n de g\u00e9nero.<\/p>\n\n\n\n<p class=\"wp-block-paragraph\">El Tribunal subray\u00f3 que no todos los medios de impugnaci\u00f3n son promovidos por mujeres, lo que influye en la determinaci\u00f3n de la acreditaci\u00f3n \/ Foto: Cortes\u00eda \/ TEEM<\/p>\n\n\n\n<p class=\"wp-block-paragraph\">Redacci\u00f3n <\/p>\n\n\n\n<p class=\"wp-block-paragraph\">SemM\u00e9xico\/El sol de Toluca, Edo de M\u00e9xico, 17 de diciembre 2025.-Durante el segundo semestre de 2025, el Tribunal Electoral del Estado de M\u00e9xico (TEEM) registr\u00f3 25 medios de impugnaci\u00f3n vinculados con posibles casos de violencia pol\u00edtica contra las mujeres en raz\u00f3n de g\u00e9nero, de los cuales solo en siete se acredit\u00f3 dicha conducta, lo que representa el 28 por ciento del total, de acuerdo con el reporte estad\u00edstico presentado ante el Observatorio de Participaci\u00f3n Pol\u00edtica de las Mujeres en el Estado de M\u00e9xico.<\/p>\n\n\n\n<p class=\"wp-block-paragraph\">El informe detall\u00f3 que 19 de los 25 asuntos ya fueron resueltos, equivalente al 76 por ciento, mientras que seis expedientes, es decir 24 por ciento, contin\u00faan en sustanciaci\u00f3n, debido a la naturaleza procesal de los casos.&nbsp;<\/p>\n\n\n\n<p class=\"wp-block-paragraph\">Adem\u00e1s, los medios de impugnaci\u00f3n analizados incluyeron juicios para la protecci\u00f3n de los derechos pol\u00edtico-electorales de la ciudadan\u00eda, procedimientos especiales sancionadores, recursos de apelaci\u00f3n y asuntos especiales.<\/p>\n\n\n\n<p class=\"wp-block-paragraph\">Del total de juicios ciudadanos promovidos, en la mitad de los casos se acredit\u00f3 violencia pol\u00edtica contra las mujeres, mientras que en los procedimientos especiales sancionadores \u00fanicamente uno deriv\u00f3 en una resoluci\u00f3n afirmativa.&nbsp;<\/p>\n\n\n\n<p class=\"wp-block-paragraph\">El Tribunal subray\u00f3 que no todos los medios de impugnaci\u00f3n son promovidos por mujeres, lo que influye en la determinaci\u00f3n de la acreditaci\u00f3n, ya que la violencia pol\u00edtica de g\u00e9nero requiere elementos espec\u00edficos para su configuraci\u00f3n jur\u00eddica.<\/p>\n\n\n\n<h3 class=\"wp-block-heading\">Defensor\u00eda electoral<\/h3>\n\n\n\n<p class=\"wp-block-paragraph\">En el mismo reporte se present\u00f3 el balance de actividades de la Defensor\u00eda Electoral del Estado de M\u00e9xico, instancia que brinda orientaci\u00f3n, asesor\u00eda y representaci\u00f3n jur\u00eddica, principalmente a mujeres y personas pertenecientes a grupos en situaci\u00f3n de vulnerabilidad.&nbsp;<\/p>\n\n\n\n<p class=\"wp-block-paragraph\">En su reporte, el segundo semestre del a\u00f1o, la Defensor\u00eda atendi\u00f3 13 casos, tanto de manera presencial como telef\u00f3nica, con un enfoque de interseccionalidad, atendiendo a personas ind\u00edgenas, adultas mayores y de la diversidad sexual, adem\u00e1s de ciudadan\u00eda sin adscripci\u00f3n a un grupo vulnerable espec\u00edfico.<\/p>\n\n\n\n<h3 class=\"wp-block-heading\">Informe del Observatorio<\/h3>\n\n\n\n<p class=\"wp-block-paragraph\">Sumado a lo anterior, en la sesi\u00f3n del Observatorio tambi\u00e9n se present\u00f3 el Informe Anual de Resultados 2025, a cargo de su presidenta saliente, Amalia Pulido G\u00f3mez, quien calific\u00f3 el a\u00f1o como at\u00edpico e in\u00e9dito debido al proceso electoral judicial extraordinario, mediante el cual, por primera vez, se eligieron cargos del Poder Judicial por voto ciudadano.<\/p>\n\n\n\n<p class=\"wp-block-paragraph\">Pulido G\u00f3mez destac\u00f3 que, frente a este contexto, el Observatorio ampli\u00f3 su alcance y fortaleci\u00f3 sus acciones de acompa\u00f1amiento, capacitaci\u00f3n y difusi\u00f3n para prevenir la violencia pol\u00edtica contra las mujeres.&nbsp;<\/p>\n\n\n\n<p class=\"wp-block-paragraph\">Enfatiz\u00f3 que de un programa inicial de 209 actividades, se lograron m\u00e1s de 575 acciones, superando ampliamente las metas establecidas, adem\u00e1s de generar cientos de contenidos y espacios de reflexi\u00f3n que fortalecieron la memoria institucional y la difusi\u00f3n de los derechos pol\u00edtico-electorales.<\/p>\n\n\n\n<p class=\"wp-block-paragraph\">Finalmente, se nombr\u00f3 a la magistrada presidenta del (TEEM), Arlen Siu Jaime Merlos, como presidenta del Observatorio a partir de enero de 2026 y refrend\u00f3 su compromiso con la defensa de los derechos pol\u00edtico-electorales de las mujeres y con la continuidad del trabajo del Observatorio, al que calific\u00f3 como un referente nacional en la promoci\u00f3n de la igualdad sustantiva y la erradicaci\u00f3n de la violencia pol\u00edtica de g\u00e9nero.<\/p>\n","protected":false},"excerpt":{"rendered":"<p>Durante el segundo semestre de 2025, el Tribunal Electoral del Estado de M\u00e9xico registr\u00f3 25 medios de impugnaci\u00f3n, de los cuales \u00fanicamente siete acreditaron violencia pol\u00edtica contra las mujeres en raz\u00f3n de g\u00e9nero. El Tribunal subray\u00f3 que no todos los medios de impugnaci\u00f3n son promovidos por mujeres, lo que influye en la determinaci\u00f3n de la [&hellip;]<\/p>\n","protected":false},"author":3,"featured_media":101408,"comment_status":"open","ping_status":"open","sticky":false,"template":"","format":"standard","meta":{"_monsterinsights_skip_tracking":false,"footnotes":""},"categories":[700],"tags":[],"class_list":["post-101407","post","type-post","status-publish","format-standard","has-post-thumbnail","category-estados"],"_links":{"self":[{"href":"https:\/\/redsemlac.com\/semmexico\/wp-json\/wp\/v2\/posts\/101407","targetHints":{"allow":["GET"]}}],"collection":[{"href":"https:\/\/redsemlac.com\/semmexico\/wp-json\/wp\/v2\/posts"}],"about":[{"href":"https:\/\/redsemlac.com\/semmexico\/wp-json\/wp\/v2\/types\/post"}],"author":[{"embeddable":true,"href":"https:\/\/redsemlac.com\/semmexico\/wp-json\/wp\/v2\/users\/3"}],"replies":[{"embeddable":true,"href":"https:\/\/redsemlac.com\/semmexico\/wp-json\/wp\/v2\/comments?post=101407"}],"version-history":[{"count":0,"href":"https:\/\/redsemlac.com\/semmexico\/wp-json\/wp\/v2\/posts\/101407\/revisions"}],"wp:featuredmedia":[{"embeddable":true,"href":"https:\/\/redsemlac.com\/semmexico\/wp-json\/wp\/v2\/media\/101408"}],"wp:attachment":[{"href":"https:\/\/redsemlac.com\/semmexico\/wp-json\/wp\/v2\/media?parent=101407"}],"wp:term":[{"taxonomy":"category","embeddable":true,"href":"https:\/\/redsemlac.com\/semmexico\/wp-json\/wp\/v2\/categories?post=101407"},{"taxonomy":"post_tag","embeddable":true,"href":"https:\/\/redsemlac.com\/semmexico\/wp-json\/wp\/v2\/tags?post=101407"}],"curies":[{"name":"wp","href":"https:\/\/api.w.org\/{rel}","templated":true}]}}