{"id":101345,"date":"2025-12-15T19:28:27","date_gmt":"2025-12-16T01:28:27","guid":{"rendered":"https:\/\/redsemlac.com\/semmexico\/?p=101345"},"modified":"2025-12-15T19:37:08","modified_gmt":"2025-12-16T01:37:08","slug":"chile-elige-presidente-con-la-ultraderecha-como-favorita","status":"publish","type":"post","link":"https:\/\/redsemlac.com\/semmexico\/chile-elige-presidente-con-la-ultraderecha-como-favorita\/","title":{"rendered":"Chile elige presidente con la ultraderecha como favorita \u00a0"},"content":{"rendered":"\n<p class=\"wp-block-paragraph\"><strong><br><\/strong><strong>\u00b7&nbsp;Por primera vez desde la dictadura&nbsp;los chilenos decidir\u00e1n entre Jos\u00e9&nbsp;Antonio y Jeannette Jara<br><\/strong><strong>\u00b7&nbsp;Kast, que ha prometido deportar a casi 340 mil migrantes sin papeles; Jara,&nbsp;que asegur\u00f3 aumentar el sueldo m\u00ednimo<br><\/strong><strong><br><\/strong><strong>Redacci\u00f3n &nbsp;<\/strong><\/p>\n\n\n\n<p class=\"wp-block-paragraph\">SemM\u00e9xico\/El Sol de M\u00e9xico, Ciudad de M\u00e9xico, 15 de diciembre, 2025<\/p>\n\n\n\n<p class=\"wp-block-paragraph\">Los chilenos votan este domingo en un pa\u00eds polarizado entre el candidato m\u00e1s a la&nbsp;derecha desde el fin de la&nbsp;<a href=\"https:\/\/oem.com.mx\/elsoldemexico\/mundo\/claro-que-voy-a-volver-a-venezuela-dice-lider-opositora-machado-27218591.app.json\" target=\"_blank\" rel=\"noreferrer noopener\">dictadura<\/a>&nbsp;de Augusto Pinochet hace 35 a\u00f1os y una&nbsp;comunista moderada que representa a la izquierda.<\/p>\n\n\n\n<p class=\"wp-block-paragraph\">Los sondeos se\u00f1alan como favorito a Jos\u00e9 Antonio Kast, un abogado de 59 a\u00f1os,&nbsp;devoto cat\u00f3lico y padre de nueve hijos, que promete deportar a casi 340 mil&nbsp;migrantes sin papeles, la mayor\u00eda venezolanos, y atacar de frente la criminalidad.<\/p>\n\n\n\n<p class=\"wp-block-paragraph\">Su rival es Jeannette Jara, una abogada de 51 a\u00f1os de origen humilde, exministra&nbsp;de Trabajo oficialista que redujo la jornada laboral a 40 horas. Promete subir el&nbsp;sueldo m\u00ednimo y defender las pensiones.<\/p>\n\n\n\n<p class=\"wp-block-paragraph\">Tras votar en la comuna de Paine, a 40 km de Santiago, Kast fue ovacionado por&nbsp;una multitud a los gritos de \u201c\u00a1presidente!\u201d.<\/p>\n\n\n\n<p class=\"wp-block-paragraph\">Prometi\u00f3 un gobierno de unidad si gana el balotaje. \u201cQuien gane (&#8230;) va a tener&nbsp;que ser presidenta o presidente de todos los chilenos\u201d, dijo a periodistas luego de&nbsp;sufragar.<\/p>\n\n\n\n<p class=\"wp-block-paragraph\">Jara vot\u00f3 en Conchal\u00ed, el barrio humilde de Santiago donde creci\u00f3, y pidi\u00f3 un Chile&nbsp;sin odio ni miedo. Prometi\u00f3 \u201ccombatir de frente el narcotr\u00e1fico, la corrupci\u00f3n\u201d.<\/p>\n\n\n\n<p class=\"wp-block-paragraph\">\u201cVoy a votar por Kast porque me da m\u00e1s confianza. El comunismo en ninguna&nbsp;parte del mundo ha sido positivo\u201d, dijo a la AFP Jos\u00e9 Gonz\u00e1lez, un transportista de&nbsp;74 a\u00f1os, en una fila de votaci\u00f3n en el centro de Santiago.<\/p>\n\n\n\n<p class=\"wp-block-paragraph\">Kast ha repetido durante la campa\u00f1a que Chile \u201cse cae a pedazos\u201d. Este es su&nbsp;tercer intento de llegar a la presidencia, ahora como candidato del Partido&nbsp;Republicano que fund\u00f3 hace cinco a\u00f1os, porque la derecha tradicional le parec\u00eda&nbsp;muy blanda.<\/p>\n\n\n\n<p class=\"wp-block-paragraph\">En sus actos p\u00fablicos, detr\u00e1s de un vidrio blindado en uno de los pa\u00edses m\u00e1s&nbsp;seguros de la regi\u00f3n, este exdiputado presenta a Chile casi como un Estado fallido&nbsp;dominado por el narco, que se aleja del \u201cmilagro econ\u00f3mico\u201d que lo torn\u00f3 una de&nbsp;las naciones m\u00e1s exitosas de Latinoam\u00e9rica.<\/p>\n\n\n\n<p class=\"wp-block-paragraph\">\u201cLo importante, m\u00e1s que los beneficios sociales, es el trabajo, la seguridad. Que la&nbsp;gente pueda salir de su casa sin tener miedo y regresar en la noche y no pensar<\/p>\n\n\n\n<p class=\"wp-block-paragraph\">que en las esquinas le va a pasar algo\u201d, declar\u00f3 a la AFP \u00darsula Villalobos, una&nbsp;ama de casa de 44 a\u00f1os que votar\u00e1 a Kast.<\/p>\n\n\n\n<p class=\"wp-block-paragraph\"><strong>Un Pinochet sin uniforme<br><\/strong><strong><\/strong><\/p>\n\n\n\n<p class=\"wp-block-paragraph\">Un 63 por ciento de los chilenos afirman que el crimen y la violencia son su mayor&nbsp;preocupaci\u00f3n, seguidos por el bajo crecimiento econ\u00f3mico, seg\u00fan un sondeo&nbsp;Ipsos de octubre.<\/p>\n\n\n\n<p class=\"wp-block-paragraph\">Expertos se\u00f1alan sin embargo que la percepci\u00f3n del miedo en Chile es mucho&nbsp;mayor de lo que indican las cifras reales de criminalidad.<\/p>\n\n\n\n<p class=\"wp-block-paragraph\">Los homicidios se duplicaron en la \u00faltima d\u00e9cada, aunque est\u00e1n en baja hace dos&nbsp;a\u00f1os. No obstante, hay un alza de cr\u00edmenes violentos como el secuestro y la&nbsp;extorsi\u00f3n, de la mano de la llegada al pa\u00eds de bandas venezolanas, colombianas y&nbsp;peruanas, como el Tren de Aragua.<\/p>\n\n\n\n<p class=\"wp-block-paragraph\">El gobierno izquierdista de Gabriel Boric, un exl\u00edder estudiantil que lleg\u00f3 al poder&nbsp;tras las masivas protestas de 2019 fracas\u00f3 en reformar la Constituci\u00f3n de&nbsp;Pinochet y eso \u201cle quit\u00f3 todo el piso pol\u00edtico\u201d, estim\u00f3 Robert Funk, profesor de&nbsp;ciencia pol\u00edtica de la Universidad de Chile.<\/p>\n\n\n\n<p class=\"wp-block-paragraph\">En la primera ronda electoral, hace un mes, tanto Jara como Kast obtuvieron un&nbsp;cuarto de los votos, con una ligera ventaja para la izquierdista. Pero los votos de&nbsp;derecha sumaron un 70 por ciento, y analistas creen que propulsar\u00e1n a Kast al&nbsp;palacio presidencial de La Moneda.<\/p>\n\n\n\n<p class=\"wp-block-paragraph\">Desde 2010 la derecha y la izquierda se alternan en el poder en Chile en cada&nbsp;elecci\u00f3n presidencial.<\/p>\n\n\n\n<p class=\"wp-block-paragraph\">Si Kast gana \u201cno hay que pensar que tiene un mandato s\u00faper fuerte para hacer lo&nbsp;que quiere\u201d, porque mucha gente lo vota por temor a Jara, estim\u00f3 Funk.<\/p>\n\n\n\n<p class=\"wp-block-paragraph\">SEM-El Sol de M\u00e9xico\/AFP<\/p>\n\n\n\n<figure class=\"wp-block-image size-large\"><a href=\"https:\/\/redsemlac.com\/semmexico\/wp-content\/uploads\/2025\/12\/CHILE-.webp\"><img loading=\"lazy\" decoding=\"async\" width=\"1024\" height=\"575\" src=\"https:\/\/redsemlac.com\/semmexico\/wp-content\/uploads\/2025\/12\/CHILE--1024x575.webp\" alt=\"\" class=\"wp-image-101347\" srcset=\"https:\/\/redsemlac.com\/semmexico\/wp-content\/uploads\/2025\/12\/CHILE--1024x575.webp 1024w, https:\/\/redsemlac.com\/semmexico\/wp-content\/uploads\/2025\/12\/CHILE--300x169.webp 300w, https:\/\/redsemlac.com\/semmexico\/wp-content\/uploads\/2025\/12\/CHILE--768x431.webp 768w, https:\/\/redsemlac.com\/semmexico\/wp-content\/uploads\/2025\/12\/CHILE--150x84.webp 150w, https:\/\/redsemlac.com\/semmexico\/wp-content\/uploads\/2025\/12\/CHILE--696x391.webp 696w, https:\/\/redsemlac.com\/semmexico\/wp-content\/uploads\/2025\/12\/CHILE--1068x600.webp 1068w, https:\/\/redsemlac.com\/semmexico\/wp-content\/uploads\/2025\/12\/CHILE-.webp 1200w\" sizes=\"auto, (max-width: 1024px) 100vw, 1024px\" \/><\/a><\/figure>\n","protected":false},"excerpt":{"rendered":"<p>\u00b7&nbsp;Por primera vez desde la dictadura&nbsp;los chilenos decidir\u00e1n entre Jos\u00e9&nbsp;Antonio y Jeannette Jara\u00b7&nbsp;Kast, que ha prometido deportar a casi 340 mil migrantes sin papeles; Jara,&nbsp;que asegur\u00f3 aumentar el sueldo m\u00ednimoRedacci\u00f3n &nbsp; SemM\u00e9xico\/El Sol de M\u00e9xico, Ciudad de M\u00e9xico, 15 de diciembre, 2025 Los chilenos votan este domingo en un pa\u00eds polarizado entre el candidato m\u00e1s [&hellip;]<\/p>\n","protected":false},"author":3,"featured_media":101346,"comment_status":"open","ping_status":"open","sticky":false,"template":"","format":"standard","meta":{"_monsterinsights_skip_tracking":false,"footnotes":""},"categories":[53],"tags":[],"class_list":["post-101345","post","type-post","status-publish","format-standard","has-post-thumbnail","category-internacional"],"_links":{"self":[{"href":"https:\/\/redsemlac.com\/semmexico\/wp-json\/wp\/v2\/posts\/101345","targetHints":{"allow":["GET"]}}],"collection":[{"href":"https:\/\/redsemlac.com\/semmexico\/wp-json\/wp\/v2\/posts"}],"about":[{"href":"https:\/\/redsemlac.com\/semmexico\/wp-json\/wp\/v2\/types\/post"}],"author":[{"embeddable":true,"href":"https:\/\/redsemlac.com\/semmexico\/wp-json\/wp\/v2\/users\/3"}],"replies":[{"embeddable":true,"href":"https:\/\/redsemlac.com\/semmexico\/wp-json\/wp\/v2\/comments?post=101345"}],"version-history":[{"count":0,"href":"https:\/\/redsemlac.com\/semmexico\/wp-json\/wp\/v2\/posts\/101345\/revisions"}],"wp:featuredmedia":[{"embeddable":true,"href":"https:\/\/redsemlac.com\/semmexico\/wp-json\/wp\/v2\/media\/101346"}],"wp:attachment":[{"href":"https:\/\/redsemlac.com\/semmexico\/wp-json\/wp\/v2\/media?parent=101345"}],"wp:term":[{"taxonomy":"category","embeddable":true,"href":"https:\/\/redsemlac.com\/semmexico\/wp-json\/wp\/v2\/categories?post=101345"},{"taxonomy":"post_tag","embeddable":true,"href":"https:\/\/redsemlac.com\/semmexico\/wp-json\/wp\/v2\/tags?post=101345"}],"curies":[{"name":"wp","href":"https:\/\/api.w.org\/{rel}","templated":true}]}}