{"id":101342,"date":"2025-12-15T19:15:24","date_gmt":"2025-12-16T01:15:24","guid":{"rendered":"https:\/\/redsemlac.com\/semmexico\/?p=101342"},"modified":"2025-12-15T19:15:25","modified_gmt":"2025-12-16T01:15:25","slug":"cuba-la-violencia-de-genero-se-expande-en-el-mundo-digital","status":"publish","type":"post","link":"https:\/\/redsemlac.com\/semmexico\/cuba-la-violencia-de-genero-se-expande-en-el-mundo-digital\/","title":{"rendered":"Cuba: La violencia de g\u00e9nero se expande en el mundo digital"},"content":{"rendered":"\n<ul class=\"wp-block-list\">\n<li>\u00b7\u00a0El anonimato, la velocidad de circulaci\u00f3n de los contenidos y la escasa\u00a0percepci\u00f3n de riesgo convierten a las redes sociales<\/li>\n\n\n\n<li>\u00b7\u00a0Las violencias digitales no son ajenas a las din\u00e1micas conocidas de la\u00a0violencia de g\u00e9nero<\/li>\n<\/ul>\n\n\n\n<p class=\"wp-block-paragraph\">Lisandra Fari\u00f1as<em><\/em><\/p>\n\n\n\n<p class=\"wp-block-paragraph\">SemM\u00e9xico\/SEMlac, La Habana, 15 de diciembre 2025.- La violencia contra&nbsp;mujeres y ni\u00f1as ha encontrado en los entornos digitales un nuevo escenario para&nbsp;reproducirse, amplificarse y, en muchos casos, volverse m\u00e1s dif\u00edcil de denunciar y&nbsp;sancionar.<\/p>\n\n\n\n<p class=\"wp-block-paragraph\"><br>El anonimato, la velocidad de circulaci\u00f3n de los contenidos y la escasa percepci\u00f3n&nbsp;de riesgo convierten a las redes sociales y plataformas digitales en espacios&nbsp;donde el control, el acoso, la humillaci\u00f3n y las amenazas adquieren nuevas&nbsp;formas, pero conservan ra\u00edces profundamente machistas.<\/p>\n\n\n\n<p class=\"wp-block-paragraph\"><br>Ese fue uno de los consensos del espacio de intercambio \u00danete por la No&nbsp;Violencia de G\u00e9nero, celebrado el 8 de diciembre en la sede de la Asociaci\u00f3n&nbsp;Cubana de las Naciones Unidas (ACNU), en La Habana, a prop\u00f3sito de los 16&nbsp;D\u00edas de Activismo y de los 30 a\u00f1os de la Plataforma de Acci\u00f3n de Beijing.<\/p>\n\n\n\n<p class=\"wp-block-paragraph\"><br>El encuentro puso el foco en la urgencia de comprender la violencia digital como&nbsp;parte de la violencia de g\u00e9nero. Para Etienne Labande, coordinador residente de&nbsp;Naciones Unidas en la naci\u00f3n caribe\u00f1a, este no es un fen\u00f3meno aislado, sino \u00abun&nbsp;medio m\u00e1s para ejercer violencia\u00bb, con un alcance in\u00e9dito.<\/p>\n\n\n\n<p class=\"wp-block-paragraph\"><br>\u00abTiene un acceso que nunca tuvo antes otro tipo de violencia y llega a muchas&nbsp;m\u00e1s mujeres y ni\u00f1as\u00bb, alert\u00f3, al tiempo que subray\u00f3 la dificultad de identificar&nbsp;responsabilidades, cuando las agresiones se esconden tras perfiles falsos.<br>Labande llam\u00f3 a no naturalizar una problem\u00e1tica que ya mostraba cifras&nbsp;alarmantes: una de cada tres mujeres ha sufrido violencia a lo largo de su vida.<\/p>\n\n\n\n<p class=\"wp-block-paragraph\"><br><strong>Pr\u00e1cticas que mutan, desigualdades que persisten<\/strong><\/p>\n\n\n\n<p class=\"wp-block-paragraph\"><br>Desde miradas psicol\u00f3gicas, jur\u00eddicas, comunicacionales, educativas y vivenciales,&nbsp;el intercambio promovido durante el panel \u00abRevoluci\u00f3n digital libre de violencias\u00bb&nbsp;abund\u00f3 acerca de c\u00f3mo las&nbsp;<a href=\"https:\/\/www.redsemlac-cuba.net\/redsemlac\/violencia\/ck84-opinan-especialistas\/violencia-digital-cuando-el-control-se-vuelve-invisible\/\" target=\"_blank\" rel=\"noreferrer noopener\">din\u00e1micas de control y dominaci\u00f3n se reconfiguran en&nbsp;<\/a><a href=\"https:\/\/www.redsemlac-cuba.net\/redsemlac\/violencia\/ck84-opinan-especialistas\/violencia-digital-cuando-el-control-se-vuelve-invisible\/\" target=\"_blank\" rel=\"noreferrer noopener\">el \u00e1mbito digital sin perder su ra\u00edz estructural<\/a>.<\/p>\n\n\n\n<p class=\"wp-block-paragraph\"><br>Emely Corcho Rosales, profesora de la Facultad de Psicolog\u00eda de la Universidad&nbsp;de La Habana, explic\u00f3 que las violencias digitales no son ajenas a las din\u00e1micas&nbsp;conocidas de la violencia de g\u00e9nero, sino nuevas expresiones de las mismas&nbsp;l\u00f3gicas de poder y control.<\/p>\n\n\n\n<p class=\"wp-block-paragraph\"><br><a href=\"https:\/\/www.redsemlac-cuba.net\/redsemlac\/violencia\/ciberviolencias-patron-digital-del-abuso\/\" target=\"_blank\" rel=\"noreferrer noopener\">Ciberacoso, vigilancia digital, control de contrase\u00f1as o exigencias de<\/a> disponibilidad permanente forman parte de un entramado que afecta de ma<a href=\"https:\/\/www.redsemlac-cuba.net\/redsemlac\/violencia\/ciberviolencias-patron-digital-del-abuso\/\" target=\"_blank\" rel=\"noreferrer noopener\">nera\u00a0<\/a>diferenciada a las mujeres.<\/p>\n\n\n\n<p class=\"wp-block-paragraph\"><br>Corcho alert\u00f3 sobre fen\u00f3menos emergentes en las relaciones de pareja,&nbsp;especialmente entre j\u00f3venes, como el&nbsp;<em>love bombing<\/em>&nbsp;-un \u00abbombardeo\u00bb acelerado&nbsp;de afecto que genera manipulaci\u00f3n emocional- y el&nbsp;<em>ghosting<\/em>, marcado por la&nbsp;desaparici\u00f3n abrupta de la otra persona tras una fase de intensa cercan\u00eda.<\/p>\n\n\n\n<p class=\"wp-block-paragraph\"><br>De acuerdo con resultados preliminares de una investigaci\u00f3n en curso, aplicada&nbsp;hasta ahora a 359 j\u00f3venes y que prev\u00e9 ampliarse a m\u00e1s de mil participantes, estos&nbsp;fen\u00f3menos presentan una incidencia superior al 50 por ciento en mujeres, frente a&nbsp;menos del 20 por ciento en hombres, detall\u00f3.<\/p>\n\n\n\n<p class=\"wp-block-paragraph\"><br>Aunque pueden afectar a ambos sexos, Corcho subray\u00f3 que las mujeres resultan&nbsp;m\u00e1s vulnerables, debido a construcciones socioculturales que refuerzan la&nbsp;b\u00fasqueda del amor ideal y la validaci\u00f3n afectiva constante.<\/p>\n\n\n\n<p class=\"wp-block-paragraph\"><br>Estas din\u00e1micas, advirti\u00f3, no solo impactan la autoestima y la seguridad, sino que&nbsp;tambi\u00e9n moldean las expectativas sobre lo que se considera una relaci\u00f3n \u00abnormal\u00bb&nbsp;o \u00absana\u00bb. \u00abInfluyen en c\u00f3mo las j\u00f3venes imaginan sus v\u00ednculos, qu\u00e9 modelos de&nbsp;pareja reproducen y qu\u00e9 pr\u00e1cticas llegan a tolerar\u00bb, alert\u00f3.<\/p>\n\n\n\n<p class=\"wp-block-paragraph\"><br>Ivett Santiago, \u00e1rbitra internacional de f\u00fatbol FIFA y licenciada en Derecho,&nbsp;comparti\u00f3, desde sus vivencias, c\u00f3mo la exposici\u00f3n p\u00fablica que implica el deporte&nbsp;de alto rendimiento convierte a las mujeres en blanco frecuente de agresiones en&nbsp;entornos digitales,&nbsp;<a href=\"https:\/\/www.redsemlac-cuba.net\/redsemlac\/comunicacion\/acoso-y-discriminacion-la-realidad-de-las-mujeres-periodistas-en-deportes\/\" target=\"_blank\" rel=\"noreferrer noopener\">un fen\u00f3meno que atraviesa no solo a \u00e1rbitras, sino tambi\u00e9n a&nbsp;<\/a><a href=\"https:\/\/www.redsemlac-cuba.net\/redsemlac\/comunicacion\/acoso-y-discriminacion-la-realidad-de-las-mujeres-periodistas-en-deportes\/\" target=\"_blank\" rel=\"noreferrer noopener\">atletas y otras profesionales del \u00e1mbito deportivo<\/a>.<\/p>\n\n\n\n<p class=\"wp-block-paragraph\"><br>Relat\u00f3 que el acoso suele iniciar con interacciones aparentemente inofensivas -un&nbsp;\u00abme gusta\u00bb, un comentario- y escalar hacia mensajes insistentes, alusiones al&nbsp;cuerpo, llamadas no solicitadas, env\u00edo de im\u00e1genes expl\u00edcitas o amenazas&nbsp;veladas.<\/p>\n\n\n\n<p class=\"wp-block-paragraph\"><br>M\u00e1s all\u00e1 del contenido, subray\u00f3 el efecto de estas pr\u00e1cticas. \u00abEl objetivo es&nbsp;provocar miedo, limitarte, hacerte dudar de si debes seguir haciendo lo que&nbsp;haces\u00bb, explic\u00f3.<\/p>\n\n\n\n<p class=\"wp-block-paragraph\"><br>Santiago insisti\u00f3 en la importancia de visibilizar estas violencias en el deporte, un&nbsp;sector donde a\u00fan persisten estereotipos de g\u00e9nero y resistencias a reconocer el&nbsp;problema. Alert\u00f3 que el hostigamiento digital no solo impacta la salud emocional,&nbsp;sino que puede empujar a muchas mujeres a abandonar espacios profesionales&nbsp;conquistados con esfuerzo, dijo.<\/p>\n\n\n\n<p class=\"wp-block-paragraph\"><br><strong>Retos para el derecho y la justicia<\/strong><\/p>\n\n\n\n<p class=\"wp-block-paragraph\"><br>Arlin P\u00e9rez Duharte, profesora titular de la Facultad de Derecho de la Universidad&nbsp;de La Habana, se\u00f1al\u00f3 que el derecho enfrenta hoy un desaf\u00edo enorme para<\/p>\n\n\n\n<p class=\"wp-block-paragraph\">responder a violencias que ocurren en un espacio \u00absin fronteras claras\u00bb, entre lo&nbsp;virtual y lo presencial.<\/p>\n\n\n\n<p class=\"wp-block-paragraph\"><br>Explic\u00f3 que no toda violencia digital constituye un delito penal, pero s\u00ed puede&nbsp;vulnerar derechos constitucionales como el honor, la intimidad, la imagen o el&nbsp;derecho a una vida libre de violencia.<br><\/p>\n\n\n\n<p class=\"wp-block-paragraph\">P\u00e9rez Duharte explic\u00f3 que, aunque algunos delitos como la amenaza, el acoso o&nbsp;el ultraje sexual ya contemplan escenarios digitales, el legislador cubano incluy\u00f3&nbsp;una circunstancia agravante: si un delito se comete utilizando medios&nbsp;tecnol\u00f3gicos, la sanci\u00f3n puede acercarse al m\u00e1ximo previsto para la conducta.<br><\/p>\n\n\n\n<p class=\"wp-block-paragraph\">Esta medida permite que las herramientas jur\u00eddicas se adapten a los nuevos&nbsp;escenarios, incluso cuando la normativa no cubre expresamente la violencia&nbsp;digital, precis\u00f3 la jurista.<br><\/p>\n\n\n\n<p class=\"wp-block-paragraph\">No obstante, advirti\u00f3 sobre obst\u00e1culos recurrentes: la falta de denuncia, la&nbsp;dificultad para identificar al agresor y los complejos procesos de prueba digital.&nbsp;\u00abPuedes tener una v\u00edctima, pero si no tienes un victimario identificable, no hay&nbsp;proceso\u00bb, resumi\u00f3.<br><\/p>\n\n\n\n<p class=\"wp-block-paragraph\">A ello se suma la necesidad de mayor preparaci\u00f3n de operadores jur\u00eddicos y el&nbsp;di\u00e1logo constante entre legisladores y sociedad civil, para comprender estas&nbsp;violencias con enfoque de g\u00e9nero y derechos humanos y adaptar el marco legal&nbsp;frente a pr\u00e1cticas que evolucionan con rapidez en el mundo digital, dijo.<br><strong><\/strong><\/p>\n\n\n\n<p class=\"wp-block-paragraph\"><strong>Educaci\u00f3n, alfabetizaci\u00f3n y corresponsabilidad<\/strong><br><\/p>\n\n\n\n<p class=\"wp-block-paragraph\">Para Elena N\u00e1poles, oficial del Programa de Comunicaci\u00f3n e Informaci\u00f3n de la&nbsp;Oficina Regional de Cultura de la Unesco, la violencia digital no puede analizarse&nbsp;sin comprender la complejidad del ecosistema informacional actual. \u00abVivimos, nos&nbsp;relacionamos y nos enamoramos en l\u00ednea. No hay una separaci\u00f3n tajante entre lo&nbsp;virtual y lo real\u00bb, sostuvo.<br><\/p>\n\n\n\n<p class=\"wp-block-paragraph\">N\u00e1poles advirti\u00f3 que&nbsp;<a href=\"https:\/\/www.redsemlac-cuba.net\/redsemlac\/violencia\/alcemos-la-voz-ciberviolencia-peligros-en-la-red-podcast\/\" target=\"_blank\" rel=\"noreferrer noopener\">estas tecnolog\u00edas amplifican pr\u00e1cticas de violencia ya&nbsp;<\/a><a href=\"https:\/\/www.redsemlac-cuba.net\/redsemlac\/violencia\/alcemos-la-voz-ciberviolencia-peligros-en-la-red-podcast\/\" target=\"_blank\" rel=\"noreferrer noopener\">existentes y permiten nuevas formas<\/a>&nbsp;como la extorsi\u00f3n, los chantajes con&nbsp;informaci\u00f3n \u00edntima o los&nbsp;<em>deep fakes<\/em>, capaces de fabricar contenidos falsos para&nbsp;da\u00f1ar reputaciones.<br><\/p>\n\n\n\n<p class=\"wp-block-paragraph\">Frente a ello, defendi\u00f3 la alfabetizaci\u00f3n medi\u00e1tica e informacional como una tarea&nbsp;urgente que involucra a escuelas, familias e instituciones.<br><\/p>\n\n\n\n<p class=\"wp-block-paragraph\">Esta alfabetizaci\u00f3n, explic\u00f3, no solo busca brindar herramientas t\u00e9cnicas para&nbsp;identificar y denunciar contenidos da\u00f1inos, sino que tambi\u00e9n ayuda a desarrollar&nbsp;criterios cr\u00edticos para comprender c\u00f3mo circula la informaci\u00f3n y la influencia de las&nbsp;din\u00e1micas digitales en las relaciones y en la percepci\u00f3n del poder y la autoridad.<\/p>\n\n\n\n<p class=\"wp-block-paragraph\"><br>N\u00e1poles subray\u00f3 que la responsabilidad no recae solo en los individuos, sino que&nbsp;es necesario fortalecer pol\u00edticas p\u00fablicas, protocolos educativos y&nbsp;acompa\u00f1amiento institucional que articulen la prevenci\u00f3n, la denuncia y la&nbsp;protecci\u00f3n de las v\u00edctimas, evitando culpabilizarlas.<\/p>\n\n\n\n<p class=\"wp-block-paragraph\"><br>La especialista advirti\u00f3 que la escasez de datos sobre estas violencias limita la&nbsp;capacidad de respuesta y subray\u00f3 la importancia de la investigaci\u00f3n acad\u00e9mica&nbsp;para generar evidencia.<\/p>\n\n\n\n<p class=\"wp-block-paragraph\"><br>Geydis Fundora, soci\u00f3loga y directora de la filial cubana de la Facultad&nbsp;Latinoamericana de Ciencias Sociales (Flacso Cuba), llam\u00f3 a reconocer que la&nbsp;violencia digital no afecta a todas las personas por igual, sino que se cruza con el&nbsp;racismo, la discapacidad, el territorio y otras desigualdades.<\/p>\n\n\n\n<p class=\"wp-block-paragraph\"><br>Sobre esa mirada interseccional, que exige respuestas m\u00e1s complejas, tambi\u00e9n&nbsp;faltan datos, se\u00f1al\u00f3.<\/p>\n\n\n\n<p class=\"wp-block-paragraph\"><br>Durante el intercambio emergi\u00f3, igualmente, el papel de las masculinidades. El&nbsp;periodista Jes\u00fas Mu\u00f1oz comparti\u00f3 su experiencia de m\u00e1s de una d\u00e9cada en&nbsp;espacios donde los hombres reflexionan sobre sus masculinidades y trasladan&nbsp;esos aprendizajes a la comunicaci\u00f3n, la academia, el deporte y otros \u00e1mbitos.<br>Mu\u00f1oz reconoci\u00f3 avances en el activismo presencial y acad\u00e9mico, pero se\u00f1al\u00f3&nbsp;que en los espacios digitales persisten retos, ya que muchos hombres&nbsp;comprometidos con la igualdad temen el&nbsp;<em>bullying<\/em>, la exposici\u00f3n e incluso a las&nbsp;repercusiones profesionales.<\/p>\n\n\n\n<p class=\"wp-block-paragraph\"><br>El periodista subray\u00f3 que estas din\u00e1micas reflejan c\u00f3mo opera el patriarcado y los&nbsp;privilegios asociados al g\u00e9nero. El desaf\u00edo consiste en traducir el activismo de&nbsp;espacios controlados y seguros a un entorno global y expuesto, donde las&nbsp;propuestas de masculinidades emancipadoras compiten con discursos&nbsp;fundamentalistas y tradicionales, agreg\u00f3.<\/p>\n\n\n\n<p class=\"wp-block-paragraph\"><br>Las panelistas coincidieron en que salir de las redes no es una soluci\u00f3n viable en&nbsp;una sociedad cada vez m\u00e1s digitalizada. \u00abNo estar hoy es no participar.&nbsp;<a href=\"https:\/\/www.redsemlac-cuba.net\/redsemlac\/violencia\/dayale-torres-dieguez-hay-que-aprender-a-protegerse-en-el-mundo-digital\/\" target=\"_blank\" rel=\"noreferrer noopener\">El desaf\u00edo&nbsp;<\/a><a href=\"https:\/\/www.redsemlac-cuba.net\/redsemlac\/violencia\/dayale-torres-dieguez-hay-que-aprender-a-protegerse-en-el-mundo-digital\/\" target=\"_blank\" rel=\"noreferrer noopener\">es construir entornos digitales m\u00e1s seguros y respetuosos<\/a>\u00ab, sostuvo Elena&nbsp;N\u00e1poles.<\/p>\n\n\n\n<p class=\"wp-block-paragraph\"><br>En el espacio tambi\u00e9n se present\u00f3 el n\u00famero 63 de la&nbsp;<a href=\"https:\/\/revsexologiaysociedad.sld.cu\/index.php\/sexologiaysociedad\/issue\/view\/104\" target=\"_blank\" rel=\"noreferrer noopener\">revista Sexolog\u00eda y&nbsp;<\/a><a href=\"https:\/\/revsexologiaysociedad.sld.cu\/index.php\/sexologiaysociedad\/issue\/view\/104\" target=\"_blank\" rel=\"noreferrer noopener\">Sociedad, publicaci\u00f3n del Centro Nacional de Educaci\u00f3n Sexual (Cenesex)<\/a>&nbsp;que&nbsp;desde hace m\u00e1s de tres d\u00e9cadas articula investigaci\u00f3n cient\u00edfica, educaci\u00f3n y&nbsp;activismo por los derechos sexuales y reproductivos.<\/p>\n\n\n\n<p class=\"wp-block-paragraph\">SEM-SEMlac\/lf<\/p>\n","protected":false},"excerpt":{"rendered":"<p>Lisandra Fari\u00f1as SemM\u00e9xico\/SEMlac, La Habana, 15 de diciembre 2025.- La violencia contra&nbsp;mujeres y ni\u00f1as ha encontrado en los entornos digitales un nuevo escenario para&nbsp;reproducirse, amplificarse y, en muchos casos, volverse m\u00e1s dif\u00edcil de denunciar y&nbsp;sancionar. El anonimato, la velocidad de circulaci\u00f3n de los contenidos y la escasa percepci\u00f3n&nbsp;de riesgo convierten a las redes sociales y [&hellip;]<\/p>\n","protected":false},"author":3,"featured_media":101343,"comment_status":"open","ping_status":"open","sticky":false,"template":"","format":"standard","meta":{"_monsterinsights_skip_tracking":false,"footnotes":""},"categories":[53],"tags":[],"class_list":["post-101342","post","type-post","status-publish","format-standard","has-post-thumbnail","category-internacional"],"_links":{"self":[{"href":"https:\/\/redsemlac.com\/semmexico\/wp-json\/wp\/v2\/posts\/101342","targetHints":{"allow":["GET"]}}],"collection":[{"href":"https:\/\/redsemlac.com\/semmexico\/wp-json\/wp\/v2\/posts"}],"about":[{"href":"https:\/\/redsemlac.com\/semmexico\/wp-json\/wp\/v2\/types\/post"}],"author":[{"embeddable":true,"href":"https:\/\/redsemlac.com\/semmexico\/wp-json\/wp\/v2\/users\/3"}],"replies":[{"embeddable":true,"href":"https:\/\/redsemlac.com\/semmexico\/wp-json\/wp\/v2\/comments?post=101342"}],"version-history":[{"count":0,"href":"https:\/\/redsemlac.com\/semmexico\/wp-json\/wp\/v2\/posts\/101342\/revisions"}],"wp:featuredmedia":[{"embeddable":true,"href":"https:\/\/redsemlac.com\/semmexico\/wp-json\/wp\/v2\/media\/101343"}],"wp:attachment":[{"href":"https:\/\/redsemlac.com\/semmexico\/wp-json\/wp\/v2\/media?parent=101342"}],"wp:term":[{"taxonomy":"category","embeddable":true,"href":"https:\/\/redsemlac.com\/semmexico\/wp-json\/wp\/v2\/categories?post=101342"},{"taxonomy":"post_tag","embeddable":true,"href":"https:\/\/redsemlac.com\/semmexico\/wp-json\/wp\/v2\/tags?post=101342"}],"curies":[{"name":"wp","href":"https:\/\/api.w.org\/{rel}","templated":true}]}}