{"id":101301,"date":"2025-12-12T13:31:50","date_gmt":"2025-12-12T19:31:50","guid":{"rendered":"https:\/\/redsemlac.com\/semmexico\/?p=101301"},"modified":"2025-12-12T13:31:55","modified_gmt":"2025-12-12T19:31:55","slug":"recuento-muxed-2025","status":"publish","type":"post","link":"https:\/\/redsemlac.com\/semmexico\/recuento-muxed-2025\/","title":{"rendered":"Recuento MUxED 2025"},"content":{"rendered":"\n<ul class=\"wp-block-list\">\n<li>Este 2025 marca seis a\u00f1os de evoluci\u00f3n de la Red de Mujeres Unidas por la Educaci\u00f3n (MUxED), con la realizaci\u00f3n de varias actividades centrales para el futuro de la Red<\/li>\n\n\n\n<li>Ejecutamos procesos de planeaci\u00f3n horizontal y la implementaci\u00f3n de mecanismos para su sostenimiento. En este blog se detallan estas y otras acciones, como el Primer Congreso MUxED en Quer\u00e9taro, efectuadas durante ese a\u00f1o que finaliza.<\/li>\n<\/ul>\n\n\n\n<figure class=\"wp-block-image size-full\"><a href=\"https:\/\/redsemlac.com\/semmexico\/wp-content\/uploads\/2025\/12\/Eugenia_GardunI_o.webp\"><img loading=\"lazy\" decoding=\"async\" width=\"275\" height=\"275\" src=\"https:\/\/redsemlac.com\/semmexico\/wp-content\/uploads\/2025\/12\/Eugenia_GardunI_o.webp\" alt=\"\" class=\"wp-image-101302\" srcset=\"https:\/\/redsemlac.com\/semmexico\/wp-content\/uploads\/2025\/12\/Eugenia_GardunI_o.webp 275w, https:\/\/redsemlac.com\/semmexico\/wp-content\/uploads\/2025\/12\/Eugenia_GardunI_o-150x150.webp 150w\" sizes=\"auto, (max-width: 275px) 100vw, 275px\" \/><\/a><\/figure>\n\n\n\n<p class=\"wp-block-paragraph\">Eugenia Gardu\u00f1o<\/p>\n\n\n\n<p class=\"wp-block-paragraph\">SemM\u00e9xico, Ciudad de M\u00e9xico, 12 de diciembre, 2025.-Este 2025 se cumplen seis a\u00f1os de consolidaci\u00f3n y crecimiento de la Red de Mujeres Unidas por la Educaci\u00f3n (<a href=\"https:\/\/www.muxed.mx\/\">MUxED<\/a>), periodo en el cual se han llevado a cabo acciones fundamentales para fortalecer su rumbo y proyecci\u00f3n futura. Diversas publicaciones de <a href=\"https:\/\/www.muxed.mx\/blog\/muxed-recuento\">blogs<\/a> <a href=\"https:\/\/static1.squarespace.com\/static\/6099240bad6d965251432904\/t\/6556d9d7c5f23a6ef2c3cf89\/1700190680250\/De+co%CC%81mo+las+mujeres+construimos+una+voz+en+educacio%CC%81n.pdf\">anteriores<\/a> han documentado nuestros objetivos y acciones colectivas que llevamos a cabo como un grupo de mujeres profesionales comprometidas con incorporar la perspectiva de g\u00e9nero en todos los niveles y \u00e1mbitos del sistema educativo.<\/p>\n\n\n\n<p class=\"wp-block-paragraph\">De igual modo, en otro <a href=\"https:\/\/www.muxed.mx\/blog\/muxed-corte-2023\">blog<\/a> previo hab\u00edamos identificado iniciativas prioritarias para asegurar la continuidad y el fortalecimiento de nuestra misi\u00f3n, entre ellas la implementaci\u00f3n de procesos de planeaci\u00f3n horizontal al interior de MUxED y el establecimiento de mecanismos sostenibles de financiamiento para las diversas iniciativas que integran la agenda de la Red.<\/p>\n\n\n\n<p class=\"wp-block-paragraph\">En esta misma l\u00ednea durante este 2025, emprendimos los primeros pasos para materializar las iniciativas que en a\u00f1os previos hab\u00edamos considerado como esenciales para fortalecer la horizontalidad, la sostenibilidad y el impacto de MUxED. En este blog se presentan de manera detallada las acciones desarrolladas a lo largo de este a\u00f1o que est\u00e1 por concluir.<\/p>\n\n\n\n<p class=\"wp-block-paragraph\"><strong>Construir el sostenimiento: Membres\u00edas<\/strong><\/p>\n\n\n\n<p class=\"wp-block-paragraph\">Los Comit\u00e9s de Membres\u00edas (liderado por <a href=\"https:\/\/www.youtube.com\/watch?v=eLjFtDPtEhU\">Maricarmen Campillo<\/a>) y de Finanzas (encabezado por <a href=\"https:\/\/www.youtube.com\/watch?v=JGTcyhvU8eE\">Ariadna Trapote<\/a>) trabajaron durante 2024 en la definici\u00f3n de criterios y la estandarizaci\u00f3n de procesos, actividades y herramientas que hicieron posible,&nbsp; a inicios de 2025, la puesta en marcha de los nuevos procedimientos para la incorporaci\u00f3n de nuevas&nbsp; integrantes a la Red, y para el cobro de membres\u00edas a sus integrantes que se llev\u00f3 a cabo por primera vez. Estos ingresos permitieron financiar las operaciones b\u00e1sicas de MUxED y financiar otras iniciativas realizadas en 2025, entre ellas el 1\u00ba Congreso MUxED descrito m\u00e1s adelante.<\/p>\n\n\n\n<p class=\"wp-block-paragraph\"><strong>Facilitar la horizontalidad: Proceso de planeaci\u00f3n<\/strong><\/p>\n\n\n\n<p class=\"wp-block-paragraph\">En 2025 se cre\u00f3 el Comit\u00e9 de Planeaci\u00f3n, liderado por <a href=\"https:\/\/www.linkedin.com\/in\/daniela-rocha-gonzalez\/\">Daniela Rocha<\/a> y <a href=\"https:\/\/www.linkedin.com\/in\/arcelia-mart%C3%ADnez-bord%C3%B3n-aa487956\/\">Arcelia Mart\u00ednez Bord\u00f3n<\/a>, para coordinar las actividades que nos permitieron definir, de manera colectiva, una hoja de ruta que fortalecer\u00e1 la alineaci\u00f3n de nuestro impacto esperado con objetivos estrat\u00e9gicos, iniciativas y acciones para los siguientes cinco a\u00f1os. El proceso se lleva a cabo en dos etapas:<\/p>\n\n\n\n<ul class=\"wp-block-list\">\n<li><em>Primer semestre de 2025<\/em>: Revisi\u00f3n y construcci\u00f3n participativa de la identidad MUxED, misi\u00f3n, visi\u00f3n y prioridades estrat\u00e9gicas. Como resultado de esta actividad se present\u00f3 el <a href=\"https:\/\/www.muxed.mx\/publicaciones-documentos\/planeacion-muxed\">Documento Ejecutivo MUxED|Planeaci\u00f3n Estrat\u00e9gica<\/a> que fue validado por las integrantes en junio de 2025 dentro del marco del 1\u00ba Congreso MUxED.<\/li>\n<\/ul>\n\n\n\n<ul class=\"wp-block-list\">\n<li><em>Segundo Semestre de 2025<\/em>: Con base en el plan presentado en el documento ejecutivo, la segunda fase del proceso arranc\u00f3 en octubre de 2025 con la integraci\u00f3n de equipos de trabajo para cada objetivo estrat\u00e9gico. Estos equipos presentar\u00e1n, a fines de enero de 2026, una serie de estrategias generales asociadas a cada uno de estos objetivos.<\/li>\n<\/ul>\n\n\n\n<p class=\"wp-block-paragraph\"><strong>Generar impacto:<\/strong><\/p>\n\n\n\n<p class=\"wp-block-paragraph\"><strong>AC\u00c1 LA IMAGEN<\/strong><\/p>\n\n\n\n<p class=\"wp-block-paragraph\"><strong>CR\u00c9DITO: <\/strong>MUxED<strong><\/strong><\/p>\n\n\n\n<p class=\"wp-block-paragraph\"><strong>Primer Congreso MUxED<\/strong><\/p>\n\n\n\n<p class=\"wp-block-paragraph\">El <a href=\"https:\/\/www.youtube.com\/playlist?list=PLA8mckoVxQXOQ9Dgqemx0PBIsu8OaL34C\">1\u00ba Congreso MUxED<\/a> se llev\u00f3 a cabo del 4 al 6 de junio de 2025 en la Ciudad de Quer\u00e9taro, M\u00e9xico, gracias al trabajo de los comit\u00e9s Acad\u00e9mico (liderado por <a href=\"https:\/\/youtube.com\/shorts\/hCbYyZlRSSo?si=4JtjPc9iIEGSIJBY\">Silvia Romero<\/a>), de Comunicaci\u00f3n (encabezado por <a href=\"https:\/\/www.linkedin.com\/in\/soniadelvalle-periodista\/\">Sonia del Valle<\/a>) y de Finanzas (dirigido por <a href=\"https:\/\/www.linkedin.com\/in\/ariadnatrapote\/\">Ariadna Trapote<\/a>), bajo la coordinaci\u00f3n general de <a href=\"https:\/\/www.paolapalazonseguel.com\/\">Paola Palaz\u00f3n<\/a>. La realizaci\u00f3n de este evento&nbsp; fue posible gracias al&nbsp; financiamiento proveniente&nbsp; de las contribuciones de las integrantes de MUxED como de las generosas aportaciones de nuestros&nbsp; patrocinadores.<\/p>\n\n\n\n<p class=\"wp-block-paragraph\">Adem\u00e1s, la estrategia de difusi\u00f3n del Congreso alcanz\u00f3 una amplia visibilidad en redes sociales. En Facebook los contenidos previos al evento registraron hasta un mill\u00f3n 649,246 visualizaciones, mientras que en LinkedIn se obtuvo un m\u00e1ximo de 32 mil 141 impresiones en publicaciones relacionadas con el Congreso. Este alcance en redes favoreci\u00f3 una participaci\u00f3n diversa, tanto en t\u00e9rminos de procedencia estatal como de otros sectores de la sociedad.<\/p>\n\n\n\n<p class=\"wp-block-paragraph\">En cuanto a los resultados cuantitativos del Congreso, se cont\u00f3 con la participaci\u00f3n de 215 asistentes; se desarrollaron 3 ponencias magistrales; 3 paneles magistrales; 11 paneles; 33 ponencias; 19 talleres; 3 presentaciones de material videogr\u00e1fico, adem\u00e1s de la presencia de 73 instituciones. Actualmente se encuentran en proceso de elaboraci\u00f3n las memorias del Congreso, las cuales se har\u00e1n p\u00fablicas una vez concluidas.&nbsp; &nbsp;<\/p>\n\n\n\n<p class=\"wp-block-paragraph\"><strong>Publicaciones peri\u00f3dicas<\/strong><\/p>\n\n\n\n<p class=\"wp-block-paragraph\">Pluma P\u00farpura: Repensar la educaci\u00f3n<\/p>\n\n\n\n<p class=\"wp-block-paragraph\"><a href=\"https:\/\/www.muxed.mx\/blog\">Pluma P\u00farpura<\/a> es el blog semanal de MUxED, publicado cada martes bajo la coordinaci\u00f3n de <a href=\"https:\/\/youtu.be\/0tES_JRcpo4?si=dhqWcl0Ginz8lyai\">Elisa Bonilla<\/a> con el apoyo de un equipo editorial En 2025, se publicaron <strong>51 blogs<\/strong>, para llegar a un total acumulado de <strong>320 textos<\/strong> desde abril de 2020. Estos textos se replican actualmente por seis medios: <a href=\"https:\/\/www.educacionfutura.org\/\">Educaci\u00f3n Futura<\/a>, <a href=\"https:\/\/www.ilce.edu.mx\/\">ILCE<\/a>, <a href=\"https:\/\/piedepagina.mx\/\">Pie de P\u00e1gina<\/a>, <a href=\"https:\/\/quinto-poder.mx\/\">Quinto Poder<\/a>, <a href=\"https:\/\/revistaaula.com\/\">Revista Aula<\/a> y <a href=\"https:\/\/redsemlac.com\/semmexico\/\">SEMM\u00e9xico<\/a>.<\/p>\n\n\n\n<p class=\"wp-block-paragraph\">Bolet\u00edn P\u00farpura<\/p>\n\n\n\n<p class=\"wp-block-paragraph\">El <a href=\"https:\/\/www.muxed.mx\/boletinpurpura\">Bolet\u00edn P\u00farpura<\/a> es una publicaci\u00f3n quincenal que MUxED difundi\u00f3 desde junio de 2020, compilada por un equipo editorial que lidera <a href=\"https:\/\/youtu.be\/RNAyF6iOVno?si=42ccY6vINQ4nA4Xb\">Sonia del Valle<\/a>.&nbsp; En 2025 se publicaron 12 boletines (y sus respectivas infograf\u00edas <a href=\"https:\/\/www.muxed.mx\/data-genero\">Data G\u00e9nero<\/a>) con un total acumulado de <strong>126 n\u00fameros, <\/strong>los cualesfinalizaron su publicaci\u00f3n en julio de este a\u00f1o. Actualmente se est\u00e1 llevando a cabo el redise\u00f1o del bolet\u00edn, que ser\u00e1 relanzado en 2026 bajo un nuevo nombre: <strong>Bolet\u00edn MUxED<\/strong>, con periodicidad mensual y enfocado en la difusi\u00f3n de los blogs Pluma P\u00farpura, la DataG\u00e9nero, el Podcast Mujeres de 10 en la Educaci\u00f3n, as\u00ed como las publicaciones de integrantes de la Red.<\/p>\n\n\n\n<p class=\"wp-block-paragraph\">YouTube y Podcast Mujeres de 10 en Educaci\u00f3n<\/p>\n\n\n\n<p class=\"wp-block-paragraph\">Nuestro canal de <a href=\"https:\/\/www.youtube.com\/@reddemujeresunidasporlaedu9392\">YouTube<\/a> cuenta ahora con <strong>273 videos<\/strong> que incluyen aportaciones de las integrantes de MUxED desde sus diversas \u00e1reas de experiencia y conocimiento. Al canal de YouTube de MUxED se integr\u00f3 tambi\u00e9n una nueva <a href=\"https:\/\/www.youtube.com\/playlist?list=PLA8mckoVxQXOSzOestr9n1wAh_DbCua_8\">secci\u00f3n de podcasts<\/a> llamada Mujeres de 10 en Educaci\u00f3n.<\/p>\n\n\n\n<p class=\"wp-block-paragraph\">El <a href=\"https:\/\/open.spotify.com\/show\/1JLzPEA64GfgcYllW0mpZK?si=e315ed9efc5a42fe&amp;nd=1&amp;dlsi=4d79b2346aeb452c\">Podcast Mujeres de 10 en Educaci\u00f3n<\/a> comenz\u00f3 a publicarse en febrero de 2025, producido por Sonia del Valle y Gema Jara. La primera temporada arranc\u00f3 como parte de las actividades de difusi\u00f3n del Congreso MUxED, y despu\u00e9s continu\u00f3 para difundir el trabajo y la experiencia de las integrantes de la Red. Hoy en d\u00eda se han producido <strong>44 episodios<\/strong> en cuatro temporadas.<\/p>\n\n\n\n<p class=\"wp-block-paragraph\"><strong>Estructura de la Red: Comit\u00e9s y Grupos de Trabajo<\/strong><\/p>\n\n\n\n<p class=\"wp-block-paragraph\">La Red cuenta actualmente con ocho Comit\u00e9s y siete Grupos de Trabajo activos. Los Comit\u00e9s son de car\u00e1cter permanente, se conforman por invitaci\u00f3n directa a integrantes de la Red y su funci\u00f3n es transversal y operativa; los Grupos se crean por iniciativa de cualquier integrante de MUxED, abordan tem\u00e1ticas espec\u00edficas y su temporalidad depende del trabajo de sus integrantes. A continuaci\u00f3n, se presentan los nombres de estas agrupaciones y de sus coordinadoras:<\/p>\n\n\n\n<p class=\"wp-block-paragraph\">Comit\u00e9s:<\/p>\n\n\n\n<ul class=\"wp-block-list\">\n<li>Organizador (Eugenia Gardu\u00f1o)<\/li>\n\n\n\n<li>Editorial: Pluma P\u00farpura (Elisa Bonilla)<\/li>\n\n\n\n<li>Comunicaci\u00f3n (Sonia del Valle)<\/li>\n\n\n\n<li>Membres\u00edas (Maricarmen Campillo)<\/li>\n\n\n\n<li>Finanzas (Ariadna Trapote)<\/li>\n\n\n\n<li>Planeaci\u00f3n (Daniela Rocha y Arcelia Mart\u00ednez Bord\u00f3n)<\/li>\n\n\n\n<li>Congreso MUxED (Silvia Romero)<\/li>\n\n\n\n<li>Non-profit EUA (Eugenia Gardu\u00f1o)<\/li>\n<\/ul>\n\n\n\n<p class=\"wp-block-paragraph\">Grupos de trabajo:<\/p>\n\n\n\n<ul class=\"wp-block-list\">\n<li>Inteligencia Artificial y Educaci\u00f3n (<a href=\"https:\/\/youtube.com\/shorts\/gu8qUL_qnEg?si=ybTboX2ZgWrao42m\">Daniela P\u00e9rez Michel<\/a>)<\/li>\n\n\n\n<li>Matem\u00e1ticas (<a href=\"https:\/\/www.linkedin.com\/in\/m%C3%B3nicaschulmaister\/?originalSubdomain=mx\">M\u00f3nica Schulmaister<\/a>)<\/li>\n\n\n\n<li>Las hijas de Bell Hooks (<a href=\"https:\/\/www.uv.mx\/personal\/romendoza\/\">Lupita Mendoza<\/a> y Arcelia Mart\u00ednez Bord\u00f3n)<\/li>\n\n\n\n<li>Juego y educaci\u00f3n (<a href=\"https:\/\/www.linkedin.com\/in\/marcia-larios\/\">Marcia Larios<\/a> y <a href=\"https:\/\/www.linkedin.com\/in\/martha-pereira-953682a\/?originalSubdomain=mx\">Martha Pereira<\/a>)<\/li>\n\n\n\n<li>Aprender a cielo abierto (<a href=\"https:\/\/www.linkedin.com\/in\/marlenegras\/?originalSubdomain=mx\">Marlene Gras<\/a>)<\/li>\n\n\n\n<li>Publicaciones serie: Ellas Educan 1921-202 (Elisa Bonilla)<\/li>\n\n\n\n<li>Morral Buenas Pr\u00e1cticas (<a href=\"https:\/\/youtu.be\/sXdCiqQ4A00?si=BOVNbBqsPgY0_exD\">Patricia Ganem<\/a> y Arcelia Mart\u00ednez Bord\u00f3n)<\/li>\n<\/ul>\n\n\n\n<p class=\"wp-block-paragraph\">Finalmente, durante este a\u00f1o se llevaron a cabo dos reuniones generales de MUxED as\u00ed como diversas reuniones presenciales y presentaciones organizadas por los distintos grupos de trabajo, entre ellas el <a href=\"https:\/\/www.youtube.com\/watch?v=wlbdl_f5GZ0\">conversatorio<\/a> sobre inteligencia artificial realizado en junio de 2025. Asimismo, integrantes del grupo de Inteligencia Artificial y Educaci\u00f3n presentaron una <a href=\"https:\/\/www.youtube.com\/watch?v=TAXX_s6koKo\">ponencia<\/a> sobre \u201cInteligencia Artificial Generativa como Apoyo para Educadores Comunitarios\u201d en SOMEC 2025. En todos estos espacios y conversaciones continuamos construyendo comunidad, integrada por mujeres profundamente comprometidas con la educaci\u00f3n.<\/p>\n\n\n\n<p class=\"wp-block-paragraph\">Reciban nuestros mejores deseos para unas felices fiestas y para un 2026 pleno de logros, alegr\u00edas y satisfacciones.<\/p>\n\n\n\n<figure class=\"wp-block-embed\"><div class=\"wp-block-embed__wrapper\">\nhttps:\/\/www.muxed.mx\/blog\/recuento-muxed-2025\n<\/div><\/figure>\n\n\n\n<p class=\"wp-block-paragraph\"><br><strong>Eugenia Gardu\u00f1o*. <\/strong>Es co-fundadora y representante del Comit\u00e9 Organizador de MUxED, se desempe\u00f1a actualmente como Directora Asociada en el <a href=\"https:\/\/www.drclas.harvard.edu\/\">David Rockefeller Center for Latin American Studies<\/a> de la Universidad de Harvard. Anteriormente fue Directora Adjunta de Laspau; Secretaria Acad\u00e9mica en CREFAL; Directora del Centro de la OCDE en M\u00e9xico para Am\u00e9rica Latina; y Coordinadora General de @aprende.mx&nbsp;en la SEP. Eugenia es doctora y maestra en Educaci\u00f3n por la Escuela de Posgrado en Educaci\u00f3n de la Universidad de Harvard, y licenciada en Psicolog\u00eda por la Universidad Iberoamericana.<\/p>\n\n\n\n<p class=\"wp-block-paragraph\"><strong>Redes sociales<\/strong><\/p>\n\n\n\n<p class=\"wp-block-paragraph\"><a href=\"http:\/\/www.linkedin.com\/in\/eugeniagarduno\">www.linkedin.com\/in\/eugeniagarduno<\/a><\/p>\n\n\n\n<figure class=\"wp-block-embed\"><div class=\"wp-block-embed__wrapper\">\nhttps:\/\/www.drclas.harvard.edu\/people\/eugenia-garduno\n<\/div><\/figure>\n\n\n\n<p class=\"wp-block-paragraph\"><\/p>\n","protected":false},"excerpt":{"rendered":"<p>Eugenia Gardu\u00f1o SemM\u00e9xico, Ciudad de M\u00e9xico, 12 de diciembre, 2025.-Este 2025 se cumplen seis a\u00f1os de consolidaci\u00f3n y crecimiento de la Red de Mujeres Unidas por la Educaci\u00f3n (MUxED), periodo en el cual se han llevado a cabo acciones fundamentales para fortalecer su rumbo y proyecci\u00f3n futura. Diversas publicaciones de blogs anteriores han documentado nuestros [&hellip;]<\/p>\n","protected":false},"author":3,"featured_media":101303,"comment_status":"open","ping_status":"open","sticky":false,"template":"","format":"standard","meta":{"_monsterinsights_skip_tracking":false,"footnotes":""},"categories":[694],"tags":[],"class_list":["post-101301","post","type-post","status-publish","format-standard","has-post-thumbnail","category-destacadas"],"_links":{"self":[{"href":"https:\/\/redsemlac.com\/semmexico\/wp-json\/wp\/v2\/posts\/101301","targetHints":{"allow":["GET"]}}],"collection":[{"href":"https:\/\/redsemlac.com\/semmexico\/wp-json\/wp\/v2\/posts"}],"about":[{"href":"https:\/\/redsemlac.com\/semmexico\/wp-json\/wp\/v2\/types\/post"}],"author":[{"embeddable":true,"href":"https:\/\/redsemlac.com\/semmexico\/wp-json\/wp\/v2\/users\/3"}],"replies":[{"embeddable":true,"href":"https:\/\/redsemlac.com\/semmexico\/wp-json\/wp\/v2\/comments?post=101301"}],"version-history":[{"count":0,"href":"https:\/\/redsemlac.com\/semmexico\/wp-json\/wp\/v2\/posts\/101301\/revisions"}],"wp:featuredmedia":[{"embeddable":true,"href":"https:\/\/redsemlac.com\/semmexico\/wp-json\/wp\/v2\/media\/101303"}],"wp:attachment":[{"href":"https:\/\/redsemlac.com\/semmexico\/wp-json\/wp\/v2\/media?parent=101301"}],"wp:term":[{"taxonomy":"category","embeddable":true,"href":"https:\/\/redsemlac.com\/semmexico\/wp-json\/wp\/v2\/categories?post=101301"},{"taxonomy":"post_tag","embeddable":true,"href":"https:\/\/redsemlac.com\/semmexico\/wp-json\/wp\/v2\/tags?post=101301"}],"curies":[{"name":"wp","href":"https:\/\/api.w.org\/{rel}","templated":true}]}}