{"id":101295,"date":"2025-12-12T13:22:18","date_gmt":"2025-12-12T19:22:18","guid":{"rendered":"https:\/\/redsemlac.com\/semmexico\/?p=101295"},"modified":"2025-12-12T13:22:19","modified_gmt":"2025-12-12T19:22:19","slug":"jalisco-en-grave-crisis-por-violencia-feminicida-y-desapariciones-cladem","status":"publish","type":"post","link":"https:\/\/redsemlac.com\/semmexico\/jalisco-en-grave-crisis-por-violencia-feminicida-y-desapariciones-cladem\/","title":{"rendered":"Jalisco en grave crisis por violencia feminicida y desapariciones: CLADEM"},"content":{"rendered":"\n<ul class=\"wp-block-list\">\n<li>Feminicidios y desapariciones frente a falencias institucionales<\/li>\n\n\n\n<li>Preocupan tambi\u00e9n la violencia digital, sexual y pol\u00edtica, as\u00ed como los riesgos que genera el para\u00edso tur\u00edstico de Puerto Vallarta<\/li>\n<\/ul>\n\n\n\n<p class=\"wp-block-paragraph\">Redacci\u00f3n<\/p>\n\n\n\n<p class=\"wp-block-paragraph\">SemM\u00e9xico, Guadalajara, 12 de diciembre, 2025.- Jalisco atraviesa una grave crisis de violencia contra las mujeres en relaci\u00f3n con la violencia feminicida y desapariciones, agravada por la desconfianza institucional y la falta de investigaciones con perspectiva de g\u00e9nero, se\u00f1ala el Comit\u00e9 de Am\u00e9rica Latina y el Caribe para la Defensa de los Derechos de las Mujeres, CLADEM, cap\u00edtulos M\u00e9xico y Jalisco.<\/p>\n\n\n\n<p class=\"wp-block-paragraph\">En un comunicado de prensa se cuestiona que, a m\u00e1s de ocho a\u00f1os de la Alerta de Violencia de G\u00e9nero contra las Mujeres, AVGM, persisten deficiencias como poco presupuesto y falta de personal especializado, fallas que impiden cumplir las recomendaciones y brindar protecci\u00f3n efectiva. Ni\u00f1as y adolescentes siguen enfrentando grandes barreras para denunciar y recibir atenci\u00f3n adecuada.<\/p>\n\n\n\n<p class=\"wp-block-paragraph\">Por otra parte, en relaci\u00f3n con las personas desaparecidas, se\u00f1ala que los registros p\u00fablicos muestran que, que en 2025 se report\u00f3 una disminuci\u00f3n relativa del 16.1 por ciento respecto al a\u00f1o anterior, sin embargo, la magnitud del problema sigue siendo alarmante.<\/p>\n\n\n\n<p class=\"wp-block-paragraph\">Hasta el 31 de octubre, el Registro Nacional de Personas Desaparecidas y No Localizadas, RNPDNO, report\u00f3 mil 525 mujeres y ni\u00f1as desaparecidas, mientras que el Sistema de Informaci\u00f3n sobre V\u00edctimas de Desaparici\u00f3n, SISOVID, document\u00f3 mil 797 casos, de los cuales el 27.7 por ciento no cuenta con denuncia formal.<\/p>\n\n\n\n<p class=\"wp-block-paragraph\">Esta brecha refleja barreras institucionales que desalientan la denuncia y limitan la activaci\u00f3n de diligencias urgentes indispensables para la b\u00fasqueda inmediata, particularmente en el caso de ni\u00f1as y adolescentes.<\/p>\n\n\n\n<p class=\"wp-block-paragraph\">Respecto al feminicidio, informes de CLADEM y del Observatorio Ciudadano Nacional del Feminicidio evidencian una subclasificaci\u00f3n sistem\u00e1tica de las muertes violentas de mujeres. Al 30 de septiembre de 2025, Jalisco registr\u00f3 115 muertes violentas, pero solo entre el 14 y el 20 por ciento fueron investigadas como feminicidio, contraviniendo la sentencia Mariana Lima de la Suprema Corte de Justicia de la Naci\u00f3n, que obliga a investigar toda muerte violenta de mujer bajo esta figura penal. Esta pr\u00e1ctica constituye violencia institucional y profundiza la impunidad estructural.<\/p>\n\n\n\n<p class=\"wp-block-paragraph\"><strong>Puerto Vallarte \u201cel para\u00edso tur\u00edstico\u201d de la desigualdad<\/strong><\/p>\n\n\n\n<p class=\"wp-block-paragraph\">En Puerto Vallarta, pese a su crecimiento econ\u00f3mico y fama tur\u00edstica, enfrenta fuertes desigualdades entre zonas hoteleras y colonias perif\u00e9ricas que afectan directamente la seguridad de ni\u00f1as y mujeres, apunta la comunicaci\u00f3n period\u00edstica de CLADEM.<\/p>\n\n\n\n<p class=\"wp-block-paragraph\">Aunque existen dos alertas de g\u00e9nero vigentes, los mecanismos siguen siendo insuficientes para prevenir y atender la violencia. Esto revela que el llamado \u00abpara\u00edso tur\u00edstico\u00bb no garantiza condiciones b\u00e1sicas de protecci\u00f3n. Las mujeres y ni\u00f1as contin\u00faan viviendo en un contexto de riesgo y vulneraci\u00f3n de derechos.<\/p>\n\n\n\n<p class=\"wp-block-paragraph\">Entre 2014 y noviembre de 2025 se han registrado al menos 109 muertes violentas de mujeres, pero apenas el 2.3 por ciento se investiga como feminicidio y solo el ocho por ciento de estos casos ha llegado a sentencia, lo que evidencia una impunidad del 92 por ciento y la falta de aplicaci\u00f3n de protocolos con perspectiva de g\u00e9nero.<\/p>\n\n\n\n<p class=\"wp-block-paragraph\">En el mismo periodo, la desaparici\u00f3n de mujeres en el municipio tambi\u00e9n representa una crisis sostenida: el RNPDNO reporta 449 personas desaparecidas, de las cuales 65 son mujeres, casos cuya b\u00fasqueda recae principalmente en madres, hermanas e hijas ante la insuficiencia institucional.<\/p>\n\n\n\n<p class=\"wp-block-paragraph\">Solo entre enero de 2024 y noviembre de 2025 se registraron 24 asesinatos de mujeres, cometidos tanto en espacios p\u00fablicos como privados, mediante armas blancas, fuego, asfixia, golpes o armas de fuego.<\/p>\n\n\n\n<p class=\"wp-block-paragraph\"><strong>M\u00e9xico violencias digital, sexual\u2026insuficientes esfuerzos<\/strong><\/p>\n\n\n\n<p class=\"wp-block-paragraph\">En M\u00e9xico, agrega el comunicado de CLADEM M\u00e9xico y Jalisco, las violencias sexual y digital contra mujeres, ni\u00f1as y adolescentes se entrelazan y generan graves da\u00f1os psicosociales como trauma, estigmatizaci\u00f3n y aislamiento. La ENDIREH 2021 se\u00f1ala que 49.7 por ciento de las mujeres ha vivido alg\u00fan tipo de violencia sexual y que una de cada 10 la sufri\u00f3 en el \u00faltimo a\u00f1o; en ni\u00f1as y adolescentes, el abuso sexual es tres a cinco veces m\u00e1s alto que en los ni\u00f1os.<\/p>\n\n\n\n<p class=\"wp-block-paragraph\">La impunidad es extrema: 94-97 por ciento de los delitos sexuales no se denuncian. En el \u00e1mbito digital, el M\u00f3dulo de Ciberacoso 2024 registr\u00f3 que 10.6 millones de mujeres fueron v\u00edctimas de ciberacoso y que 22.2 por ciento de las usuarias de internet sufri\u00f3 agresiones en l\u00ednea, con mayor afectaci\u00f3n entre j\u00f3venes de 20 a 29 a\u00f1os, donde casi una de cada 3 report\u00f3 acoso o amenazas.<\/p>\n\n\n\n<p class=\"wp-block-paragraph\">Pese a algunos avances legislativos y preventivos incluido Jalisco-, la respuesta institucional contin\u00faa siendo insuficiente. Solo una de cada 10 fiscal\u00edas cuenta con unidades especializadas en ciberdelitos con perspectiva de g\u00e9nero y menos del 20 por ciento de los ministerios p\u00fablicos dispone de protocolos actualizados para investigar violencia sexual y digital. En estados con AVGM, m\u00e1s del 60 por ciento de los municipios carece de servicios especializados y la cobertura de refugios o atenci\u00f3n psicol\u00f3gica es menor al 30 por ciento.<\/p>\n\n\n\n<p class=\"wp-block-paragraph\">En violencia digital, menos del cinco por ciento de los casos logra el retiro de contenido. Estas brechas evidencian la urgencia de pol\u00edticas integrales que combinen educaci\u00f3n digital temprana, protocolos psicojur\u00eddicos estandarizados, fortalecimiento institucional y mecanismos espec\u00edficos de protecci\u00f3n para ni\u00f1as, j\u00f3venes y mujeres en situaci\u00f3n de riesgo.<\/p>\n\n\n\n<p class=\"wp-block-paragraph\"><strong>Represi\u00f3n policial, vigilancia y estigmatizaci\u00f3n a la protesta social<\/strong><\/p>\n\n\n\n<p class=\"wp-block-paragraph\">En Jalisco, entre 2023 y 2025 se ha documentado una reducci\u00f3n sostenida del espacio c\u00edvico que afecta especialmente a mujeres defensoras, periodistas, activistas y madres buscadoras. La represi\u00f3n policial, la vigilancia, la estigmatizaci\u00f3n y la violencia digital se combinan con una grave falta de datos oficiales, lo que profundiza la impunidad.<\/p>\n\n\n\n<p class=\"wp-block-paragraph\">En este periodo, al menos 9 personas activistas fueron asesinadas -4 de ellas mujeres- sin que los casos hayan sido esclarecidos. Las agresiones se dieron contra madres buscadoras y defensoras del territorio, lo que muestran un patr\u00f3n de criminalizaci\u00f3n, abandono institucional y omisi\u00f3n de medidas de protecci\u00f3n, mientras que la represi\u00f3n de protestas feministas evidencia detenciones arbitrarias, uso excesivo de la fuerza y criminalizaci\u00f3n sistem\u00e1tica, como ocurri\u00f3 en las movilizaciones de 2021, 2024 y 2025.<\/p>\n\n\n\n<p class=\"wp-block-paragraph\">A la par, Jalisco es uno de los estados con mayor riesgo para mujeres periodistas: ubicando a la entidad en el segundo lugar nacional. El 91 por ciento de las agresiones se dirigi\u00f3 a periodistas que laboran en medios digitales, siendo las reporteras el grupo m\u00e1s afectado (33 casos), seguido de directoras (15) y columnistas (4), en un contexto marcado por el inicio del proceso electoral 2023-2024. En conjunto, el contexto revela un deterioro profundo del espacio p\u00fablico para las mujeres en Jalisco, donde la falta de garant\u00edas, la impunidad y la ausencia de pol\u00edticas de protecci\u00f3n integrales permiten que la violencia contra defensoras, periodistas y activistas se repita de forma sistem\u00e1tica.<\/p>\n\n\n\n<p class=\"wp-block-paragraph\"><strong>Violencia pol\u00edtica\u2026una piedra en el zapato<\/strong><\/p>\n\n\n\n<p class=\"wp-block-paragraph\">La paridad sigue siendo urgente porque la desigualdad estructural contin\u00faa limitando la participaci\u00f3n pol\u00edtica de las mujeres, pese al mandato constitucional de 2024.<\/p>\n\n\n\n<p class=\"wp-block-paragraph\">En Jalisco, la violencia pol\u00edtica persiste: desde 2018 hay al menos 11 sentencias, m\u00e1s de 50 quejas en 2023-2024 y 13 denuncias solo entre abril y mayo de 2024. El subregistro y la falta de atenci\u00f3n efectiva mantienen estas barreras patriarcales intactas.<\/p>\n\n\n\n<p class=\"wp-block-paragraph\">El municipio Puerto Vallarta destaca como uno de los focos con m\u00e1s denuncias y sentencias por VPM-RG: desde 2018 es el municipio con mayor n\u00famero de casos sentenciados. En conjunto, todos estos elementos permiten afirmar que la violencia pol\u00edtica contra las mujeres no es un conjunto de incidentes dispersos, sino un problema estructural que limita la democracia. Pero tambi\u00e9n muestran que no estamos ante v\u00edctimas aisladas: hay un esfuerzo colectivo, persistente y feminista por nombrar, documentar y eliminar estas violencias.<\/p>\n\n\n\n<p class=\"wp-block-paragraph\"><strong>Lesbofobia<\/strong><\/p>\n\n\n\n<p class=\"wp-block-paragraph\">La violencia lesbof\u00f3bica en Jalisco y en M\u00e9xico se mantiene invisibilizada por instituciones que omiten nombrar expl\u00edcitamente a las lesbianas en pol\u00edticas p\u00fablicas, programas de salud y estad\u00edsticas oficiales.<\/p>\n\n\n\n<p class=\"wp-block-paragraph\">Esta ausencia desde la falta de datos hasta la inexistencia de protocolos de atenci\u00f3n y prevenci\u00f3n- es una forma de violencia que impide reconocer los lesbofeminicidios, atender necesidades espec\u00edficas en salud sexual y garantizar acceso a la justicia. La diluci\u00f3n del t\u00e9rmino \u00ablesbiana\u00bb en categor\u00edas amplias como \u00abmujeres diversas\u00bb o \u00abLGBTIQ+\u00bb borra sus experiencias, dificulta la creaci\u00f3n de pol\u00edticas efectivas y permite que la representaci\u00f3n p\u00fablica y pol\u00edtica siga siendo m\u00ednima.<\/p>\n\n\n\n<p class=\"wp-block-paragraph\">Por eso, reivindicar la palabra lesbiana es un acto profundamente pol\u00edtico. Es una afirmaci\u00f3n de autonom\u00eda, de deseo, de resistencia y de amor entre mujeres. Desde CLADEM Jalisco urgimos la creaci\u00f3n e implementaci\u00f3n de pol\u00edticas p\u00fablicas con datos, presupuestos y representaci\u00f3n para las mujeres lesbianas. Exigiendo que las instituciones del Estado incluyan programas espec\u00edficos. Que las instituciones de salud reconozcan sus necesidades reales. Y que el acceso a la justicia tambi\u00e9n sea para las mujeres que han sido asesinadas por amar a otras mujeres.<\/p>\n\n\n\n<p class=\"wp-block-paragraph\">SEM\/sj<\/p>\n","protected":false},"excerpt":{"rendered":"<p>Redacci\u00f3n SemM\u00e9xico, Guadalajara, 12 de diciembre, 2025.- Jalisco atraviesa una grave crisis de violencia contra las mujeres en relaci\u00f3n con la violencia feminicida y desapariciones, agravada por la desconfianza institucional y la falta de investigaciones con perspectiva de g\u00e9nero, se\u00f1ala el Comit\u00e9 de Am\u00e9rica Latina y el Caribe para la Defensa de los Derechos de [&hellip;]<\/p>\n","protected":false},"author":3,"featured_media":101296,"comment_status":"open","ping_status":"open","sticky":false,"template":"","format":"standard","meta":{"_monsterinsights_skip_tracking":false,"footnotes":""},"categories":[694],"tags":[],"class_list":["post-101295","post","type-post","status-publish","format-standard","has-post-thumbnail","category-destacadas"],"_links":{"self":[{"href":"https:\/\/redsemlac.com\/semmexico\/wp-json\/wp\/v2\/posts\/101295","targetHints":{"allow":["GET"]}}],"collection":[{"href":"https:\/\/redsemlac.com\/semmexico\/wp-json\/wp\/v2\/posts"}],"about":[{"href":"https:\/\/redsemlac.com\/semmexico\/wp-json\/wp\/v2\/types\/post"}],"author":[{"embeddable":true,"href":"https:\/\/redsemlac.com\/semmexico\/wp-json\/wp\/v2\/users\/3"}],"replies":[{"embeddable":true,"href":"https:\/\/redsemlac.com\/semmexico\/wp-json\/wp\/v2\/comments?post=101295"}],"version-history":[{"count":0,"href":"https:\/\/redsemlac.com\/semmexico\/wp-json\/wp\/v2\/posts\/101295\/revisions"}],"wp:featuredmedia":[{"embeddable":true,"href":"https:\/\/redsemlac.com\/semmexico\/wp-json\/wp\/v2\/media\/101296"}],"wp:attachment":[{"href":"https:\/\/redsemlac.com\/semmexico\/wp-json\/wp\/v2\/media?parent=101295"}],"wp:term":[{"taxonomy":"category","embeddable":true,"href":"https:\/\/redsemlac.com\/semmexico\/wp-json\/wp\/v2\/categories?post=101295"},{"taxonomy":"post_tag","embeddable":true,"href":"https:\/\/redsemlac.com\/semmexico\/wp-json\/wp\/v2\/tags?post=101295"}],"curies":[{"name":"wp","href":"https:\/\/api.w.org\/{rel}","templated":true}]}}