{"id":101235,"date":"2025-12-10T11:02:01","date_gmt":"2025-12-10T17:02:01","guid":{"rendered":"https:\/\/redsemlac.com\/semmexico\/?p=101235"},"modified":"2025-12-10T11:02:02","modified_gmt":"2025-12-10T17:02:02","slug":"irinea-buendia-busca-que-la-sentencia-mariana-lima-sea-ley","status":"publish","type":"post","link":"https:\/\/redsemlac.com\/semmexico\/irinea-buendia-busca-que-la-sentencia-mariana-lima-sea-ley\/","title":{"rendered":"Irinea Buendia busca que la\u00a0 sentencia Mariana Lima sea ley"},"content":{"rendered":"\n<p class=\"wp-block-paragraph\">Gobernador afirma \u201cNo vamos a regatear ni un solo recurso p\u00fablico para garantizar que las mujeres vivan sin violencia\u201d<\/p>\n\n\n\n<p class=\"wp-block-paragraph\">Candelaria Rodr\u00edguez<\/p>\n\n\n\n<p class=\"wp-block-paragraph\">Irinea Buand\u00eda hace una&nbsp; propuesta para que la sentencia Mariana Lima sea ley en las investigaciones de las muertes violentas de las mujeres, los feminicidios. La ha&nbsp; llevado a todos los rincones del pa\u00eds.&nbsp;<\/p>\n\n\n\n<p class=\"wp-block-paragraph\">Entre expresiones de gran sensibilidad&nbsp; concluy\u00f3 su narrativa la activista, madre de Marina Lima,&nbsp; qui\u00e9n&nbsp; a la edad de 28 a\u00f1os fue v\u00edctima de feminicidio. Su asesinato ocurri\u00f3&nbsp; el 28 de junio de 2010,&nbsp; hace 15 a\u00f1os, en el municipio de&nbsp; Chimalhuacan, Estado de M\u00e9xico. Asesinada por&nbsp; su esposo Julio C\u00e9sar Hern\u00e1ndez Ballinas, comandante de la polic\u00eda judicial de EDOMEX,&nbsp; que luego de 13 a\u00f1os en busca de justicia logr\u00f3 la sentencia de 70 a\u00f1os para el feminicida.(marzo de 2023).&nbsp;<\/p>\n\n\n\n<p class=\"wp-block-paragraph\">Irinea y su esposo, buscaron justicia, un&nbsp; ese largo caminar que los llev\u00f3 ante los tribunales, y hasta &nbsp; 2015&nbsp; consiguieron se reabriera el caso para ser investigado como feminicidio, derrotando al intento de considerarlos un sucidio, gracias a la sentencia&nbsp; 554\/2013 de la Suprema Corte de Justicia (SCJN), que&nbsp; impidi\u00f3 el caso cerrado y&nbsp; calificando la muerte de Mariana Lima como suicidio.<\/p>\n\n\n\n<p class=\"wp-block-paragraph\">Participante en el Conversatorio: Verdad y Justicia para ellas; reflexiones&nbsp; para una funci\u00f3n p\u00fablica con Perspectiva de G\u00e9nero, convocada por la Fiscal\u00eda General del Estado, como parte de la campa\u00f1a de los 16 d\u00edas de activismo de la campa\u00f1a \u00danete, impulsada por ONU mujeres, y en el D\u00eda estatal de cada 8 de mes dedicado a las mujeres y &nbsp; en el marco la conmemoraci\u00f3n internacional para la eliminaci\u00f3n de la violencia contra las mujeres, Irinea cargando la sentencia Mariana Lima Buendia, dijo que a\u00fan ausente ella (Mariana)&nbsp; dej\u00f3 un gran legado a M\u00e9xico&nbsp; para la&nbsp; defensa de las mujeres,&nbsp; se refer\u00eda a&nbsp; la sentencia, que hoy la impulsa como una propuesta legislativa.&nbsp;<\/p>\n\n\n\n<p class=\"wp-block-paragraph\">Ese legado busca convertirse en ley para juzgar con los par\u00e1metros, criterios y est\u00e1ndares de las leyes nacionales, para que la sentencia Mariana Lima sea la ruta a seguir.<\/p>\n\n\n\n<p class=\"wp-block-paragraph\">Con un \u00a1ya basta! \u00a1Ya basta! Mientras, emocionada hasta las&nbsp; lagrimas , con&nbsp; su rostro moreno, quemado por el sol tras&nbsp; las largas jornadas de la lucha de a pie, Irinea no&nbsp; se quiebra cuando cansada en busca de evidencia y ser escuchada, conf\u00eda, tiene esperanza, ya que logr\u00f3&nbsp; revertir las decisiones de los jueces que hab\u00edan cerrado el caso en el 2012 y la sentencia fue contundente 70 a\u00f1os de c\u00e1rcel para el feminicida.&nbsp;<\/p>\n\n\n\n<p class=\"wp-block-paragraph\">Una lucha tit\u00e1nica narrada por esta madre\/activista, a quien le duele&nbsp; la ausencia de Mariana,&nbsp; y aun , de pronto,&nbsp; siente&nbsp; impotencia,&nbsp; rabia,&nbsp; enojo, como describi\u00f3 su lucha&nbsp; la abogada feminista Karla Micheel Salas Ram\u00edrez, quien&nbsp; hizo referencia a la falta de perspectiva de g\u00e9nero en la normatividad, ausente entre&nbsp; los juzgadores, y explic\u00f3, \u201c aun no se trabaja en esa ruta\u201d.<\/p>\n\n\n\n<p class=\"wp-block-paragraph\">Paso a paso, Irinea narr\u00f3 las omisiones cometidas por las autoridades de la Fiscal\u00eda del Estado de M\u00e9xico, en la investigaci\u00f3n del crimen cometido contra su hija, donde se trat\u00f3 de se\u00f1alar que la muerte de Mariana haba sido un suicidio. Y mencion\u00f3 lo absurda de las investigaciones cuando mostr\u00f3 al p\u00fablico un cord\u00f3n y armella para colgar cortinas, desde donde presuntamente un cuerpo pudo haberse colgado, cuando ese cord\u00f3n solo sirve para sostener cortinas.<\/p>\n\n\n\n<p class=\"wp-block-paragraph\">Despu\u00e9s de 13 a\u00f1os del feminicidio, coment\u00f3 que se exhum\u00f3 el cuerpo de Mariana Lima y descubren&nbsp; que ten\u00eda elementos que no eran suyos y la investigaci\u00f3n tuvo un giro que llev\u00f3 a la sentencia de su pareja sentimental, su esposo. 13 a\u00f1os pasaron, dijo ante la falta de la aplicaci\u00f3n de una investigaci\u00f3n con perspectiva de g\u00e9nero.&nbsp; Yo no soy abogada, no tengo estudios, dijo, pero la busca de justicia nos ha llevado a conocer y seguir haciendo preguntas hasta encontrar pistas que lleven a esclarecer los casos, \u201cson nuestras hijas,&nbsp; nos duelen, y nos las arrebataron\u201d.<\/p>\n\n\n\n<p class=\"wp-block-paragraph\">En el conversatorio \u201cVerdad y Justicia para Rllas\u201d: reflexiones para una funci\u00f3n p\u00fablica con perspectiva de g\u00e9nero\u201d estuvo presidido por el gobernador del estado, Eduardo Ram\u00edrez Aguilar, y&nbsp; asistieron ministerios p\u00fablicos, fiscales y personal de las diferentes \u00e1reas de la Fiscal\u00eda General del&nbsp; Estado. Como invitadas especiales: Irinea&nbsp; Buencdia, flaqueada por la Senadora&nbsp; Morenista Mal\u00fa Micher, la abogada feminista, Karla Micheel Salas Ram\u00edrez. La coordinaci\u00f3n del programa a cargo&nbsp; &nbsp; la Secretaria de la Mujer e Igualdad de G\u00e9nero (SEMUIGEN), que encabeza Maestra Marian V\u00e1zquez Gonz\u00e1lez.<\/p>\n\n\n\n<p class=\"wp-block-paragraph\">El gobernador Ram\u00edrez,&nbsp; se dice alumno de la senadora Mal\u00fa Micher, a quien reconoce su trabajo en beneficio de las mujeres, refrend\u00f3 su postura de proteger y garantizar la&nbsp; seguridad&nbsp; a favor de las mujeres, asegurando que pondr\u00e1 todo lo que este en su alcance para que vivan libres de&nbsp; violencia..&nbsp;<\/p>\n\n\n\n<p class=\"wp-block-paragraph\">&nbsp;Ram\u00edrez que recientemente rindi\u00f3 informe de gobierno, &#8211;&nbsp; muy aplaudido&nbsp; por el auditorio y la propia senadora Malu Micher-&nbsp; donde dijo&nbsp; de haber cumplido su palabra. \u201cen este d\u00eda (8 de diciembre ) que cumplo un a\u00f1o de gobierno, dijo,&nbsp; \u201cNo vamos a regatear ni un solo recurso p\u00fablico para garantizar que las mujeres vivan sin violencia, pero lo vamos a lograr desde la educaci\u00f3n, desde la concientizaci\u00f3n y desde la aplicaci\u00f3n de la justicia\u201d,&nbsp;&nbsp;<\/p>\n\n\n\n<p class=\"wp-block-paragraph\">&nbsp;Y ante la presencia de las activistas, se comprometi\u00f3 a tomar en cuenta las iniciativas de las colectivas, porque la lucha contra las violencia hacia las mujeres corresponde a todos y todas&nbsp;<\/p>\n\n\n\n<p class=\"wp-block-paragraph\">&nbsp;Y dentro de las acciones que por decreto se estipula en Chiapas para realizar acciones a favor de las mujeres cada 8 de cada mes, el gobernador por decisi\u00f3n del Fiscal General de Estado, entreg\u00f3 reconocimiento a la primera Fiscal especializada de Justicia ind\u00edgena, a la abogada ind\u00edgena Floralma G\u00f3mez Santiz, convirti\u00e9ndose en la primera mujer e ind\u00edgena en dirigir la fiscal\u00eda&nbsp; de la regi\u00f3n de los altos de Chiapas con poblaci\u00f3n ind\u00edgena.<\/p>\n\n\n\n<p class=\"wp-block-paragraph\">De esa manera, la Fiscal\u00eda General del Estado, busca con historias reales, cre\u00edbles y con personajes que siguen viviendo el calvario para encontrar justicia, como son los casos de Irinea Buendia y Soledad Jarquin, que exponen testimonios que permitan reflexionar y aprender de las equivocaciones y los malos procedimientos que se registran en las carpetas de investigaci\u00f3n en&nbsp; la aplicaci\u00f3n de justicia con perspectiva de g\u00e9nero.<\/p>\n\n\n\n<p class=\"wp-block-paragraph\">&nbsp;Al final, el Fiscal General, Jorge Luis LLaven Abarca, agradeci\u00f3 la presencia de las expositoras, y se comprometi\u00f3 a seguir trabajando en la aplicaci\u00f3n de justicia con perspectiva de g\u00e9nero.&nbsp;<\/p>\n\n\n\n<p class=\"wp-block-paragraph\">*Autora de Con valor de Mujer yNi m\u00e1s ni menos<\/p>\n\n\n\n<figure class=\"wp-block-image size-full\"><a href=\"https:\/\/redsemlac.com\/semmexico\/wp-content\/uploads\/2025\/12\/image-20.png\"><img loading=\"lazy\" decoding=\"async\" width=\"297\" height=\"396\" src=\"https:\/\/redsemlac.com\/semmexico\/wp-content\/uploads\/2025\/12\/image-20.png\" alt=\"\" class=\"wp-image-101238\" srcset=\"https:\/\/redsemlac.com\/semmexico\/wp-content\/uploads\/2025\/12\/image-20.png 297w, https:\/\/redsemlac.com\/semmexico\/wp-content\/uploads\/2025\/12\/image-20-225x300.png 225w, https:\/\/redsemlac.com\/semmexico\/wp-content\/uploads\/2025\/12\/image-20-150x200.png 150w\" sizes=\"auto, (max-width: 297px) 100vw, 297px\" \/><\/a><\/figure>\n\n\n\n<figure class=\"wp-block-image size-full\"><a href=\"https:\/\/redsemlac.com\/semmexico\/wp-content\/uploads\/2025\/12\/image-10.png\"><img loading=\"lazy\" decoding=\"async\" width=\"297\" height=\"223\" src=\"https:\/\/redsemlac.com\/semmexico\/wp-content\/uploads\/2025\/12\/image-10.png\" alt=\"\" class=\"wp-image-101236\" srcset=\"https:\/\/redsemlac.com\/semmexico\/wp-content\/uploads\/2025\/12\/image-10.png 297w, https:\/\/redsemlac.com\/semmexico\/wp-content\/uploads\/2025\/12\/image-10-150x113.png 150w\" sizes=\"auto, (max-width: 297px) 100vw, 297px\" \/><\/a><\/figure>\n\n\n\n<figure class=\"wp-block-image size-full\"><a href=\"https:\/\/redsemlac.com\/semmexico\/wp-content\/uploads\/2025\/12\/image-18.png\"><img loading=\"lazy\" decoding=\"async\" width=\"265\" height=\"354\" src=\"https:\/\/redsemlac.com\/semmexico\/wp-content\/uploads\/2025\/12\/image-18.png\" alt=\"\" class=\"wp-image-101237\" srcset=\"https:\/\/redsemlac.com\/semmexico\/wp-content\/uploads\/2025\/12\/image-18.png 265w, https:\/\/redsemlac.com\/semmexico\/wp-content\/uploads\/2025\/12\/image-18-225x300.png 225w, https:\/\/redsemlac.com\/semmexico\/wp-content\/uploads\/2025\/12\/image-18-150x200.png 150w\" sizes=\"auto, (max-width: 265px) 100vw, 265px\" \/><\/a><\/figure>\n\n\n\n<p class=\"wp-block-paragraph\">Floralma G\u00f3mez Santis<\/p>\n\n\n\n<p class=\"wp-block-paragraph\">Fiscal Especializada en Justicia Ind\u00edgena en Chiapas<\/p>\n","protected":false},"excerpt":{"rendered":"<p>Gobernador afirma \u201cNo vamos a regatear ni un solo recurso p\u00fablico para garantizar que las mujeres vivan sin violencia\u201d Candelaria Rodr\u00edguez Irinea Buand\u00eda hace una&nbsp; propuesta para que la sentencia Mariana Lima sea ley en las investigaciones de las muertes violentas de las mujeres, los feminicidios. La ha&nbsp; llevado a todos los rincones del pa\u00eds.&nbsp; [&hellip;]<\/p>\n","protected":false},"author":3,"featured_media":101239,"comment_status":"open","ping_status":"open","sticky":false,"template":"","format":"standard","meta":{"_monsterinsights_skip_tracking":false,"footnotes":""},"categories":[35,622],"tags":[],"class_list":["post-101235","post","type-post","status-publish","format-standard","has-post-thumbnail","category-opinion","category-tras-la-puerta-del-poder"],"_links":{"self":[{"href":"https:\/\/redsemlac.com\/semmexico\/wp-json\/wp\/v2\/posts\/101235","targetHints":{"allow":["GET"]}}],"collection":[{"href":"https:\/\/redsemlac.com\/semmexico\/wp-json\/wp\/v2\/posts"}],"about":[{"href":"https:\/\/redsemlac.com\/semmexico\/wp-json\/wp\/v2\/types\/post"}],"author":[{"embeddable":true,"href":"https:\/\/redsemlac.com\/semmexico\/wp-json\/wp\/v2\/users\/3"}],"replies":[{"embeddable":true,"href":"https:\/\/redsemlac.com\/semmexico\/wp-json\/wp\/v2\/comments?post=101235"}],"version-history":[{"count":0,"href":"https:\/\/redsemlac.com\/semmexico\/wp-json\/wp\/v2\/posts\/101235\/revisions"}],"wp:featuredmedia":[{"embeddable":true,"href":"https:\/\/redsemlac.com\/semmexico\/wp-json\/wp\/v2\/media\/101239"}],"wp:attachment":[{"href":"https:\/\/redsemlac.com\/semmexico\/wp-json\/wp\/v2\/media?parent=101235"}],"wp:term":[{"taxonomy":"category","embeddable":true,"href":"https:\/\/redsemlac.com\/semmexico\/wp-json\/wp\/v2\/categories?post=101235"},{"taxonomy":"post_tag","embeddable":true,"href":"https:\/\/redsemlac.com\/semmexico\/wp-json\/wp\/v2\/tags?post=101235"}],"curies":[{"name":"wp","href":"https:\/\/api.w.org\/{rel}","templated":true}]}}