{"id":101219,"date":"2025-12-10T10:19:49","date_gmt":"2025-12-10T16:19:49","guid":{"rendered":"https:\/\/redsemlac.com\/semmexico\/?p=101219"},"modified":"2025-12-10T10:19:50","modified_gmt":"2025-12-10T16:19:50","slug":"quinta-conferencia-laign-sobre-genero-ciencia-y-tecnologia","status":"publish","type":"post","link":"https:\/\/redsemlac.com\/semmexico\/quinta-conferencia-laign-sobre-genero-ciencia-y-tecnologia\/","title":{"rendered":"Quinta Conferencia LAIGN sobre g\u00e9nero, ciencia y tecnolog\u00eda"},"content":{"rendered":"\n<p class=\"wp-block-paragraph\">Quinta Conferencia LAIGN sobre g\u00e9nero, ciencia y tecnolog\u00eda<\/p>\n\n\n\n<p class=\"wp-block-paragraph\">Claudia Valeggia, Amneris Chaparro y Luc\u00eda N\u00fa\u00f1ez.&nbsp;Foto: V\u00edctor Hugo S\u00e1nchez.<\/p>\n\n\n\n<p class=\"wp-block-paragraph\">La academia, clave para desafiar sesgos sexistas<\/p>\n\n\n\n<p class=\"wp-block-paragraph\">Mar\u00eda Guadalupe Lugo Garc\u00eda&nbsp;&nbsp;<\/p>\n\n\n\n<p class=\"wp-block-paragraph\">SemM\u00e9xico, Cd. de M\u00e9xico, 10 de diciembre, 2025.- Es vital que desde la academia se generen espacios para desafiar los sesgos androc\u00e9ntricos, binarios y sexistas que hist\u00f3ricamente han limitado y distorsionado la producci\u00f3n del conocimiento, apunt\u00f3 Luc\u00eda N\u00fa\u00f1ez Rebolledo, secretaria acad\u00e9mica e investigadora del Centro de Investigaciones y Estudios de G\u00e9nero (CIEG).<\/p>\n\n\n\n<p class=\"wp-block-paragraph\">Al participar en la inauguraci\u00f3n de la Quinta Conferencia Anual LAIGN (Red Latinoamericana Interdisciplinaria de G\u00e9nero). G\u00e9nero, ciencia y tecnolog\u00eda, indic\u00f3: \u201cAl reunirnos en este encuentro, desde diversas disciplinas, reivindicamos que la ciencia no es un mon\u00f3logo, sino un di\u00e1logo que debe atravesarse necesariamente por la perspectiva de g\u00e9nero interseccional para ser verdaderamente rigurosa y justa\u201d.<\/p>\n\n\n\n<p class=\"wp-block-paragraph\">Acompa\u00f1ada por la directora del CIEG, Amneris Chaparro Mart\u00ednez, y la investigadora de la Universidad de Yale, Claudia Valeggia, la funcionaria resalt\u00f3 la urgencia de analizar c\u00f3mo las narrativas hist\u00f3ricas sobre el sexo y el g\u00e9nero han moldeado, y a menudo limitado, nuestra comprensi\u00f3n e interpretaci\u00f3n acerca de la naturaleza y lo que hemos construido como discurso biol\u00f3gico.<\/p>\n\n\n\n<p class=\"wp-block-paragraph\">\u201cEs necesario visibilizar c\u00f3mo esa mirada androc\u00e9ntrica ha generado invisibilizaciones, exclusiones concretas y tangibles en la ciencia, y la tecnolog\u00eda en nuestra propia regi\u00f3n, perpetuando sesgos que debemos nombrar y combatir\u201d, puntualiz\u00f3.<\/p>\n\n\n\n<p class=\"wp-block-paragraph\">Dijo que en este encuentro se reflexionar\u00eda sobre la singularidad de los procesos de salud y las barreras de acceso que enfrentan las mujeres y las diversidades, record\u00e1ndonos que la inequidad se inscribe literalmente en el cuerpo. \u201cLa apuesta es ir del laboratorio a la pol\u00edtica p\u00fablica, y del concepto al cuerpo\u201d.<\/p>\n\n\n\n<p class=\"wp-block-paragraph\">En su oportunidad, Amneris Chaparro record\u00f3 que la LAIGN se cre\u00f3 en 2020 impulsada por la UNAM-Boston, y ese mismo a\u00f1o se realiz\u00f3 la primera conferencia de manera virtual, de esa forma \u201ccomenz\u00f3 una historia que hoy cumple cinco a\u00f1os\u201d, durante los cuales se han dado enormes cambios geopol\u00edticos, muchos acentuados por los movimientos feministas en el sur global, y otros relacionados con cambios en las instituciones de gobierno y universitarias.<\/p>\n\n\n\n<p class=\"wp-block-paragraph\">Destac\u00f3 que uno de los principales retos para quienes pertenecen a esta Red es hacer que \u00e9sta permanezca, a pesar de los cambios dentro de las instituciones. \u201cPara quienes nos dedicamos a los estudios de g\u00e9nero, el desaf\u00edo es resistir los embates de la nueva oleada conservadora que nos piensan como ideolog\u00eda, un asunto poco serio que debe desaparecer y no contar con sustento econ\u00f3mico, ni apoyo por parte de las universidades\u201d.<\/p>\n\n\n\n<p class=\"wp-block-paragraph\">Detall\u00f3 que la Red cuenta con cinco grupos de trabajo: g\u00e9nero y educaci\u00f3n; g\u00e9nero y teor\u00edas feministas; g\u00e9nero, econom\u00eda, pobreza y salud; g\u00e9nero en las artes y las humanidades, y g\u00e9nero en la ciencia, tecnolog\u00eda e innovaci\u00f3n. Por ello, a partir de este a\u00f1o, se decidi\u00f3 que el tema de la conferencia est\u00e9 estrictamente asociado con el trabajo que se hace en los grupos.<\/p>\n\n\n\n<p class=\"wp-block-paragraph\">Este encuentro, por un lado, reafirma un compromiso del CIEG con pensar al g\u00e9nero de manera rigurosa, cient\u00edfica, feminista, antipatriarcal, y cr\u00edtica, finaliz\u00f3.<\/p>\n\n\n\n<p class=\"wp-block-paragraph\">Previo a su conferencia magistral, \u201cEnredadxs: narrativas y contranarrativas del sexo\/g\u00e9nero en las ciencias\u201d, Claudia Valeggia asever\u00f3 que el tema del encuentro, g\u00e9nero, ciencia y tecnolog\u00eda no podr\u00eda ser m\u00e1s urgente, ni m\u00e1s necesario.<\/p>\n\n\n\n<p class=\"wp-block-paragraph\">En un momento en que la producci\u00f3n cient\u00edfica y el desarrollo tecnol\u00f3gico moldean de manera decisiva nuestras vidas, cuerpos y sociedades, es imprescindible examinar qui\u00e9nes participan en estos procesos, c\u00f3mo formulamos las preguntas y desde qu\u00e9 marcos epistemol\u00f3gicos se generan las respuestas.<\/p>\n\n\n\n<p class=\"wp-block-paragraph\">\u201cSabemos que las ciencias y las tecnolog\u00edas, aunque se les presente como objetivas y al margen de la historia, en realidad no lo son. Llevan inscritas historias, jerarqu\u00edas y ausencias.&nbsp;Precisamente, este encuentro busca visibilizar esas din\u00e1micas y abrir caminos para transformarlas\u201d, prosigui\u00f3.<\/p>\n\n\n\n<p class=\"wp-block-paragraph\">En su conferencia magistral, dijo que en los \u00faltimos a\u00f1os se ha dado un cuestionamiento importante en torno a c\u00f3mo se piensa el sexo y el g\u00e9nero en la investigaci\u00f3n biom\u00e9dica, pero tambi\u00e9n en la antropolog\u00eda biol\u00f3gica, en la neurociencia y en la salud p\u00fablica.<\/p>\n\n\n\n<p class=\"wp-block-paragraph\">Dicho cuestionamiento no ha sido lineal, pero tampoco pac\u00edfico, \u201cest\u00e1 atravesado por tensiones pol\u00edticas, disputas epistemol\u00f3gicas, resistencias institucionales y una enorme creatividad te\u00f3rica y metodol\u00f3gica\u201d, mencion\u00f3.<\/p>\n\n\n\n<p class=\"wp-block-paragraph\">Se\u00f1al\u00f3 que algunas contranarrativas han venido ganando impulso desde la biolog\u00eda feminista, la antropolog\u00eda m\u00e9dica, la sociolog\u00eda de la ciencia y la salud p\u00fablica cr\u00edtica. \u201cEn lugar de tratar el sexo como una variable fija y binaria, lo entienden como un proceso din\u00e1mico, relacional y situado\u201d.<\/p>\n\n\n\n<p class=\"wp-block-paragraph\">Estas contranarrativas nos invitan a pasar de una ciencia que clasifica a otra que comprende, de aquella que reproduce jerarqu\u00edas a una que las interroga, y de una que busca certezas a una otra abierta a la complejidad.<\/p>\n\n\n\n<p class=\"wp-block-paragraph\">Queremos construir una ciencia que reconozca cuerpos diversos y contextos situados; que desnaturalice, pero sin desmaterializar; que combine rigor con justicia; que escuche, cuestione y transforme, y que no s\u00f3lo mida, sino que tambi\u00e9n imagine, finaliz\u00f3.<\/p>\n","protected":false},"excerpt":{"rendered":"<p>Quinta Conferencia LAIGN sobre g\u00e9nero, ciencia y tecnolog\u00eda Claudia Valeggia, Amneris Chaparro y Luc\u00eda N\u00fa\u00f1ez.&nbsp;Foto: V\u00edctor Hugo S\u00e1nchez. La academia, clave para desafiar sesgos sexistas Mar\u00eda Guadalupe Lugo Garc\u00eda&nbsp;&nbsp; SemM\u00e9xico, Cd. de M\u00e9xico, 10 de diciembre, 2025.- Es vital que desde la academia se generen espacios para desafiar los sesgos androc\u00e9ntricos, binarios y sexistas que [&hellip;]<\/p>\n","protected":false},"author":3,"featured_media":101220,"comment_status":"open","ping_status":"open","sticky":false,"template":"","format":"standard","meta":{"_monsterinsights_skip_tracking":false,"footnotes":""},"categories":[748],"tags":[],"class_list":["post-101219","post","type-post","status-publish","format-standard","has-post-thumbnail","category-cultura-feminista"],"_links":{"self":[{"href":"https:\/\/redsemlac.com\/semmexico\/wp-json\/wp\/v2\/posts\/101219","targetHints":{"allow":["GET"]}}],"collection":[{"href":"https:\/\/redsemlac.com\/semmexico\/wp-json\/wp\/v2\/posts"}],"about":[{"href":"https:\/\/redsemlac.com\/semmexico\/wp-json\/wp\/v2\/types\/post"}],"author":[{"embeddable":true,"href":"https:\/\/redsemlac.com\/semmexico\/wp-json\/wp\/v2\/users\/3"}],"replies":[{"embeddable":true,"href":"https:\/\/redsemlac.com\/semmexico\/wp-json\/wp\/v2\/comments?post=101219"}],"version-history":[{"count":0,"href":"https:\/\/redsemlac.com\/semmexico\/wp-json\/wp\/v2\/posts\/101219\/revisions"}],"wp:featuredmedia":[{"embeddable":true,"href":"https:\/\/redsemlac.com\/semmexico\/wp-json\/wp\/v2\/media\/101220"}],"wp:attachment":[{"href":"https:\/\/redsemlac.com\/semmexico\/wp-json\/wp\/v2\/media?parent=101219"}],"wp:term":[{"taxonomy":"category","embeddable":true,"href":"https:\/\/redsemlac.com\/semmexico\/wp-json\/wp\/v2\/categories?post=101219"},{"taxonomy":"post_tag","embeddable":true,"href":"https:\/\/redsemlac.com\/semmexico\/wp-json\/wp\/v2\/tags?post=101219"}],"curies":[{"name":"wp","href":"https:\/\/api.w.org\/{rel}","templated":true}]}}