{"id":101210,"date":"2025-12-08T20:30:28","date_gmt":"2025-12-09T02:30:28","guid":{"rendered":"https:\/\/redsemlac.com\/semmexico\/?p=101210"},"modified":"2025-12-08T20:31:38","modified_gmt":"2025-12-09T02:31:38","slug":"disco-duro-doxing-desde-el-poder-linea-que-no-se-debe-cruzar","status":"publish","type":"post","link":"https:\/\/redsemlac.com\/semmexico\/disco-duro-doxing-desde-el-poder-linea-que-no-se-debe-cruzar\/","title":{"rendered":"Disco duro| Doxing desde el poder: l\u00ednea que no se debe cruzar"},"content":{"rendered":"\n<p class=\"wp-block-paragraph\">Alejandro Jim\u00e9nez<\/p>\n\n\n\n<p class=\"wp-block-paragraph\">SemM\u00e9xico, Ciudad de M\u00e9xico, 8 de diciembre, 2025.- Andr\u00e9s Manuel L\u00f3pez Obrador exhibi\u00f3 datos financieros de Carlos Loret de mola durante una de sus conferencias desde Palacio Nacional&nbsp;\/&nbsp;Foto: Roberto Hern\u00e1ndez\/El Sol de M\u00e9xico<\/p>\n\n\n\n<p class=\"wp-block-paragraph\">Todos fuimos testigos del d\u00eda en que el presidente&nbsp;Andr\u00e9s Manuel L\u00f3pez Obrador cometi\u00f3 un delito federal, en vivo y a todo color, en cadena nacional: present\u00f3 datos financieros personales del periodista&nbsp;Carlos Loret de Mola, uno de los m\u00e1s cr\u00edticos de su gobierno, con la finalidad de \u201cprobar\u201d que es una persona rica, que habr\u00eda hecho su fortuna a base de mentiras.<\/p>\n\n\n\n<p class=\"wp-block-paragraph\">Exhibi\u00f3 datos personales, puso en riesgo al periodista y a su familia, pero eso no import\u00f3 al mandatario, furioso por trabajos editoriales que implicaron a sus familiares en actos de&nbsp;corrupci\u00f3n.<\/p>\n\n\n\n<p class=\"wp-block-paragraph\">Posteriormente hizo p\u00fablica la n\u00f3mina de Latinus, el servicio de informaci\u00f3n donde trabaja&nbsp;Loret, donde \u201cconstaba\u201d, que 23 opositores del gobierno cobraban ah\u00ed; como si solo ese hecho fuera un delito.<\/p>\n\n\n\n<p class=\"wp-block-paragraph\">En plena campa\u00f1a electoral, y a manera de guerra sucia, en la misma palestra presidencial se exhibieron los datos personales de la empresa de&nbsp;X\u00f3chitl G\u00e1lvez, para \u201cprobar\u201d que hab\u00eda conflicto de inter\u00e9s entre \u00e9sta y su cargo como delegada en Miguel Hidalgo.<\/p>\n\n\n\n<p class=\"wp-block-paragraph\">Todo esto, en un pa\u00eds democr\u00e1tico hubiera sido un esc\u00e1ndalo, pero ac\u00e1 fue un d\u00eda m\u00e1s en la oficina para el&nbsp;Presidente&nbsp;que revivi\u00f3 el presidencialismo unitario. En contra s\u00f3lo hubo algunos periodicazos de indignaci\u00f3n repudiando el hecho.<\/p>\n\n\n\n<p class=\"wp-block-paragraph\">Esa exhibici\u00f3n de datos personales con fines pol\u00edticos&nbsp;se llama&nbsp;<em>doxing<\/em>, que es la pr\u00e1ctica de investigar, recopilar y difundir p\u00fablicamente informaci\u00f3n personal o sensible de una persona sin su consentimiento.&nbsp;<\/p>\n\n\n\n<p class=\"wp-block-paragraph\">Por lo general, quienes lo realizan buscan intimidar, acosar o causar alg\u00fan tipo de da\u00f1o. Los datos expuestos pueden incluir el nombre completo, la&nbsp;direcci\u00f3n, n\u00fameros telef\u00f3nicos, datos laborales, informaci\u00f3n financiera, fotograf\u00edas&nbsp;o incluso datos de familiares.&nbsp;<\/p>\n\n\n\n<p class=\"wp-block-paragraph\">Esta pr\u00e1ctica representa riesgos significativos porque puede desencadenar acoso, amenazas, suplantaci\u00f3n de identidad o extorsi\u00f3n. Tambi\u00e9n puede derivar en afectaciones&nbsp;laborales, sociales y reputacionales,&nbsp;adem\u00e1s de poner en riesgo la integridad f\u00edsica de la v\u00edctima.&nbsp;<\/p>\n\n\n\n<p class=\"wp-block-paragraph\">En muchos pa\u00edses,&nbsp;el&nbsp;<em>doxing&nbsp;<\/em>est\u00e1 tipificado como delito&nbsp;o puede vincularse con conductas ilegales como la violaci\u00f3n de datos personales, el acoso o la extorsi\u00f3n, dependiendo de las circunstancias y el marco normativo aplicable.<\/p>\n\n\n\n<p class=\"wp-block-paragraph\">Lo anterior viene a cuento porque esta semana, en el Congreso de la Ciudad de M\u00e9xico,&nbsp;la diputada local Olivia Garza, del PAN, present\u00f3 una iniciativa para tipificar el&nbsp;<em>doxing<\/em>&nbsp;como delito en la Ciudad de M\u00e9xico.<\/p>\n\n\n\n<p class=\"wp-block-paragraph\">El&nbsp;<em>doxing<\/em>&nbsp;no es un juego ni una travesura:&nbsp;es un mecanismo de intimidaci\u00f3n que convierte informaci\u00f3n personal en una herramienta pol\u00edtica.&nbsp;Y cuando quien la usa es el propio gobierno, ya no hablamos de debate democr\u00e1tico, sino de abuso.<\/p>\n\n\n\n<p class=\"wp-block-paragraph\">Garza plantea algo sencillo pero indispensable: que exponer datos sensibles, alimentar campa\u00f1as de hostigamiento o detonar linchamientos medi\u00e1ticos tenga consecuencias. Hasta dos a\u00f1os de prisi\u00f3n para cualquier persona que incurra en ello, y el doble si se trata de servidores p\u00fablicos. Porque&nbsp;nadie \u2014absolutamente nadie\u2014 deber\u00eda ampararse en un cargo para lastimar, intimidar o silenciar.<\/p>\n\n\n\n<p class=\"wp-block-paragraph\">La iniciativa va m\u00e1s all\u00e1 de las sanciones penales. Incluye protocolos de actuaci\u00f3n, medidas de protecci\u00f3n y criterios claros para responsabilizar a quienes participen en estas pr\u00e1cticas desde el aparato gubernamental. Ese es el punto fino: no se trata solo de castigar, sino de&nbsp;establecer c\u00f3mo debe comportarse un Estado que dice defender derechos.<\/p>\n\n\n\n<p class=\"wp-block-paragraph\">En tiempos en que la libertad de expresi\u00f3n enfrenta presiones desde todos los frentes \u2014econ\u00f3micos, digitales y, s\u00ed, tambi\u00e9n pol\u00edticos\u2014 la propuesta de Olivia Garza es un contrapeso necesario. No importa de qu\u00e9 lado del espectro ideol\u00f3gico se est\u00e9: nadie quiere un pa\u00eds donde criticar implique exponerse a que el gobierno habilite a la turba.<\/p>\n\n\n\n<p class=\"wp-block-paragraph\">Detener el&nbsp;<em>doxing<\/em>&nbsp;desde el poder no es un asunto partidista. Es un m\u00ednimo democr\u00e1tico. Una raya que no se debe volver a cruzar.<\/p>\n\n\n\n<p class=\"wp-block-paragraph\">Periodista con m\u00e1s de tres d\u00e9cadas de experiencia, ocupando siempre puestos editoriales desde columnista de negocios tur\u00edsticos, redactor de temas de seguridad nacional, Subdirector de Opini\u00f3n. Cotitular de programas informativos en Radio ABC y Radio Ibero. Coautor del libro \u00abM\u00e9xico Armado, Cr\u00f3nica de la Guerrilla en M\u00e9xico 1943-1981\u00bb. Analista de temas de seguridad de la cadena NTN24. Tengo maestr\u00eda en Administraci\u00f3n por la Universidad Iberoamericana. Actualmente soy el Coordinador nacional de Opini\u00f3n de la Organizaci\u00f3n Editorial Mexicana. Voy Pumas y disfruto el tenis.<\/p>\n","protected":false},"excerpt":{"rendered":"<p>Alejandro Jim\u00e9nez SemM\u00e9xico, Ciudad de M\u00e9xico, 8 de diciembre, 2025.- Andr\u00e9s Manuel L\u00f3pez Obrador exhibi\u00f3 datos financieros de Carlos Loret de mola durante una de sus conferencias desde Palacio Nacional&nbsp;\/&nbsp;Foto: Roberto Hern\u00e1ndez\/El Sol de M\u00e9xico Todos fuimos testigos del d\u00eda en que el presidente&nbsp;Andr\u00e9s Manuel L\u00f3pez Obrador cometi\u00f3 un delito federal, en vivo y a [&hellip;]<\/p>\n","protected":false},"author":3,"featured_media":67719,"comment_status":"open","ping_status":"open","sticky":false,"template":"","format":"standard","meta":{"_monsterinsights_skip_tracking":false,"footnotes":""},"categories":[82,110,35],"tags":[],"class_list":["post-101210","post","type-post","status-publish","format-standard","has-post-thumbnail","category-la-opinion","category-la-opinion-columnas","category-opinion"],"_links":{"self":[{"href":"https:\/\/redsemlac.com\/semmexico\/wp-json\/wp\/v2\/posts\/101210","targetHints":{"allow":["GET"]}}],"collection":[{"href":"https:\/\/redsemlac.com\/semmexico\/wp-json\/wp\/v2\/posts"}],"about":[{"href":"https:\/\/redsemlac.com\/semmexico\/wp-json\/wp\/v2\/types\/post"}],"author":[{"embeddable":true,"href":"https:\/\/redsemlac.com\/semmexico\/wp-json\/wp\/v2\/users\/3"}],"replies":[{"embeddable":true,"href":"https:\/\/redsemlac.com\/semmexico\/wp-json\/wp\/v2\/comments?post=101210"}],"version-history":[{"count":0,"href":"https:\/\/redsemlac.com\/semmexico\/wp-json\/wp\/v2\/posts\/101210\/revisions"}],"wp:featuredmedia":[{"embeddable":true,"href":"https:\/\/redsemlac.com\/semmexico\/wp-json\/wp\/v2\/media\/67719"}],"wp:attachment":[{"href":"https:\/\/redsemlac.com\/semmexico\/wp-json\/wp\/v2\/media?parent=101210"}],"wp:term":[{"taxonomy":"category","embeddable":true,"href":"https:\/\/redsemlac.com\/semmexico\/wp-json\/wp\/v2\/categories?post=101210"},{"taxonomy":"post_tag","embeddable":true,"href":"https:\/\/redsemlac.com\/semmexico\/wp-json\/wp\/v2\/tags?post=101210"}],"curies":[{"name":"wp","href":"https:\/\/api.w.org\/{rel}","templated":true}]}}