{"id":101159,"date":"2025-12-08T19:17:19","date_gmt":"2025-12-09T01:17:19","guid":{"rendered":"https:\/\/redsemlac.com\/semmexico\/?p=101159"},"modified":"2025-12-08T19:17:20","modified_gmt":"2025-12-09T01:17:20","slug":"necesario-personal-de-psicologia-para-atender-a-infancias-frente-a-divorcios-en-guerrero","status":"publish","type":"post","link":"https:\/\/redsemlac.com\/semmexico\/necesario-personal-de-psicologia-para-atender-a-infancias-frente-a-divorcios-en-guerrero\/","title":{"rendered":"Necesario personal de psicolog\u00eda para atender a infancias frente a divorcios en Guerrero"},"content":{"rendered":"\n<ul class=\"wp-block-list\">\n<li>Diputada local propone atender a las infancias para evitar deserci\u00f3n escolar y otras afectaciones<\/li>\n\n\n\n<li>Propone tambi\u00e9n activar programas enfocados a fortalecer los lazos familiares<\/li>\n<\/ul>\n\n\n\n<p class=\"wp-block-paragraph\">Baltazar Jim\u00e9nez Rosales<\/p>\n\n\n\n<p class=\"wp-block-paragraph\">SemM\u00e9xico\/Ceprovysa, Chilpancingo, 8 de diciembre 2025.- Para la diputada local de Acci\u00f3n Nacional, Mar\u00eda Irene Montiel Serv\u00edn, son preocupantes los aumentos de juicios de divorcios y de pensi\u00f3n alimenticia, originado por la \u201cdesintegraci\u00f3n familiar\u201d, causa de la deserci\u00f3n y el rendimiento de la ni\u00f1ez en las escuelas del nivel b\u00e1sico, de ah\u00ed que deben contar con personal de psicolog\u00eda para atender a las infancias.<\/p>\n\n\n\n<p class=\"wp-block-paragraph\">De esta manera, la legisladora local panista se refiri\u00f3 a las cifras que dio a conocer el presidente del Tribunal Superior de Justicia de Guerrero (TSJ), Ricardo Salinas Sandoval, en el informe que rindi\u00f3 hace unos d\u00edas, se\u00f1al\u00f3 que durante este 2025, al representar 37.6 y 17.3 por ciento respectivamente de los 29 mil 998 expedientes en materia familiar radicados.<\/p>\n\n\n\n<p class=\"wp-block-paragraph\"><br>Tras lamentar esta situaci\u00f3n, Montiel Serv\u00edn se\u00f1al\u00f3 la necesidad de que las escuelas de nivel b\u00e1sico, principalmente, \u2014primarias y secundarias\u2014 cuenten con psic\u00f3logos que le den seguimiento a esta problem\u00e1tica.<\/p>\n\n\n\n<p class=\"wp-block-paragraph\"><br>Adem\u00e1s, se pronunci\u00f3 tambi\u00e9n porque las instancias encargadas de velar por la integraci\u00f3n de las familias activen programas enfocados a fortalecer los lazos familiares para que las desuniones no afecten el desarrollo f\u00edsico e intelectual de los ni\u00f1os.<\/p>\n\n\n\n<p class=\"wp-block-paragraph\"><br>La diputada local del PAN refiri\u00f3 que una de las causas principales de divorcio, es que las nuevas generaciones de guerrerenses contraen nupcias a edad temprana principalmente por embarazos no deseados, es decir, \u201centre m\u00e1s j\u00f3venes se casan las parejas es m\u00e1s f\u00e1cil que se den rompimientos, al grado que en ocasiones los ni\u00f1as y ni\u00f1os procreados quedan bajo el cuidado de los abuelos maternos o paternos\u201d.<\/p>\n\n\n\n<p class=\"wp-block-paragraph\"><br>Dijo que es por esta raz\u00f3n que al no tener de manera permanente una figura materna o paterna, los ni\u00f1os entran en una etapa de desinter\u00e9s en la que necesariamente requiere de apoyos psicol\u00f3gicos.<\/p>\n\n\n\n<p class=\"wp-block-paragraph\"><br>Y es que los divorcios traen como consecuencia la deserci\u00f3n en las escuelas y en muchos casos bajo rendimiento acad\u00e9mico, afirm\u00f3 la diputada panista.<\/p>\n\n\n\n<p class=\"wp-block-paragraph\"><br>Remarc\u00f3 que es por esta raz\u00f3n que es necesario que las escuelas, principalmente del nivel b\u00e1sico, cuenten con psic\u00f3logos para que orienten a los estudiantes que lamentablemente sufren la separaci\u00f3n de sus padres, indic\u00f3.<\/p>\n\n\n\n<p class=\"wp-block-paragraph\"><br>Montiel Serv\u00edn se\u00f1al\u00f3 que como maestra de profesi\u00f3n \u2014ahora con licencia para poder atender su tarea legislativa, se ha dado cuenta que hay alumnos que viven con sus abuelas porque la madre sali\u00f3 de la comunidad en busca de trabajo, o porque el pap\u00e1 se fue en busca del sue\u00f1o americano, pero en muchos casos ya no regresan, lo que deriva en una desintegraci\u00f3n familiar.<\/p>\n\n\n\n<p class=\"wp-block-paragraph\"><br>Por lo anterior, insisti\u00f3 en la necesidad de que se impulsen programas para evitar la desintegraci\u00f3n familiar en los que la Secretar\u00eda de Salud apoye con servicios psicol\u00f3gicos y la Secretar\u00eda de Educaci\u00f3n Guerrero (SEG) contrate los servicios de psic\u00f3logos que atiendan en las escuelas.<\/p>\n\n\n\n<p class=\"wp-block-paragraph\">SEM-Ceprovysa\/bjr<\/p>\n","protected":false},"excerpt":{"rendered":"<p>Baltazar Jim\u00e9nez Rosales SemM\u00e9xico\/Ceprovysa, Chilpancingo, 8 de diciembre 2025.- Para la diputada local de Acci\u00f3n Nacional, Mar\u00eda Irene Montiel Serv\u00edn, son preocupantes los aumentos de juicios de divorcios y de pensi\u00f3n alimenticia, originado por la \u201cdesintegraci\u00f3n familiar\u201d, causa de la deserci\u00f3n y el rendimiento de la ni\u00f1ez en las escuelas del nivel b\u00e1sico, de ah\u00ed [&hellip;]<\/p>\n","protected":false},"author":3,"featured_media":101160,"comment_status":"open","ping_status":"open","sticky":false,"template":"","format":"standard","meta":{"_monsterinsights_skip_tracking":false,"footnotes":""},"categories":[700],"tags":[],"class_list":["post-101159","post","type-post","status-publish","format-standard","has-post-thumbnail","category-estados"],"_links":{"self":[{"href":"https:\/\/redsemlac.com\/semmexico\/wp-json\/wp\/v2\/posts\/101159","targetHints":{"allow":["GET"]}}],"collection":[{"href":"https:\/\/redsemlac.com\/semmexico\/wp-json\/wp\/v2\/posts"}],"about":[{"href":"https:\/\/redsemlac.com\/semmexico\/wp-json\/wp\/v2\/types\/post"}],"author":[{"embeddable":true,"href":"https:\/\/redsemlac.com\/semmexico\/wp-json\/wp\/v2\/users\/3"}],"replies":[{"embeddable":true,"href":"https:\/\/redsemlac.com\/semmexico\/wp-json\/wp\/v2\/comments?post=101159"}],"version-history":[{"count":0,"href":"https:\/\/redsemlac.com\/semmexico\/wp-json\/wp\/v2\/posts\/101159\/revisions"}],"wp:featuredmedia":[{"embeddable":true,"href":"https:\/\/redsemlac.com\/semmexico\/wp-json\/wp\/v2\/media\/101160"}],"wp:attachment":[{"href":"https:\/\/redsemlac.com\/semmexico\/wp-json\/wp\/v2\/media?parent=101159"}],"wp:term":[{"taxonomy":"category","embeddable":true,"href":"https:\/\/redsemlac.com\/semmexico\/wp-json\/wp\/v2\/categories?post=101159"},{"taxonomy":"post_tag","embeddable":true,"href":"https:\/\/redsemlac.com\/semmexico\/wp-json\/wp\/v2\/tags?post=101159"}],"curies":[{"name":"wp","href":"https:\/\/api.w.org\/{rel}","templated":true}]}}