{"id":101155,"date":"2025-12-08T19:16:28","date_gmt":"2025-12-09T01:16:28","guid":{"rendered":"https:\/\/redsemlac.com\/semmexico\/?p=101155"},"modified":"2025-12-08T19:16:28","modified_gmt":"2025-12-09T01:16:28","slug":"rendiran-homenaje-a-margarita-maza-parada-en-el-senado","status":"publish","type":"post","link":"https:\/\/redsemlac.com\/semmexico\/rendiran-homenaje-a-margarita-maza-parada-en-el-senado\/","title":{"rendered":"Rendir\u00e1n homenaje a Margarita Maza Parada en el Senado"},"content":{"rendered":"\n<p class=\"wp-block-paragraph\">\u2022 Presidenta de la Mesa Directiva, Laura Itzel Castillo 2026, ser\u00e1 el a\u00f1o de Maza Parada, anuncia<br>\u2022 Tambi\u00e9n van a aprobar dos dict\u00e1menes para avanzar en la pol\u00edtica nacional de igualdad<\/p>\n\n\n\n<p class=\"wp-block-paragraph\">Redacci\u00f3n<br>SemM\u00e9xico, Ciudad de M\u00e9xico, 8 de diciembre 2025.- El Senado de la Rep\u00fablica se prepara para rendir un homenaje a Margarita Maza Parada, quien acompa\u00f1\u00f3 al presidente Benito Ju\u00e1rez Garc\u00eda en su lucha por el Estado Laico y la soberan\u00eda de nuestro pa\u00eds, adelant\u00f3 la presidenta de la Mesa Directiva, Laura Itzel Castillo Ju\u00e1rez.<\/p>\n\n\n<div class=\"wp-block-image\">\n<figure class=\"aligncenter size-full is-resized\"><a href=\"https:\/\/redsemlac.com\/semmexico\/wp-content\/uploads\/2025\/12\/margarita-maza.jpg\"><img loading=\"lazy\" decoding=\"async\" width=\"526\" height=\"679\" src=\"https:\/\/redsemlac.com\/semmexico\/wp-content\/uploads\/2025\/12\/margarita-maza.jpg\" alt=\"\" class=\"wp-image-101157\" style=\"width:346px;height:auto\" srcset=\"https:\/\/redsemlac.com\/semmexico\/wp-content\/uploads\/2025\/12\/margarita-maza.jpg 526w, https:\/\/redsemlac.com\/semmexico\/wp-content\/uploads\/2025\/12\/margarita-maza-232x300.jpg 232w, https:\/\/redsemlac.com\/semmexico\/wp-content\/uploads\/2025\/12\/margarita-maza-150x194.jpg 150w, https:\/\/redsemlac.com\/semmexico\/wp-content\/uploads\/2025\/12\/margarita-maza-300x387.jpg 300w\" sizes=\"auto, (max-width: 526px) 100vw, 526px\" \/><\/a><\/figure>\n<\/div>\n\n\n<p class=\"wp-block-paragraph\">Como cada domingo, la senadora comparti\u00f3 en redes sociales la agenda legislativa para esta semana, en la que destacan dict\u00e1menes para avanzar en la pol\u00edtica nacional de igualdad.<\/p>\n\n\n\n<p class=\"wp-block-paragraph\">Inform\u00f3 que el Pleno abordar\u00e1 una iniciativa de la presidenta Claudia Sheinbaum Pardo para reformar 17 leyes secundarias y armonizar la Constituci\u00f3n Pol\u00edtica de los Estados Unidos Mexicanos en materia de igualdad sustantiva y derecho a una vida libre de violencias.<\/p>\n\n\n\n<p class=\"wp-block-paragraph\">\u201cEn primer lugar, vamos a aprobar que el pr\u00f3ximo a\u00f1o 2026 sea el a\u00f1o de Margarita Maza Parada, esto en homenaje a quien luch\u00f3 en este pa\u00eds al lado de Benito Ju\u00e1rez, por el Estado Laico y por la soberan\u00eda de nuestra patria.<\/p>\n\n\n\n<p class=\"wp-block-paragraph\">\u201cAprobaremos dos dict\u00e1menes para avanzar en la pol\u00edtica nacional de igualdad: una iniciativa de la presidenta Claudia Sheinbaum para reformar 17 leyes secundarias y armonizar nuestra Constituci\u00f3n en materia de igualdad sustantiva y derecho a una vida libre de violencias\u201d, subray\u00f3.<\/p>\n\n\n\n<p class=\"wp-block-paragraph\">Castillo Ju\u00e1rez dijo que tambi\u00e9n se abordar\u00e1n reformas a la Ley Federal de Procedimiento Contencioso Administrativo, el C\u00f3digo Nacional de Procedimientos Penales y a la Ley Federal contra la Delincuencia Organizada.<\/p>\n\n\n\n<p class=\"wp-block-paragraph\">Adem\u00e1s, del dictamen de Morena, PT y PVEM que est\u00e1 por discutirse en la Comisi\u00f3n de Justicia y que reforma los art\u00edculos 260 y 266 del C\u00f3digo Penal en materia de abuso sexual.<\/p>\n\n\n\n<p class=\"wp-block-paragraph\">Por \u00faltimo, agreg\u00f3, se elegir\u00e1n a las y los senadores que integrar\u00e1n la Comisi\u00f3n Permanente, durante el Primer Receso del Segundo A\u00f1o de Ejercicio de la LXVI Legislatura.<\/p>\n\n\n\n<p class=\"wp-block-paragraph\">SEM\/sj<\/p>\n","protected":false},"excerpt":{"rendered":"<p>\u2022 Presidenta de la Mesa Directiva, Laura Itzel Castillo 2026, ser\u00e1 el a\u00f1o de Maza Parada, anuncia\u2022 Tambi\u00e9n van a aprobar dos dict\u00e1menes para avanzar en la pol\u00edtica nacional de igualdad Redacci\u00f3nSemM\u00e9xico, Ciudad de M\u00e9xico, 8 de diciembre 2025.- El Senado de la Rep\u00fablica se prepara para rendir un homenaje a Margarita Maza Parada, quien [&hellip;]<\/p>\n","protected":false},"author":3,"featured_media":101156,"comment_status":"open","ping_status":"open","sticky":false,"template":"","format":"standard","meta":{"_monsterinsights_skip_tracking":false,"footnotes":""},"categories":[50],"tags":[],"class_list":["post-101155","post","type-post","status-publish","format-standard","has-post-thumbnail","category-congreso"],"_links":{"self":[{"href":"https:\/\/redsemlac.com\/semmexico\/wp-json\/wp\/v2\/posts\/101155","targetHints":{"allow":["GET"]}}],"collection":[{"href":"https:\/\/redsemlac.com\/semmexico\/wp-json\/wp\/v2\/posts"}],"about":[{"href":"https:\/\/redsemlac.com\/semmexico\/wp-json\/wp\/v2\/types\/post"}],"author":[{"embeddable":true,"href":"https:\/\/redsemlac.com\/semmexico\/wp-json\/wp\/v2\/users\/3"}],"replies":[{"embeddable":true,"href":"https:\/\/redsemlac.com\/semmexico\/wp-json\/wp\/v2\/comments?post=101155"}],"version-history":[{"count":0,"href":"https:\/\/redsemlac.com\/semmexico\/wp-json\/wp\/v2\/posts\/101155\/revisions"}],"wp:featuredmedia":[{"embeddable":true,"href":"https:\/\/redsemlac.com\/semmexico\/wp-json\/wp\/v2\/media\/101156"}],"wp:attachment":[{"href":"https:\/\/redsemlac.com\/semmexico\/wp-json\/wp\/v2\/media?parent=101155"}],"wp:term":[{"taxonomy":"category","embeddable":true,"href":"https:\/\/redsemlac.com\/semmexico\/wp-json\/wp\/v2\/categories?post=101155"},{"taxonomy":"post_tag","embeddable":true,"href":"https:\/\/redsemlac.com\/semmexico\/wp-json\/wp\/v2\/tags?post=101155"}],"curies":[{"name":"wp","href":"https:\/\/api.w.org\/{rel}","templated":true}]}}