{"id":101124,"date":"2025-12-05T21:16:59","date_gmt":"2025-12-06T03:16:59","guid":{"rendered":"https:\/\/redsemlac.com\/semmexico\/?p=101124"},"modified":"2025-12-05T21:16:59","modified_gmt":"2025-12-06T03:16:59","slug":"buscar-por-su-cuenta-no-exime-al-estado-a-cumplir-su-obligacion-amnistia-internacional","status":"publish","type":"post","link":"https:\/\/redsemlac.com\/semmexico\/buscar-por-su-cuenta-no-exime-al-estado-a-cumplir-su-obligacion-amnistia-internacional\/","title":{"rendered":"Buscar por su cuenta no exime al Estado a cumplir su obligaci\u00f3n: Amnist\u00eda Internacional"},"content":{"rendered":"\n<ul class=\"wp-block-list\">\n<li>La crisis de personas desaparecidas en M\u00e9xico alcanza la cifra de 133 mil 552<\/li>\n\n\n\n<li>Ante las omisiones las familias realizan la b\u00fasqueda, sin el acompa\u00f1amiento de las instituciones<\/li>\n<\/ul>\n\n\n\n<p class=\"wp-block-paragraph\">Micaela M\u00e1rquez<\/p>\n\n\n\n<p class=\"wp-block-paragraph\">SemM\u00e9xico, Ciudad de M\u00e9xico, 5 de diciembre 2025.- El respeto al derecho de b\u00fasqueda por cuenta propia no exime al Estado de cumplir con su obligaci\u00f3n a buscar a las personas desaparecidas, demand\u00f3 Amnist\u00eda Internacional M\u00e9xico (AI) al participar en las mesas de negociaci\u00f3n con el gobierno federal para la modificaci\u00f3n de los protocolos de desaparici\u00f3n y b\u00fasqueda.<\/p>\n\n\n\n<p class=\"wp-block-paragraph\">La crisis de personas desaparecidas en M\u00e9xico alcanza la cifra de 133 mil 552, miles siguen sin ser buscadas por las autoridades. Las familias que buscan deben estar protegidas y deben ser acompa\u00f1adas y escuchadas.<\/p>\n\n\n\n<p class=\"wp-block-paragraph\">El organismo humanitario se\u00f1al\u00f3 que el Estado debe brindar protecci\u00f3n a las personas buscadoras frente a los riesgos, amenazas y ataques que sufren al realizar esa labor.<\/p>\n\n\n\n<p class=\"wp-block-paragraph\">En las mesas de trabajo realizadas esta semana, fueron convocadas por el gobierno federal con la participaci\u00f3n de familias de personas desaparecidas, colectivas, acad\u00e9micas y organizaciones de la sociedad civil para discutir el&nbsp;Protocolo de actuaci\u00f3n homologado de investigaci\u00f3n para los delitos de desaparici\u00f3n forzada y desaparici\u00f3n cometida por particulares&nbsp;y el&nbsp;Protocolo Homologado para la B\u00fasqueda de Personas Desaparecidas y No Localizadas.&nbsp;<\/p>\n\n\n\n<p class=\"wp-block-paragraph\">Amnist\u00eda Internacional reconoci\u00f3 la convocatoria gubernamental para analizar los referidos protocolos, lo considera un proceso necesario ante la crisis de desapariciones que vive el pa\u00eds y pidi\u00f3 que el Protocolo Homologado incluya formalmente las b\u00fasquedas por cuenta propia y que el Estado garantice: No obstaculizar la b\u00fasqueda; protecci\u00f3n a personas buscadoras; acceso a informaci\u00f3n, y mecanismo de atenci\u00f3n urgente.<\/p>\n\n\n\n<p class=\"wp-block-paragraph\">En el encuentro, la&nbsp;jefa&nbsp;de Investigaci\u00f3n de Amnist\u00eda Internacional M\u00e9xico, Norma Gonz\u00e1lez Ben\u00edtez, advirti\u00f3 que ante las omisiones en que incurre el Estado en la b\u00fasqueda de personas desaparecidas, son las familias quienes, desesperadas por la inacci\u00f3n de las autoridades, realizan dicha labor sin el acompa\u00f1amiento o involucramiento de \u00e9stas.&nbsp;<\/p>\n\n\n\n<p class=\"wp-block-paragraph\">A las familias les implica utilizar sus propios recursos&nbsp;para transportarse; para comprar herramientas, como palas o picos, entre otros materiales. Adem\u00e1s de que realizan las b\u00fasquedas en condiciones&nbsp;inseguras al adentrarse a zonas controladas por grupos delincuenciales o por ingresar a propiedad privada, lo que compromete su vida e integridad.&nbsp;<\/p>\n\n\n\n<p class=\"wp-block-paragraph\">Se\u00f1al\u00f3 que Amnist\u00eda Internacional M\u00e9xico ha documentado esta realidad en el Informe <a href=\"https:\/\/www.amnesty.org\/es\/documents\/amr01\/8458\/2024\/es\/\" target=\"_blank\" rel=\"noreferrer noopener\">Buscar sin Miedo. Est\u00e1ndares internacionales aplicables a la protecci\u00f3n de mujeres buscadoras en las Am\u00e9ricas.<\/a><\/p>\n\n\n\n<p class=\"wp-block-paragraph\">En ese documento, Amnist\u00eda Internacional da cuenta de c\u00f3mo el&nbsp;nivel de involucramiento en las b\u00fasquedas tanto de las familias, los seres queridos y comunidades a las que pertenece una persona desaparecida depende&nbsp;de diversos factores, en los cuales tambi\u00e9n es necesario contar con una&nbsp;respuesta estatal.<\/p>\n\n\n\n<p class=\"wp-block-paragraph\">La falta de reconocimiento de las b\u00fasquedas por cuenta propia, como una forma de participaci\u00f3n de las familias&nbsp;y comunidades, agrava la situaci\u00f3n de \u00e9stas porque en muchas ocasiones las autoridades no les brindan protecci\u00f3n y las responsabilizan de los riesgos que enfrentan por no alinearse a lo establecido en el protocolo.&nbsp;<\/p>\n\n\n\n<p class=\"wp-block-paragraph\">AI M\u00e9xico detall\u00f3 que existen dos escenarios, uno cuando las personas participan en las b\u00fasquedas desarrolladas por autoridades, y otro cuando las personas realizan las b\u00fasquedas por cuenta propia. Este \u00faltimo escenario no exime al Estado de brindarles protecci\u00f3n frente a los riesgos, amenazas y ataques que sufren en el camino.&nbsp;<\/p>\n\n\n\n<p class=\"wp-block-paragraph\"><strong>Derechos a la verdad<\/strong><\/p>\n\n\n\n<p class=\"wp-block-paragraph\">La combinaci\u00f3n del ejercicio de los&nbsp;derechos a la verdad, a buscar y recibir informaci\u00f3n y a la protecci\u00f3n judicial&nbsp;se manifiesta de manera \u00fanica en los casos de b\u00fasqueda de personas desaparecidas.&nbsp;Los Estados est\u00e1n obligados a respetar, garantizar y proteger estos derechos.&nbsp;<\/p>\n\n\n\n<p class=\"wp-block-paragraph\">Entre esas condiciones destacan abstenerse de impedir el ejercicio del derecho u obstaculizarlo; poner a disposici\u00f3n de las personas la institucionalidad para que puedan ejercer el derecho; activar los mecanismos existentes para salvaguardar su integridad cuando est\u00e1 en riesgo; hacer un diagn\u00f3stico de las necesidades de las personas y colectivas cuando realizan b\u00fasquedas por cuenta propia y crear los mecanismos para su pronta atenci\u00f3n.<\/p>\n\n\n\n<p class=\"wp-block-paragraph\">SEM\/mm\/sj<\/p>\n","protected":false},"excerpt":{"rendered":"<p>Micaela M\u00e1rquez SemM\u00e9xico, Ciudad de M\u00e9xico, 5 de diciembre 2025.- El respeto al derecho de b\u00fasqueda por cuenta propia no exime al Estado de cumplir con su obligaci\u00f3n a buscar a las personas desaparecidas, demand\u00f3 Amnist\u00eda Internacional M\u00e9xico (AI) al participar en las mesas de negociaci\u00f3n con el gobierno federal para la modificaci\u00f3n de los [&hellip;]<\/p>\n","protected":false},"author":3,"featured_media":101126,"comment_status":"open","ping_status":"open","sticky":false,"template":"","format":"standard","meta":{"_monsterinsights_skip_tracking":false,"footnotes":""},"categories":[694],"tags":[],"class_list":["post-101124","post","type-post","status-publish","format-standard","has-post-thumbnail","category-destacadas"],"_links":{"self":[{"href":"https:\/\/redsemlac.com\/semmexico\/wp-json\/wp\/v2\/posts\/101124","targetHints":{"allow":["GET"]}}],"collection":[{"href":"https:\/\/redsemlac.com\/semmexico\/wp-json\/wp\/v2\/posts"}],"about":[{"href":"https:\/\/redsemlac.com\/semmexico\/wp-json\/wp\/v2\/types\/post"}],"author":[{"embeddable":true,"href":"https:\/\/redsemlac.com\/semmexico\/wp-json\/wp\/v2\/users\/3"}],"replies":[{"embeddable":true,"href":"https:\/\/redsemlac.com\/semmexico\/wp-json\/wp\/v2\/comments?post=101124"}],"version-history":[{"count":0,"href":"https:\/\/redsemlac.com\/semmexico\/wp-json\/wp\/v2\/posts\/101124\/revisions"}],"wp:featuredmedia":[{"embeddable":true,"href":"https:\/\/redsemlac.com\/semmexico\/wp-json\/wp\/v2\/media\/101126"}],"wp:attachment":[{"href":"https:\/\/redsemlac.com\/semmexico\/wp-json\/wp\/v2\/media?parent=101124"}],"wp:term":[{"taxonomy":"category","embeddable":true,"href":"https:\/\/redsemlac.com\/semmexico\/wp-json\/wp\/v2\/categories?post=101124"},{"taxonomy":"post_tag","embeddable":true,"href":"https:\/\/redsemlac.com\/semmexico\/wp-json\/wp\/v2\/tags?post=101124"}],"curies":[{"name":"wp","href":"https:\/\/api.w.org\/{rel}","templated":true}]}}