{"id":101093,"date":"2025-12-05T18:05:15","date_gmt":"2025-12-06T00:05:15","guid":{"rendered":"https:\/\/redsemlac.com\/semmexico\/?p=101093"},"modified":"2025-12-05T18:05:16","modified_gmt":"2025-12-06T00:05:16","slug":"los-capitales-el-mundo-pierde-impulso-cae-el-consumo-en-eu-europa-se-frena-y-asia-muestra-debilidad","status":"publish","type":"post","link":"https:\/\/redsemlac.com\/semmexico\/los-capitales-el-mundo-pierde-impulso-cae-el-consumo-en-eu-europa-se-frena-y-asia-muestra-debilidad\/","title":{"rendered":"Los Capitales| El mundo pierde impulso: cae el consumo en EU, Europa se frena y Asia muestra debilidad"},"content":{"rendered":"\n<p class=\"wp-block-paragraph\">Edgar Gonz\u00e1lez Mart\u00ednez<\/p>\n\n\n\n<p class=\"wp-block-paragraph\">SemM\u00e9xico, Ciudad de M\u00e9xico, 5 de diciembre, 2025.- Mientras, el peso mexicano se fortalece ante un d\u00f3lar presionado por la Fed, con una mayor demanda por monedas emergentes en medio de se\u00f1ales mixtas desde Estados Unidos y nuevas dudas sobre la estabilidad institucional de la Reserva Federal. El d\u00f3lar en M\u00e9xico inici\u00f3 la jornada del 4 de diciembre con un sesgo claramente bajista. Tras abrir en 18.28 pesos por d\u00f3lar, el tipo de cambio se ubica actualmente alrededor de 18.22 pesos.<\/p>\n\n\n\n<p class=\"wp-block-paragraph\">Desde principios de mes, la creaci\u00f3n de empleo en EU est\u00e1 muy por debajo de lo esperado, reforzando la idea de un mercado laboral debilit\u00e1ndose con mayor rapidez. Sin embargo, los datos semanales de solicitudes iniciales de desempleo aportaron un matiz distinto: los <em>jobless claims<\/em> cayeron a 191 mil, su nivel m\u00e1s bajo desde septiembre de 2022, se\u00f1alando que los despidos siguen siendo reducidos, aunque la demanda por trabajadores contin\u00faa moderada. Este contraste confirma que el mercado laboral pierde impulso en la creaci\u00f3n de puestos, pero sin un aumento significativo en los despidos. Con este contexto mixto, los inversionistas mantienen la expectativa de que la Fed aplicar\u00e1 un recorte de tasas en su reuni\u00f3n del 10 de diciembre, buscando apoyar una econom\u00eda que muestra se\u00f1ales crecientes de enfriamiento.<\/p>\n\n\n\n<p class=\"wp-block-paragraph\">A este escenario -nos dice Paula Chaves, analista de mercados financieros de HF Markets, se suma la incertidumbre pol\u00edtica alrededor de la Reserva Federal. El abrupto frenazo en las entrevistas para candidatos alternativos a la presidencia del organismo ha fortalecido la percepci\u00f3n de que Kevin Hassett, podr\u00eda asumir el liderazgo en 2026, sustituyendo a Jerome Powell.<\/p>\n\n\n\n<p class=\"wp-block-paragraph\">La posibilidad de una Fed m\u00e1s inclinada a la flexibilizaci\u00f3n en los pr\u00f3ximos a\u00f1os a\u00f1ade presi\u00f3n adicional al d\u00f3lar. En l\u00ednea con esto, el \u00edndice DXY cae hacia 98.8, reflejando la debilidad del billete verde ante un panorama monetario m\u00e1s acomodaticio.<\/p>\n\n\n\n<p class=\"wp-block-paragraph\">Y es que la econom\u00eda de Estados Unidos mostr\u00f3 nuevas se\u00f1ales de enfriamiento del consumo, luego de que el gasto personal cayera -0.3 por ciento mensual y el ingreso retrocediera en la misma proporci\u00f3n, mientras la inflaci\u00f3n medida por el PCE se mantuvo en 2.8 por ciento anual, todav\u00eda por encima del objetivo de la Reserva Federal. El mercado laboral sigue resistente, aunque con leves signos de deterioro, con 220 mil nuevas solicitudes de desempleo y 1.96 millones de continuadas. En Europa, el sector construcci\u00f3n se hunde en terreno contractivo, con un PMI de 39.4 en Reino Unido y de 45.4 en la Eurozona, mientras el PIB regional apenas crece 0.2 por ciento trimestral. En Asia, el consumo japon\u00e9s volvi\u00f3 a debilitarse con una ca\u00edda de -1 por ciento anual en el gasto de los hogares, contrastando con el s\u00f3lido super\u00e1vit externo de Corea del Sur de 13.47 mil millones de d\u00f3lares. No hay duda, el mundo econ\u00f3mico pierde impulso: cae el consumo, se frena Europa y Asia muestra debilidad.<\/p>\n\n\n\n<p class=\"wp-block-paragraph\"><a href=\"mailto:loscapitales@yahoo.com.mx\" target=\"_blank\" rel=\"noreferrer noopener\">loscapitales@yahoo.com.mx<\/a><\/p>\n\n\n\n<p class=\"wp-block-paragraph\">Twiter: @ Edgar4712<\/p>\n","protected":false},"excerpt":{"rendered":"<p>Edgar Gonz\u00e1lez Mart\u00ednez SemM\u00e9xico, Ciudad de M\u00e9xico, 5 de diciembre, 2025.- Mientras, el peso mexicano se fortalece ante un d\u00f3lar presionado por la Fed, con una mayor demanda por monedas emergentes en medio de se\u00f1ales mixtas desde Estados Unidos y nuevas dudas sobre la estabilidad institucional de la Reserva Federal. El d\u00f3lar en M\u00e9xico inici\u00f3 [&hellip;]<\/p>\n","protected":false},"author":3,"featured_media":41799,"comment_status":"open","ping_status":"open","sticky":false,"template":"","format":"standard","meta":{"_monsterinsights_skip_tracking":false,"footnotes":""},"categories":[750,110,35],"tags":[],"class_list":["post-101093","post","type-post","status-publish","format-standard","has-post-thumbnail","category-edgar-gonzalez-martinez","category-la-opinion-columnas","category-opinion"],"_links":{"self":[{"href":"https:\/\/redsemlac.com\/semmexico\/wp-json\/wp\/v2\/posts\/101093","targetHints":{"allow":["GET"]}}],"collection":[{"href":"https:\/\/redsemlac.com\/semmexico\/wp-json\/wp\/v2\/posts"}],"about":[{"href":"https:\/\/redsemlac.com\/semmexico\/wp-json\/wp\/v2\/types\/post"}],"author":[{"embeddable":true,"href":"https:\/\/redsemlac.com\/semmexico\/wp-json\/wp\/v2\/users\/3"}],"replies":[{"embeddable":true,"href":"https:\/\/redsemlac.com\/semmexico\/wp-json\/wp\/v2\/comments?post=101093"}],"version-history":[{"count":0,"href":"https:\/\/redsemlac.com\/semmexico\/wp-json\/wp\/v2\/posts\/101093\/revisions"}],"wp:featuredmedia":[{"embeddable":true,"href":"https:\/\/redsemlac.com\/semmexico\/wp-json\/wp\/v2\/media\/41799"}],"wp:attachment":[{"href":"https:\/\/redsemlac.com\/semmexico\/wp-json\/wp\/v2\/media?parent=101093"}],"wp:term":[{"taxonomy":"category","embeddable":true,"href":"https:\/\/redsemlac.com\/semmexico\/wp-json\/wp\/v2\/categories?post=101093"},{"taxonomy":"post_tag","embeddable":true,"href":"https:\/\/redsemlac.com\/semmexico\/wp-json\/wp\/v2\/tags?post=101093"}],"curies":[{"name":"wp","href":"https:\/\/api.w.org\/{rel}","templated":true}]}}