{"id":10106,"date":"2019-07-24T17:13:29","date_gmt":"2019-07-24T17:13:29","guid":{"rendered":"https:\/\/redsemlac.com\/semmexico\/?p=10106"},"modified":"2023-07-21T14:51:20","modified_gmt":"2023-07-21T19:51:20","slug":"destituyen-a-hernandez-licona-de-coneval-por-criticar-recortes","status":"publish","type":"post","link":"https:\/\/redsemlac.com\/semmexico\/destituyen-a-hernandez-licona-de-coneval-por-criticar-recortes\/","title":{"rendered":"Destituyen a Hern\u00e1ndez Licona de Coneval por criticar recortes"},"content":{"rendered":"\n<p class=\"wp-block-paragraph\"><strong>*Es sustituido por el\nDr. Jos\u00e9 Nabor Cruz.<\/strong><\/p>\n\n\n\n<p class=\"wp-block-paragraph\"><strong>Redacci\u00f3n<\/strong><\/p>\n\n\n\n<p class=\"wp-block-paragraph\">SemM\u00e9xico\/Billie Parker Noticias. Ciudad de M\u00e9xico. 24 de\njulio 2019.- Luego de que Gonzalo Hern\u00e1ndez Licona critic\u00f3 el jueves en su\ncolumna pol\u00edtica las medidas de austeridad implementadas por el Gobierno\nFederal, se anunci\u00f3 su salida del cargo de secretario ejecutivo del Consejo\nNacional de Evaluaci\u00f3n de la Pol\u00edtica de Desarrollo Social (Coneval), y la\nllegada de Jos\u00e9 Nabor Cruz.<\/p>\n\n\n\n<p class=\"wp-block-paragraph\">&nbsp;\u201cSe nos ha notificado\noficialmente que el presidente de la Rep\u00fablica, a trav\u00e9s de la secretaria de\nBienestar, Mar\u00eda Luisa Albores, ha decidido nombrar a Jos\u00e9 Nabor Cruz Marcelo\ncomo titular del Coneval\u201d, anunci\u00f3 en conferencia de prensa Hern\u00e1ndez Licona.<\/p>\n\n\n\n<p class=\"wp-block-paragraph\">El ex secretario se\u00f1al\u00f3 que de acuerdo con la Ley General de\nDesarrollo Social, el Presidente tiene la facultad de elegir al titular del\nconsejo y consider\u00f3 que en su gesti\u00f3n el balance fue positivo \u201caunque el mejor\njuez es la ciudadan\u00eda\u201d.<\/p>\n\n\n\n<p class=\"wp-block-paragraph\">&nbsp;\u201cHan sido casi 13\na\u00f1os de un extraordinario viaje, ayudamos a que el Estado mexicano, Congreso,\nel Ejecutivo Federal, los gobernadores tuvieran una instancia que midiera la\npobreza y evaluara la pol\u00edtica de desarrollo social con independencia y con\nautonom\u00eda t\u00e9cnica y de gesti\u00f3n m\u00e1s all\u00e1 de los partidos pol\u00edticos y de la\npresi\u00f3n del Ejecutivo y del Congreso\u201d, afirm\u00f3.<\/p>\n\n\n\n<p class=\"wp-block-paragraph\">En d\u00edas anteriores, Licona hab\u00eda informado sobre los\nproblemas presupuestales del Consejo y dijo que confiaba en que @bienestarmx y\n@Hacienda_Mexico aplicaran la austeridad sin afectar a la instituci\u00f3n.<\/p>\n","protected":false},"excerpt":{"rendered":"<p>En d\u00edas anteriores, Licona hab\u00eda informado sobre los problemas presupuestales del Consejo<\/p>\n","protected":false},"author":3,"featured_media":10107,"comment_status":"open","ping_status":"open","sticky":false,"template":"","format":"standard","meta":{"_monsterinsights_skip_tracking":false,"footnotes":""},"categories":[690,52],"tags":[],"class_list":["post-10106","post","type-post","status-publish","format-standard","has-post-thumbnail","category-690","category-hombres"],"_links":{"self":[{"href":"https:\/\/redsemlac.com\/semmexico\/wp-json\/wp\/v2\/posts\/10106","targetHints":{"allow":["GET"]}}],"collection":[{"href":"https:\/\/redsemlac.com\/semmexico\/wp-json\/wp\/v2\/posts"}],"about":[{"href":"https:\/\/redsemlac.com\/semmexico\/wp-json\/wp\/v2\/types\/post"}],"author":[{"embeddable":true,"href":"https:\/\/redsemlac.com\/semmexico\/wp-json\/wp\/v2\/users\/3"}],"replies":[{"embeddable":true,"href":"https:\/\/redsemlac.com\/semmexico\/wp-json\/wp\/v2\/comments?post=10106"}],"version-history":[{"count":0,"href":"https:\/\/redsemlac.com\/semmexico\/wp-json\/wp\/v2\/posts\/10106\/revisions"}],"wp:featuredmedia":[{"embeddable":true,"href":"https:\/\/redsemlac.com\/semmexico\/wp-json\/wp\/v2\/media\/10107"}],"wp:attachment":[{"href":"https:\/\/redsemlac.com\/semmexico\/wp-json\/wp\/v2\/media?parent=10106"}],"wp:term":[{"taxonomy":"category","embeddable":true,"href":"https:\/\/redsemlac.com\/semmexico\/wp-json\/wp\/v2\/categories?post=10106"},{"taxonomy":"post_tag","embeddable":true,"href":"https:\/\/redsemlac.com\/semmexico\/wp-json\/wp\/v2\/tags?post=10106"}],"curies":[{"name":"wp","href":"https:\/\/api.w.org\/{rel}","templated":true}]}}