{"id":10103,"date":"2019-07-24T16:53:59","date_gmt":"2019-07-24T16:53:59","guid":{"rendered":"https:\/\/redsemlac.com\/semmexico\/?p=10103"},"modified":"2023-07-21T14:51:21","modified_gmt":"2023-07-21T19:51:21","slug":"amlo-vuelve-a-la-critica-a-medios-como-proceso-y-reforma","status":"publish","type":"post","link":"https:\/\/redsemlac.com\/semmexico\/amlo-vuelve-a-la-critica-a-medios-como-proceso-y-reforma\/","title":{"rendered":"AMLO vuelve a la cr\u00edtica a medios como Proceso y Reforma"},"content":{"rendered":"\n<p class=\"wp-block-paragraph\"><strong>* Reclam\u00f3 a 4 medios\nen una sola ma\u00f1ana.<\/strong><\/p>\n\n\n\n<p class=\"wp-block-paragraph\"><strong>* Luego de un receso\nde semanas de no descalificarlos.<\/strong><\/p>\n\n\n\n<p class=\"wp-block-paragraph\"><strong>Redacci\u00f3n<\/strong><\/p>\n\n\n\n<p class=\"wp-block-paragraph\">SemM\u00e9xico\/Billie Parker Noticias. Ciudad de M\u00e9xico. 24 de\njulio 2019.- \u201cSe portaron mal con nosotros (Proceso), no apoyaron la\ntransformaci\u00f3n\u201d, ya no los leo desde que muri\u00f3 Julio Scherer, dijo el\nPresidente de M\u00e9xico en un desencuentro con Arturo Rodr\u00edguez, un periodista de\nese medio de comunicaci\u00f3n.<\/p>\n\n\n\n<p class=\"wp-block-paragraph\">&nbsp;\u201cLa revista Proceso,\npor ejemplo, no se port\u00f3 bien con nosotros. No es ning\u00fan reproche\u201d, dijo L\u00f3pez\nObrador. \u201cLos medios no tienen que portarse bien, Presidente\u201d, respondi\u00f3\nRodr\u00edguez.<\/p>\n\n\n\n<p class=\"wp-block-paragraph\">Durante la conferencia matutina el mandatario federal\ncuestiono a cuatro medios de comunicaci\u00f3n y sostuvo que los buenos periodistas\nde la historia de M\u00e9xico han apostado a las transformaciones y asegur\u00f3 que\ntodos tomaron partido.<\/p>\n\n\n\n<p class=\"wp-block-paragraph\">L\u00f3pez Obrador respondi\u00f3 as\u00ed al cuestionamiento de\nrepresentante de Proceso que cuestionaba sobre la venta de Fertinal.<\/p>\n\n\n\n<p class=\"wp-block-paragraph\">&nbsp;\u201cNo, pero estamos\nbuscando la transformaci\u00f3n y todos los buenos periodistas de la historia\nsiempre han apostado a las transformaciones\u201d respondi\u00f3 el Presidente.<\/p>\n\n\n\n<p class=\"wp-block-paragraph\">Arturo Rodr\u00edguez sostuvo: Los periodistas militantes s\u00ed,\npresidente.<\/p>\n\n\n\n<p class=\"wp-block-paragraph\">Revir\u00f3 AMLO. \u201cEs una visi\u00f3n distinta, s\u00ed, pero Zarco estuvo\nen las filas del movimiento liberal y los Flores Mag\u00f3n, tambi\u00e9n.<\/p>\n\n\n\n<p class=\"wp-block-paragraph\">Contesta el reportero: \u201cSon 150 a\u00f1os de distancia,\npresidente\u201d.<\/p>\n\n\n\n<p class=\"wp-block-paragraph\">L\u00f3pez obrador sentenci\u00f3 entonces: \u201d S\u00ed, los periodistas\nmejores que ha habido en la historia de M\u00e9xico, los de la Rep\u00fablica restaurada,\ntodos, tomaron partido. Y es que es muy c\u00f3modo decir: \u201cYo soy independiente o\nel periodismo no tiene por qu\u00e9 tomar partido, o apostar a la transformaci\u00f3n\u201d.<\/p>\n\n\n\n<p class=\"wp-block-paragraph\">Entonces, es nada m\u00e1s analizar la realidad, criticar la\nrealidad, pero no transformarla.<\/p>\n\n\n\n<p class=\"wp-block-paragraph\">Sentenci\u00f3 Rodr\u00edguez dijo: \u201cNo, es informar, presidente\u201d.<\/p>\n\n\n\n<p class=\"wp-block-paragraph\"><strong>Versi\u00f3n estenogr\u00e1fica\nde las cr\u00edticas a Medios:<\/strong><\/p>\n\n\n\n<p class=\"wp-block-paragraph\"><strong>PROCESO<\/strong><\/p>\n\n\n\n<p class=\"wp-block-paragraph\">&nbsp;\u201cEs que miren cu\u00e1nto\ntiempo de simulaci\u00f3n. Yo recuerdo peri\u00f3dicos y revistas hablando del instituto\nanticorrupci\u00f3n y no se dijo nada.<\/p>\n\n\n\n<p class=\"wp-block-paragraph\">Ser\u00eda bueno hacer la investigaci\u00f3n, hay que ir a la\nhemeroteca, 25 a\u00f1os, si se dijo algo de que la corrupci\u00f3n no era delito grave,\nser\u00eda interesant\u00edsimo, porque \u00bfd\u00f3nde est\u00e1 el periodismo de investigaci\u00f3n?<\/p>\n\n\n\n<p class=\"wp-block-paragraph\">Por eso estamos viviendo una etapa nueva, porque ahora s\u00ed\nhay m\u00e1s periodismo de investigaci\u00f3n, porque pas\u00f3 de noche el periodo\nneoliberal, todo el periodo de saqueo, de pillaje. Ah\u00ed est\u00e1n en falta los\nmedios, con todo respeto, guardaron silencio c\u00f3mplice.<\/p>\n\n\n\n<p class=\"wp-block-paragraph\">Seguramente como en todo hubo honrosas excepciones, que es\nmotivo de otra investigaci\u00f3n.<\/p>\n\n\n\n<p class=\"wp-block-paragraph\">\u00bfCu\u00e1les fueron los medios?, \u00bfcu\u00e1les fueron los periodistas\nque actuaron con rectitud en todo el periodo neoliberal?, porque hubo quienes\npadecieron de persecuci\u00f3n, de censura.<\/p>\n\n\n\n<p class=\"wp-block-paragraph\">Tengo todav\u00eda pendiente, me preocupa y me ocupa el asunto de\nJos\u00e9 Guti\u00e9rrez Viv\u00f3, que lo desterraron, se tuvo que ir, le dieron un asilo\npol\u00edtico y ahora vive en una situaci\u00f3n, no deber\u00eda de decirlo por \u00e9l, pero muy\nlamentable, v\u00edctima de la represi\u00f3n del r\u00e9gimen pasado, no solo del pasado gobierno,\nm\u00e1s atr\u00e1s.<\/p>\n\n\n\n<p class=\"wp-block-paragraph\">Esto tard\u00f3, se impuso durante 36 a\u00f1os, entonces, tenemos que\npensar hacia adelante, nada m\u00e1s, no olvidar e ir hacia adelante.<\/p>\n\n\n\n<p class=\"wp-block-paragraph\">La revista Proceso, por ejemplo, no se port\u00f3 bien con\nnosotros. No es ning\u00fan reproche.<\/p>\n\n\n\n<p class=\"wp-block-paragraph\">INTERLOCUTOR: No es papel de los medios portarse bien,\npresidente, con alguien.<\/p>\n\n\n\n<p class=\"wp-block-paragraph\">PRESIDENTE ANDR\u00c9S MANUEL L\u00d3PEZ OBRADOR: No, pero estamos\nbuscando la transformaci\u00f3n y todos los buenos periodistas de la historia\nsiempre han apostado a las transformaciones.<\/p>\n\n\n\n<p class=\"wp-block-paragraph\">INTERLOCUTOR: Los periodistas militantes s\u00ed, presidente.<\/p>\n\n\n\n<p class=\"wp-block-paragraph\">PRESIDENTE ANDR\u00c9S MANUEL L\u00d3PEZ OBRADOR: Es una visi\u00f3n\ndistinta, s\u00ed, pero Zarco estuvo en las filas del movimiento liberal y los\nFlores Mag\u00f3n, tambi\u00e9n.<\/p>\n\n\n\n<p class=\"wp-block-paragraph\">INTERLOCUTOR: Son 150 a\u00f1os de distancia, presidente.<\/p>\n\n\n\n<p class=\"wp-block-paragraph\">PRESIDENTE ANDR\u00c9S MANUEL L\u00d3PEZ OBRADOR: S\u00ed, los periodistas\nmejores que ha habido en la historia de M\u00e9xico, los de la Rep\u00fablica restaurada,\ntodos, tomaron partido. Y es que es muy c\u00f3modo decir: \u2018Yo soy independiente o\nel periodismo no tiene por qu\u00e9 tomar partido, o apostar a la transformaci\u00f3n\u2019.<\/p>\n\n\n\n<p class=\"wp-block-paragraph\">Entonces, es nada m\u00e1s analizar la realidad, criticar la\nrealidad, pero no transformarla.<\/p>\n\n\n\n<p class=\"wp-block-paragraph\">INTERLOCUTOR: No, es informar, presidente.<\/p>\n\n\n\n<p class=\"wp-block-paragraph\">PRESIDENTE ANDR\u00c9S MANUEL L\u00d3PEZ OBRADOR: S\u00ed, pero a veces ni\neso, es editorializar para afectar las transformaciones.<\/p>\n\n\n\n<p class=\"wp-block-paragraph\">INTERLOCUTOR: Editorializar es tambi\u00e9n tomar partido,\npresidente.<\/p>\n\n\n\n<p class=\"wp-block-paragraph\">PRESIDENTE ANDR\u00c9S MANUEL L\u00d3PEZ OBRADOR: S\u00ed, pero\u2026<\/p>\n\n\n\n<p class=\"wp-block-paragraph\">INTERLOCUTOR: O sea, usted pide que editorialicen nada m\u00e1s a\nfavor de usted\u2026<\/p>\n\n\n\n<p class=\"wp-block-paragraph\">PRESIDENTE ANDR\u00c9S MANUEL L\u00d3PEZ OBRADOR: Para el\nconservadurismo.<\/p>\n\n\n\n<p class=\"wp-block-paragraph\">INTERLOCUTOR: No corresponde al papel que\u2026<\/p>\n\n\n\n<p class=\"wp-block-paragraph\">PRESIDENTE ANDR\u00c9S MANUEL L\u00d3PEZ OBRADOR: Para conservar, no\npara transformar, o sea, que es lo que se ha hecho en el caso del Proceso,\nmucho en ese sentido.<\/p>\n\n\n\n<p class=\"wp-block-paragraph\">Por eso lo leo poco ya, desde que falleci\u00f3 don Julio\nScherer, al que admiraba mucho, pero ese es otro asunto. Qu\u00e9 bueno que podamos\ndebatir as\u00ed.<\/p>\n\n\n\n<p class=\"wp-block-paragraph\"><strong>REFORMA<\/strong><\/p>\n\n\n\n<p class=\"wp-block-paragraph\">Por cierto, sacaron un reportaje los del Reforma -no un\nreportaje, una nota- diciendo que voy a tener todo el Palacio y los salones del\nPalacio, el Sal\u00f3n Azul, el Sal\u00f3n Rosa, el Sal\u00f3n de Embajadores, el Sal\u00f3n\nPrincipal.<\/p>\n\n\n\n<p class=\"wp-block-paragraph\">No es as\u00ed, es una exageraci\u00f3n del peri\u00f3dico y como se dice\ncoloquialmente \u2018eso s\u00ed calienta\u2019, porque la verdad que es el departamento que\nconstruy\u00f3, que adapt\u00f3 Felipe Calder\u00f3n y mantuvo Enrique Pe\u00f1a Nieto, es una\nparte muy limitada.<\/p>\n\n\n\n<p class=\"wp-block-paragraph\">Todos los salones, toda la parte hist\u00f3rica queda libre\ncompletamente, inclusive va a desalojarse una parte que se usaba, nada m\u00e1s va a\nquedar el despacho y la atenci\u00f3n en Palacio para los asuntos que tratamos se va\na hacer en el \u00e1rea en que estaba el Estado Mayor Presidencial, que es un \u00e1rea,\nvamos a decir en t\u00e9rminos ecol\u00f3gicos o de medio ambiente, ya impactada, es\ndecir, no es esto, sino ya un \u00e1rea moderna; pero todo lo antiguo se conserva y\nes un departamento.<\/p>\n\n\n\n<p class=\"wp-block-paragraph\">Como se llevan fuerte los del Reforma, les dir\u00eda que no\nestoy acomplejado. Cuando ellos hicieron su edificio, \u00bfconocen el edificio de\nReforma?, es un palacio, y yo dir\u00eda -pero esto con todo respeto- de mal gusto,\nporque tambi\u00e9n los fif\u00eds no tienen tanta sensibilidad para la arquitectura,\npero ese otro asunto. He dicho.<\/p>\n\n\n\n<p class=\"wp-block-paragraph\"><strong>SIN EMBARGO<\/strong><\/p>\n\n\n\n<p class=\"wp-block-paragraph\">\u201cY me acuerdo de una frase de Zarco, porque tiene que ver\ncon ustedes, los mejores periodistas, dec\u00eda: \u2018Hay que destruir con una mano\npara construir con la otra\u2019. Es bell\u00edsima la frase.<\/p>\n\n\n\n<p class=\"wp-block-paragraph\">Entonces, s\u00ed se acaba el viejo r\u00e9gimen, entonces, est\u00e1n muy\ndestanteados, iba yo a usar otra palabra, pero estaba m\u00e1s fuerte, iba a ser la\nnota ma\u00f1ana, entonces, mejor no, hay que autolimitarnos.<\/p>\n\n\n\n<p class=\"wp-block-paragraph\">Entonces, por eso todos estos ataques, que se va mi hijo a\nun campamento a San Luis Potos\u00ed. \u2018\u00a1Qu\u00e9 barbaridad!, \u00a1d\u00f3nde est\u00e1 la austeridad!.<\/p>\n\n\n\n<p class=\"wp-block-paragraph\">Pero el medio que saca ese gran reportaje cobraba aqu\u00ed, son\nde los que recib\u00edan dinero por los servicios que prestaban.<\/p>\n\n\n\n<p class=\"wp-block-paragraph\">Entonces, vamos a seguir polemizando y les dir\u00eda que hasta\nahora vamos muy bien, porque hay debate y no ha pasado a mayores\u201d.<\/p>\n\n\n\n<p class=\"wp-block-paragraph\"><strong>FINANCIAL TIMES<\/strong><\/p>\n\n\n\n<p class=\"wp-block-paragraph\">\u201cLo relacionado con el Financial Times tiene que ver m\u00e1s que\nnada con la falta de autocr\u00edtica de parte del peri\u00f3dico, porque se impuls\u00f3\nmucho el modelo econ\u00f3mico neoliberal, que result\u00f3 en fracaso.<\/p>\n\n\n\n<p class=\"wp-block-paragraph\">Se hizo propaganda a favor de las llamadas reformas\nestructurales, en particular de la Reforma Energ\u00e9tica y los resultados han sido\ndesastrosos para M\u00e9xico y el Financial Times no ha hecho una revisi\u00f3n del\nasunto; al contrario, recientemente pronostic\u00f3 que iba a entrar en recesi\u00f3n\nnuestra econom\u00eda.<\/p>\n\n\n\n<p class=\"wp-block-paragraph\">Respetamos a todos los medios, pero vamos a ejercer nuestro\nderecho de r\u00e9plica.<\/p>\n\n\n\n<p class=\"wp-block-paragraph\">Y para aclarar bien de que ya no se va a seguir aplicando la\npol\u00edtica neoliberal y que vamos a llevar a la pr\u00e1ctica, que estamos aplicando\nuna nueva pol\u00edtica econ\u00f3mica, a partir del combate a la corrupci\u00f3n, que\nconsideramos es el principal problema de M\u00e9xico, estoy escribiendo ya un libro\ndonde voy a dar respuesta a todas las interrogantes y a definir el nuevo\nmodelo, como dir\u00edan los tecn\u00f3cratas el nuevo paradigma.<\/p>\n\n\n\n<p class=\"wp-block-paragraph\">Se va a llamar el libro, as\u00ed con m\u00fasica y con alegr\u00eda, La\neconom\u00eda moral. Yo espero que est\u00e9 para el d\u00eda 1\u00ba de diciembre, al cumplir\nexactamente un a\u00f1o para poder ya incorporar las experiencias, resultados y\nhacer la evaluaci\u00f3n sobre el nuevo modelo.<\/p>\n\n\n\n<p class=\"wp-block-paragraph\">De todas maneras, nuestro respeto\u201d.<\/p>\n","protected":false},"excerpt":{"rendered":"<p>Reclam\u00f3 a 4 medios en una sola ma\u00f1ana.<\/p>\n","protected":false},"author":3,"featured_media":10104,"comment_status":"open","ping_status":"open","sticky":false,"template":"","format":"standard","meta":{"_monsterinsights_skip_tracking":false,"footnotes":""},"categories":[690,51],"tags":[],"class_list":["post-10103","post","type-post","status-publish","format-standard","has-post-thumbnail","category-690","category-ejecutivo"],"_links":{"self":[{"href":"https:\/\/redsemlac.com\/semmexico\/wp-json\/wp\/v2\/posts\/10103","targetHints":{"allow":["GET"]}}],"collection":[{"href":"https:\/\/redsemlac.com\/semmexico\/wp-json\/wp\/v2\/posts"}],"about":[{"href":"https:\/\/redsemlac.com\/semmexico\/wp-json\/wp\/v2\/types\/post"}],"author":[{"embeddable":true,"href":"https:\/\/redsemlac.com\/semmexico\/wp-json\/wp\/v2\/users\/3"}],"replies":[{"embeddable":true,"href":"https:\/\/redsemlac.com\/semmexico\/wp-json\/wp\/v2\/comments?post=10103"}],"version-history":[{"count":0,"href":"https:\/\/redsemlac.com\/semmexico\/wp-json\/wp\/v2\/posts\/10103\/revisions"}],"wp:featuredmedia":[{"embeddable":true,"href":"https:\/\/redsemlac.com\/semmexico\/wp-json\/wp\/v2\/media\/10104"}],"wp:attachment":[{"href":"https:\/\/redsemlac.com\/semmexico\/wp-json\/wp\/v2\/media?parent=10103"}],"wp:term":[{"taxonomy":"category","embeddable":true,"href":"https:\/\/redsemlac.com\/semmexico\/wp-json\/wp\/v2\/categories?post=10103"},{"taxonomy":"post_tag","embeddable":true,"href":"https:\/\/redsemlac.com\/semmexico\/wp-json\/wp\/v2\/tags?post=10103"}],"curies":[{"name":"wp","href":"https:\/\/api.w.org\/{rel}","templated":true}]}}