{"id":101018,"date":"2025-12-03T09:50:49","date_gmt":"2025-12-03T15:50:49","guid":{"rendered":"https:\/\/redsemlac.com\/semmexico\/?p=101018"},"modified":"2025-12-03T09:50:50","modified_gmt":"2025-12-03T15:50:50","slug":"senado-aprueba-reforma-para-garantizar-la-seguridad-digital-de-las-ninas-ninos-y-adolescentes","status":"publish","type":"post","link":"https:\/\/redsemlac.com\/semmexico\/senado-aprueba-reforma-para-garantizar-la-seguridad-digital-de-las-ninas-ninos-y-adolescentes\/","title":{"rendered":"Senado aprueba reforma para garantizar la seguridad digital de las ni\u00f1as, ni\u00f1os y adolescentes"},"content":{"rendered":"\n<p class=\"wp-block-paragraph\">En M\u00e9xico, 2.9 millones de menores de edad han sido v\u00edctimas de ciberacoso<\/p>\n\n\n\n<p class=\"wp-block-paragraph\">&nbsp;Redacci\u00f3n<\/p>\n\n\n\n<p class=\"wp-block-paragraph\">SemM\u00e9xico, Cd. de M\u00e9xico, 3 de diciembre, 2025.- El Senado de la Rep\u00fablica aval\u00f3 un dictamen para reformar el art\u00edculo 101 Bis 1 de la Ley General de los Derechos de Ni\u00f1as, Ni\u00f1os y Adolescentes, a fin de proteger a los menores ante el alto uso de internet y redes sociales, reforma que pasar\u00e1 a la C\u00e1mara de Diputados, para ser realidad.<\/p>\n\n\n\n<p class=\"wp-block-paragraph\">El dictamen aprobado por unanimidad, con 80 votos, se\u00f1ala que la seguridad digital se presenta como un aspecto fundamental para promover y garantizar su desarrollo integral, toda vez que se debe resguardar su privacidad, evitar la comisi\u00f3n de delitos cibern\u00e9ticos y promover un entorno sano para su crecimiento emocional y educativo.<\/p>\n\n\n\n<p class=\"wp-block-paragraph\">La senadora Mar\u00eda del Roc\u00edo Corona Nakamura, del PVEM, dijo que este dictamen es a favor del inter\u00e9s superior de la ni\u00f1ez, particularmente, sobre seguridad digital, pues las ni\u00f1as, ni\u00f1os y adolescentes hoy est\u00e1n en peligro en el internet, pues muchos de ellos son v\u00edctimas de delitos como la suplantaci\u00f3n de identidad, corrupci\u00f3n de menores y extorsi\u00f3n.<\/p>\n\n\n\n<p class=\"wp-block-paragraph\">De ah\u00ed que, afirm\u00f3, es necesario reforzar las estrategias de protecci\u00f3n infantil en todos los \u00e1mbitos, porque si bien hay avances se tiene que robustecer, pues un menor sin acceso seguro a la tecnolog\u00eda est\u00e1 en riesgo y en desventaja.&nbsp;&nbsp;<\/p>\n\n\n\n<p class=\"wp-block-paragraph\">El dictamen establece que es obligaci\u00f3n del Estado garantizar la integraci\u00f3n plena de ni\u00f1as, ni\u00f1os y adolescentes a la sociedad de la informaci\u00f3n y el conocimiento, acorde a los fines establecidos en el art\u00edculo tercero constitucional, a trav\u00e9s de una pol\u00edtica nacional de inclusi\u00f3n digital universal en condiciones de equidad, asequibilidad, disponibilidad, accesibilidad, calidad y seguridad digital.<\/p>\n\n\n\n<p class=\"wp-block-paragraph\">Se\u00f1ala que organizaciones de la sociedad civil han estudiado la violencia hacia menores de edad en el entorno digital, y con ello, la urgencia de su protecci\u00f3n, pues tan solo la Red por los Derechos de la Infancia en M\u00e9xico (Redim), en su Balance Anual 2023, da cuenta de que 2.9 millones de menores de edad han sido v\u00edctimas de ciberacoso.<\/p>\n\n\n\n<p class=\"wp-block-paragraph\">Tan s\u00f3lo en M\u00e9xico, el ciberacoso sigue siendo uno de los principales problemas que enfrentan ni\u00f1as, ni\u00f1os y adolescentes en el entorno digital. Entre las formas m\u00e1s comunes, el 5.5 por ciento de los adolescentes reportaron haber recibido insinuaciones sexuales no deseadas, mientras que el 5.6 por ciento fueron expuestos a contenido sexual no solicitado.<\/p>\n\n\n\n<p class=\"wp-block-paragraph\">El dictamen sostiene que al menos 127 mil menores denunciaron en 2022 la difusi\u00f3n no consentida de im\u00e1genes \u00edntimas, lo que representa el 1 por ciento del total de adolescentes en el pa\u00eds. No obstante, esta no es la \u00fanica problem\u00e1tica creciente, ya que, en 2023, m\u00e1s de 606 mil adolescentes fueron v\u00edctimas de suplantaci\u00f3n de identidad utilizada para enviar informaci\u00f3n falsa o agresiva.<\/p>\n\n\n\n<p class=\"wp-block-paragraph\">Adem\u00e1s de que, entre enero y febrero de 2025, se registraron 5 mil 862 delitos contra menores, lo que representa un aumento del 1.2 por ciento respecto al mismo periodo en 2024.<\/p>\n\n\n\n<p class=\"wp-block-paragraph\">Por lo anterior, sostiene el documento, es urgente reforzar las estrategias de protecci\u00f3n infantil en todos los \u00e1mbitos, dado que la gravedad y complejidad de estos problemas requieren de acciones por parte de las autoridades, trabajar en un reforzamiento legislativo y, por tanto, en pol\u00edticas p\u00fablicas con el apoyo de diversos sectores sociales, para enfrentar esta problem\u00e1tica.<\/p>\n\n\n\n<p class=\"wp-block-paragraph\">Una vez aprobado, el proyecto de decreto fue remitido a la C\u00e1mara de Diputados.<\/p>\n","protected":false},"excerpt":{"rendered":"<p>En M\u00e9xico, 2.9 millones de menores de edad han sido v\u00edctimas de ciberacoso &nbsp;Redacci\u00f3n SemM\u00e9xico, Cd. de M\u00e9xico, 3 de diciembre, 2025.- El Senado de la Rep\u00fablica aval\u00f3 un dictamen para reformar el art\u00edculo 101 Bis 1 de la Ley General de los Derechos de Ni\u00f1as, Ni\u00f1os y Adolescentes, a fin de proteger a los [&hellip;]<\/p>\n","protected":false},"author":3,"featured_media":101019,"comment_status":"open","ping_status":"open","sticky":false,"template":"","format":"standard","meta":{"_monsterinsights_skip_tracking":false,"footnotes":""},"categories":[50],"tags":[],"class_list":["post-101018","post","type-post","status-publish","format-standard","has-post-thumbnail","category-congreso"],"_links":{"self":[{"href":"https:\/\/redsemlac.com\/semmexico\/wp-json\/wp\/v2\/posts\/101018","targetHints":{"allow":["GET"]}}],"collection":[{"href":"https:\/\/redsemlac.com\/semmexico\/wp-json\/wp\/v2\/posts"}],"about":[{"href":"https:\/\/redsemlac.com\/semmexico\/wp-json\/wp\/v2\/types\/post"}],"author":[{"embeddable":true,"href":"https:\/\/redsemlac.com\/semmexico\/wp-json\/wp\/v2\/users\/3"}],"replies":[{"embeddable":true,"href":"https:\/\/redsemlac.com\/semmexico\/wp-json\/wp\/v2\/comments?post=101018"}],"version-history":[{"count":0,"href":"https:\/\/redsemlac.com\/semmexico\/wp-json\/wp\/v2\/posts\/101018\/revisions"}],"wp:featuredmedia":[{"embeddable":true,"href":"https:\/\/redsemlac.com\/semmexico\/wp-json\/wp\/v2\/media\/101019"}],"wp:attachment":[{"href":"https:\/\/redsemlac.com\/semmexico\/wp-json\/wp\/v2\/media?parent=101018"}],"wp:term":[{"taxonomy":"category","embeddable":true,"href":"https:\/\/redsemlac.com\/semmexico\/wp-json\/wp\/v2\/categories?post=101018"},{"taxonomy":"post_tag","embeddable":true,"href":"https:\/\/redsemlac.com\/semmexico\/wp-json\/wp\/v2\/tags?post=101018"}],"curies":[{"name":"wp","href":"https:\/\/api.w.org\/{rel}","templated":true}]}}