{"id":100992,"date":"2025-12-03T09:43:33","date_gmt":"2025-12-03T15:43:33","guid":{"rendered":"https:\/\/redsemlac.com\/semmexico\/?p=100992"},"modified":"2025-12-03T09:43:34","modified_gmt":"2025-12-03T15:43:34","slug":"sheinbaum-envia-terna-de-mujeres-al-senado-para-encabezar-la-fgr","status":"publish","type":"post","link":"https:\/\/redsemlac.com\/semmexico\/sheinbaum-envia-terna-de-mujeres-al-senado-para-encabezar-la-fgr\/","title":{"rendered":"Sheinbaum env\u00eda terna de mujeres al Senado para encabezar la FGR"},"content":{"rendered":"\n<p class=\"wp-block-paragraph\">La presidenta eligi\u00f3 a 3 mujeres de la terna de 5 que env\u00edo al Senado&nbsp;\/&nbsp;Foto: Andrea Murcia Monsiv\u00e1is \/ Cuartoscuro.com<\/p>\n\n\n\n<p class=\"wp-block-paragraph\">La presidenta claudia Sheinbaum asegur\u00f3 que \u201ces tiempo de mujeres\u201d<\/p>\n\n\n\n<p class=\"wp-block-paragraph\">Jorge Salcedo<\/p>\n\n\n\n<p class=\"wp-block-paragraph\">SemM\u00e9xico \/ El Sol de M\u00e9xico, Cd. de M\u00e9xico, 3 de diciembre, 2025.- La presidenta Claudia Sheinbaum dijo que ya present\u00f3 a sus candidatas para encabezar la Fiscal\u00eda General de la Rep\u00fablica (FGR) tras la salida de Alejandro Gertz Manero, aunque&nbsp;se limit\u00f3 a especificar qui\u00e9nes son.<\/p>\n\n\n\n<p class=\"wp-block-paragraph\">\u201cEs tiempo de mujeres\u201d, dijo la presidenta durante su conferencia ma\u00f1anera desde Palacio Nacional.<\/p>\n\n\n\n<p class=\"wp-block-paragraph\">La lista de candidatas ahora pasar\u00e1 al Senado de la Rep\u00fablica, donde los integrantes deber\u00e1n realizar una votaci\u00f3n por&nbsp;mayor\u00eda calificada&nbsp;para as\u00ed designar al nuevo o a la nueva titular de la&nbsp;Fiscal\u00eda General de la Rep\u00fablica<strong>.<\/strong><\/p>\n\n\n\n<p class=\"wp-block-paragraph\"><strong>La lista de seleccionados<\/strong><\/p>\n\n\n\n<p class=\"wp-block-paragraph\">Entre las personas aspirantes figura&nbsp;<strong>Ernestina Godoy Ramos<\/strong>, actual encargada de despacho de la FGR. La lista la completan:<\/p>\n\n\n\n<ul class=\"wp-block-list\">\n<li>Luz Mar\u00eda Zarza Delgado<\/li>\n\n\n\n<li>Maribel Bojorges Beltr\u00e1n<\/li>\n\n\n\n<li>Sandra Luz Gonz\u00e1lez Mogoll\u00f3n<\/li>\n\n\n\n<li>Ernestina Godoy Ramos<\/li>\n\n\n\n<li>Mirna Luc\u00eda Grande Hern\u00e1ndez<\/li>\n<\/ul>\n\n\n\n<p class=\"wp-block-paragraph\">Tres de estas&nbsp; mujeres vienen en la terna, de la que hasta ahora no dio detalles la presidenta. La lista con otros 5 hombres fue aprobada con los votos de&nbsp;<strong>Morena&nbsp;<\/strong>y sus aliados, mientras que legisladores de oposici\u00f3n rechazaron el listado al considerar que varios perfiles son cercanos al<strong>&nbsp;proyecto de la 4T<\/strong>.<\/p>\n\n\n\n<p class=\"wp-block-paragraph\"><a href=\"https:\/\/oem.com.mx\/elsoldemexico\/analisis\/autor\/jorge-salcedo-3754\"><strong>Jorge&nbsp;Salcedo: <\/strong><\/a>Reportero de medio ambiente, derechos humanos y temas religiosos. Me gusta contar historias en las que se cruzan la ciencia, la vida cotidiana y los n\u00fameros. Ciclista urbano, cocinero ocasional y amante del caf\u00e9 de especialidad.<\/p>\n\n\n\n<p class=\"wp-block-paragraph\"><strong>\u00daltimas notas:<\/strong><\/p>\n","protected":false},"excerpt":{"rendered":"<p>La presidenta eligi\u00f3 a 3 mujeres de la terna de 5 que env\u00edo al Senado&nbsp;\/&nbsp;Foto: Andrea Murcia Monsiv\u00e1is \/ Cuartoscuro.com La presidenta claudia Sheinbaum asegur\u00f3 que \u201ces tiempo de mujeres\u201d Jorge Salcedo SemM\u00e9xico \/ El Sol de M\u00e9xico, Cd. de M\u00e9xico, 3 de diciembre, 2025.- La presidenta Claudia Sheinbaum dijo que ya present\u00f3 a sus [&hellip;]<\/p>\n","protected":false},"author":3,"featured_media":100993,"comment_status":"open","ping_status":"open","sticky":false,"template":"","format":"standard","meta":{"_monsterinsights_skip_tracking":false,"footnotes":""},"categories":[694,903],"tags":[],"class_list":["post-100992","post","type-post","status-publish","format-standard","has-post-thumbnail","category-destacadas","category-presidenta-y-mas"],"_links":{"self":[{"href":"https:\/\/redsemlac.com\/semmexico\/wp-json\/wp\/v2\/posts\/100992","targetHints":{"allow":["GET"]}}],"collection":[{"href":"https:\/\/redsemlac.com\/semmexico\/wp-json\/wp\/v2\/posts"}],"about":[{"href":"https:\/\/redsemlac.com\/semmexico\/wp-json\/wp\/v2\/types\/post"}],"author":[{"embeddable":true,"href":"https:\/\/redsemlac.com\/semmexico\/wp-json\/wp\/v2\/users\/3"}],"replies":[{"embeddable":true,"href":"https:\/\/redsemlac.com\/semmexico\/wp-json\/wp\/v2\/comments?post=100992"}],"version-history":[{"count":0,"href":"https:\/\/redsemlac.com\/semmexico\/wp-json\/wp\/v2\/posts\/100992\/revisions"}],"wp:featuredmedia":[{"embeddable":true,"href":"https:\/\/redsemlac.com\/semmexico\/wp-json\/wp\/v2\/media\/100993"}],"wp:attachment":[{"href":"https:\/\/redsemlac.com\/semmexico\/wp-json\/wp\/v2\/media?parent=100992"}],"wp:term":[{"taxonomy":"category","embeddable":true,"href":"https:\/\/redsemlac.com\/semmexico\/wp-json\/wp\/v2\/categories?post=100992"},{"taxonomy":"post_tag","embeddable":true,"href":"https:\/\/redsemlac.com\/semmexico\/wp-json\/wp\/v2\/tags?post=100992"}],"curies":[{"name":"wp","href":"https:\/\/api.w.org\/{rel}","templated":true}]}}