{"id":100976,"date":"2025-12-01T21:46:14","date_gmt":"2025-12-02T03:46:14","guid":{"rendered":"https:\/\/redsemlac.com\/semmexico\/?p=100976"},"modified":"2025-12-01T21:47:59","modified_gmt":"2025-12-02T03:47:59","slug":"las-calcetinas-escenificacion-de-los-obstaculos-y-vivencias-de-las-sobrevivientes","status":"publish","type":"post","link":"https:\/\/redsemlac.com\/semmexico\/las-calcetinas-escenificacion-de-los-obstaculos-y-vivencias-de-las-sobrevivientes\/","title":{"rendered":"Las Calcetinas escenificaci\u00f3n de los obst\u00e1culos y vivencias de las Sobrevivientes"},"content":{"rendered":"\n<ul class=\"wp-block-list\">\n<li>Sobrevivientes de Feminicidio han propuestos cambios legislativos y procedimentales necesarios para dar certeza jur\u00eddica<\/li>\n\n\n\n<li>Lamentan que alguien m\u00e1s se est\u00e1 haciendo pasar por las impulsoras de esta Ley Orop\u00e9ndola<\/li>\n<\/ul>\n\n\n\n<p class=\"wp-block-paragraph\">Lorena Vaniezcot<\/p>\n\n\n\n<p class=\"wp-block-paragraph\">SemM\u00e9xico, Veracruz, 1 de diciembre, 2025.- La colectiva Sobrevivientes de Feminicidio en M\u00e9xico present\u00f3, dentro de los 16 d\u00edas de activismo para la eliminaci\u00f3n de la violencia contra las mujeres, present\u00f3 la serie denominada Las Calcetinas Ley Orop\u00e9ndola \u00a1ya! Primera temporada.<\/p>\n\n\n\n<p class=\"wp-block-paragraph\">Con t\u00edteres, se escenificaron los obst\u00e1culos y vivencias de las Sobrevivientes de tentativa, en el camino de exigencia de justicia, durante un acto realizado en la Casa de Cultura Jur\u00eddica.<\/p>\n\n\n\n<p class=\"wp-block-paragraph\">Con presencia de funcionarias del poder judicial, de la Comisi\u00f3n Estatal de Derechos Humanos de Veracruz, de la Comisi\u00f3n de atenci\u00f3n a V\u00edctimas del Estado y del Congreso de la Uni\u00f3n entablamos un di\u00e1logo para refrendar alianza para la atenci\u00f3n de las Sobrevivientes y la aprobaci\u00f3n de esta ley en el Senado de la Rep\u00fablica, en el estado de Veracruz y otros estados.<\/p>\n\n\n\n<p class=\"wp-block-paragraph\">Un camino largo que han emprendido las Sobrevivientes que han propuestos cambios legislativos y procedimentales necesarios para dar certeza jur\u00eddica y la v\u00eda para la justicia y reconstruir nuestro proyecto de vida.<\/p>\n\n\n\n<p class=\"wp-block-paragraph\"><strong>La Ley Orop\u00e9ndola<\/strong><\/p>\n\n\n\n<p class=\"wp-block-paragraph\">Por otra parte, tras el anuncio en Morelos de que dentro de la agenda de los 16 d\u00edas de activismo, habr\u00e1 un taller de la Ley Orop\u00e9ndola, lamentaron que \u201calguien m\u00e1s se est\u00e1 haciendo pasar por las impulsoras de esta Ley, que fue lograda en 2021 y en abril de 2022 se aprob\u00f3 en el Congreso de la Uni\u00f3n.<\/p>\n\n\n\n<p class=\"wp-block-paragraph\">En redes sociales se\u00f1alan que organizaron el primer foro de Sobrevivientes de tentativa en el propio congreso el mismo a\u00f1o y el 13 de septiembre del 2024 hicieron una toma l\u00fadica en el Senado de la Rep\u00fablica para seguir exigiendo su aprobaci\u00f3n.<\/p>\n\n\n\n<p class=\"wp-block-paragraph\">Por ello, plantean que Sobrevivientes de feminicidio en M\u00e9xico A.C. \u201chemos venido impulsando esta ley a nivel federal y en los estados y ahora se nos niega la participaci\u00f3n en est\u00e1s discusiones\u201d.<\/p>\n\n\n\n<p class=\"wp-block-paragraph\">Solicitaron al Congreso de Morelos que sean incluidas en las negociaciones y las mesas de trabajo iniciadas en 2024 \u201cy no se preste a borrar -por enga\u00f1o de algunas personas que se quieren colgar de nuestro trabajo e incidencia-\u201d.<\/p>\n\n\n\n<p class=\"wp-block-paragraph\">Hicieron un llamado a las diputadas Martha Melissa Montes de Oca Montoya, Jazm\u00edn Lozano L\u00f3pez de la Comisi\u00f3n de Igualdad de G\u00e9nero del Congreso de Morelos, a qu\u00e9 no las confundan, \u00a1la relaci\u00f3n e impulso inicial de esta ley Orop\u00e9ndola se inici\u00f3 con Sobrevivientes de Feminicidio en M\u00e9xico A.C. en 2024 y no con quienes ahora le llaman \u201cLey Tentativa de Feminicidio\u201d tratando de nulificar la lucha previa de nuestra organizaci\u00f3n y la aprobaci\u00f3n de la Ley Orop\u00e9ndola ya!<\/p>\n\n\n\n<figure class=\"wp-block-image size-large\"><a href=\"https:\/\/redsemlac.com\/semmexico\/wp-content\/uploads\/2025\/12\/WhatsApp-Image-2025-12-01-at-2.07.03-PM-scaled.jpeg\"><img decoding=\"async\" src=\"https:\/\/redsemlac.com\/semmexico\/wp-content\/uploads\/2025\/12\/WhatsApp-Image-2025-12-01-at-2.07.03-PM-1024x768.jpeg\" alt=\"\" class=\"wp-image-100978\"\/><\/a><\/figure>\n","protected":false},"excerpt":{"rendered":"<p>Lorena Vaniezcot SemM\u00e9xico, Veracruz, 1 de diciembre, 2025.- La colectiva Sobrevivientes de Feminicidio en M\u00e9xico present\u00f3, dentro de los 16 d\u00edas de activismo para la eliminaci\u00f3n de la violencia contra las mujeres, present\u00f3 la serie denominada Las Calcetinas Ley Orop\u00e9ndola \u00a1ya! Primera temporada. Con t\u00edteres, se escenificaron los obst\u00e1culos y vivencias de las Sobrevivientes de [&hellip;]<\/p>\n","protected":false},"author":3,"featured_media":100977,"comment_status":"open","ping_status":"open","sticky":false,"template":"","format":"standard","meta":{"_monsterinsights_skip_tracking":false,"footnotes":""},"categories":[748],"tags":[],"class_list":["post-100976","post","type-post","status-publish","format-standard","has-post-thumbnail","category-cultura-feminista"],"_links":{"self":[{"href":"https:\/\/redsemlac.com\/semmexico\/wp-json\/wp\/v2\/posts\/100976","targetHints":{"allow":["GET"]}}],"collection":[{"href":"https:\/\/redsemlac.com\/semmexico\/wp-json\/wp\/v2\/posts"}],"about":[{"href":"https:\/\/redsemlac.com\/semmexico\/wp-json\/wp\/v2\/types\/post"}],"author":[{"embeddable":true,"href":"https:\/\/redsemlac.com\/semmexico\/wp-json\/wp\/v2\/users\/3"}],"replies":[{"embeddable":true,"href":"https:\/\/redsemlac.com\/semmexico\/wp-json\/wp\/v2\/comments?post=100976"}],"version-history":[{"count":0,"href":"https:\/\/redsemlac.com\/semmexico\/wp-json\/wp\/v2\/posts\/100976\/revisions"}],"wp:featuredmedia":[{"embeddable":true,"href":"https:\/\/redsemlac.com\/semmexico\/wp-json\/wp\/v2\/media\/100977"}],"wp:attachment":[{"href":"https:\/\/redsemlac.com\/semmexico\/wp-json\/wp\/v2\/media?parent=100976"}],"wp:term":[{"taxonomy":"category","embeddable":true,"href":"https:\/\/redsemlac.com\/semmexico\/wp-json\/wp\/v2\/categories?post=100976"},{"taxonomy":"post_tag","embeddable":true,"href":"https:\/\/redsemlac.com\/semmexico\/wp-json\/wp\/v2\/tags?post=100976"}],"curies":[{"name":"wp","href":"https:\/\/api.w.org\/{rel}","templated":true}]}}