{"id":100939,"date":"2025-12-01T18:09:08","date_gmt":"2025-12-02T00:09:08","guid":{"rendered":"https:\/\/redsemlac.com\/semmexico\/?p=100939"},"modified":"2025-12-01T18:09:08","modified_gmt":"2025-12-02T00:09:08","slug":"tras-la-puerta-del-poder-amlo-pide-apoyo-popular-a-sheinbaum-ante-el-acoso-de-zopilotes-buitres-y-halcones","status":"publish","type":"post","link":"https:\/\/redsemlac.com\/semmexico\/tras-la-puerta-del-poder-amlo-pide-apoyo-popular-a-sheinbaum-ante-el-acoso-de-zopilotes-buitres-y-halcones\/","title":{"rendered":"Tras la puerta del poder| AMLO pide apoyo popular a Sheinbaum ante el acoso de zopilotes, buitres y halcones"},"content":{"rendered":"\n<p class=\"wp-block-paragraph\">Roberto Vizca\u00edno<\/p>\n\n\n\n<p class=\"wp-block-paragraph\">SemM\u00e9xico, Ciudad de M\u00e9xico, 1 de diciembre, 2025.- En un largo video de 50 minutos circulado profusamente en redes sociales desde el fin de la semana, el expresidente&nbsp;<strong>Andr\u00e9s Manuel L\u00f3pez Obrador<\/strong>&nbsp;se dirige por primera vez a la poblaci\u00f3n mexicana para pedir vehementemente apoyo para su sucesora y advertir que el pa\u00eds enfrenta 3 peligros: un golpe de estado, el acoso grave a la 4T y una injerencia extranjera.<\/p>\n\n\n\n<p class=\"wp-block-paragraph\">Advierte:<\/p>\n\n\n\n<p class=\"wp-block-paragraph\">\u201c\u2026 hay que apoyar mucho, mucho, mucho a la presidenta porque todav\u00eda es temporada de zopilotes, hay buitres, hay halcones\u2026<\/p>\n\n\n\n<p class=\"wp-block-paragraph\">\u201cYo no voy a recorrer el pa\u00eds. Voy a seguir retirado, jubilado&#8230; S\u00f3lo saldr\u00eda a la calle por 3 razones:<\/p>\n\n\n\n<p class=\"wp-block-paragraph\">1.&nbsp;&nbsp;&nbsp;&nbsp;Si atentaran contra la democracia, como lo hac\u00edan antes, cuando hac\u00edan los grandes fraudes, los potentados, los oligarcas, con los corruptos, para que el gobierno estuviese a su servicio y eso ya no se puede permitir de ninguna manera\u2026 &nbsp;porque para el pobre la democracia significa sobrevivencia, poder mantener a la familia, tener ingresos para garantizar la salud, el estudio de los hijos\u2026 entonces hay que apoyar mucho a la presidenta, nuestra presidenta\u2026<\/p>\n\n\n\n<p class=\"wp-block-paragraph\">2.&nbsp;&nbsp;&nbsp;&nbsp;Les dec\u00eda yo saldr\u00eda para defender la democracia,&nbsp;<strong><em>saldr\u00eda tambi\u00e9n para defenderla a ella si hay intentos de golpe de Estado, si la acosan, entonces s\u00ed<\/em><\/strong>\u2026 no creo que pase,&nbsp;<strong><em>de todas maneras, no est\u00e1 mal que sepan en qu\u00e9 circunstancias s\u00ed podr\u00eda yo salir, s\u00ed saldr\u00eda yo a la calle<\/em><\/strong>\u2026<\/p>\n\n\n\n<p class=\"wp-block-paragraph\"><strong><em>3.<\/em><\/strong>&nbsp;&nbsp;&nbsp;&nbsp;Y la tercera raz\u00f3n por la que saldr\u00eda a la calle,&nbsp;<strong><em>ser\u00eda para defender la soberan\u00eda de M\u00e9xico porque nuestro pa\u00eds es libre y es independiente, es soberano nosotros no somos colonia de ning\u00fan pa\u00eds extranjero nos ha costado mucho ser un pa\u00eds independiente soberano y si se violara la soberan\u00eda entonces si saldr\u00eda a la calle\u2026<\/em><\/strong><\/p>\n\n\n\n<p class=\"wp-block-paragraph\">Una reflexi\u00f3n y petici\u00f3n popular, que -admite impl\u00edcitamente- un pensamiento de riesgo para M\u00e9xico en este momento.<\/p>\n\n\n\n<p class=\"wp-block-paragraph\">Es innegable que&nbsp;<strong>AMLO<\/strong>&nbsp;cree que la 4T podr\u00eda ser desbancada por la oposici\u00f3n o los movimientos y personajes que le surgen diariamente al Gobierno de&nbsp;<strong>Sheinbaum<\/strong>, que es herencia directa de \u00e9l, y que \u00e9l ve como una amenaza para&nbsp;<strong>la democracia<\/strong>&nbsp;(es decir&nbsp;<strong><em>su democracia<\/em><\/strong>). Y ve igual que tendr\u00eda que salir a defender a&nbsp;<strong>Claudia<\/strong>&nbsp;de un intento de Golpe de Estado. Si lo dice es porque \u00e9l lo considera posible (uno lo sale a defender algo que no considera que pasar\u00eda \u00bfno?). E igual ve que EU s\u00ed puede atacar militar y directamente a c\u00e1rteles en territorio mexicano, porque hasta hoy no existe ninguna otra intenci\u00f3n de intervenir militarmente en M\u00e9xico que las intenciones de&nbsp;<strong>Trump<\/strong>&nbsp;contra c\u00e1rteles mexicanos.<\/p>\n\n\n\n<p class=\"wp-block-paragraph\">Es decir: la obviedad nos indica que en su largo video&nbsp;<strong>AMLO<\/strong>&nbsp;exhibe lo que considera graves riesgos de viabilidad para&nbsp;<strong><em>su 4T<\/em><\/strong>, un proyecto que hoy mal administra, con el estallido de muchas deficiencias, su heredera&nbsp;<strong>Claudia Sheinbaum<\/strong>.<\/p>\n\n\n\n<p class=\"wp-block-paragraph\">Todo lo dem\u00e1s del video es&nbsp;<strong><em>choro mareador<\/em><\/strong>, una serie de cuestiones hist\u00f3ricas que ya ni vale la pena se\u00f1alar.<\/p>\n\n\n\n<p class=\"wp-block-paragraph\"><strong>C\u00e1rdenas ve un pa\u00eds y un gobierno fracasados<\/strong><\/p>\n\n\n\n<p class=\"wp-block-paragraph\">Coincidentemente,&nbsp;<strong>Cuauht\u00e9moc C\u00e1rdenas<\/strong>&nbsp;-padre del movimiento de transici\u00f3n democr\u00e1tica de los \u00faltimos 35 a\u00f1os que hizo posible el gobierno de&nbsp;<strong>Andr\u00e9s Manuel L\u00f3pez Obrador<\/strong>-, presidi\u00f3 la noche del jueves pasado, en la hist\u00f3rica Prepa 1 de Justo Sierra, una mesa en que se present\u00f3 el \u00faltimo libro coordinado por<strong>&nbsp;Porfirio Mu\u00f1oz Ledo<\/strong>, bajo el t\u00edtulo de: \u201cCamino a la nueva Rep\u00fablica\u201d.<\/p>\n\n\n\n<p class=\"wp-block-paragraph\"><strong>C\u00e1rdenas<\/strong>&nbsp;record\u00f3 c\u00e1lidamente su encuentro y amistad, asociaci\u00f3n ideol\u00f3gica y pol\u00edtica con&nbsp;<strong>Porfirio Mu\u00f1oz Ledo<\/strong>&nbsp;a quien reconoci\u00f3 haberle dado sustento program\u00e1tico primero a la corriente democr\u00e1tica con la que un grupo importante se separ\u00f3 del PRI en 1987-88, y con la cual arranc\u00f3 el&nbsp;<strong>Frente Democr\u00e1tico Nacional, <\/strong>y luego la creaci\u00f3n del PRD.<\/p>\n\n\n\n<p class=\"wp-block-paragraph\">Ah\u00ed C\u00e1rdenas reconoci\u00f3 que su participaci\u00f3n en este largo proceso democr\u00e1tico concluye ahora en una administraci\u00f3n (la de la 4T de&nbsp;<strong>AMLO<\/strong>&nbsp;y&nbsp;<strong>Claudia Sheinbaum<\/strong>) que enfrenta pr\u00e1cticamente un fracaso en sus pol\u00edticas de Salud, Educaci\u00f3n y Econom\u00eda, sin darle salida a una reforma fiscal, hacendaria o como se llame, dijo, que de posibilidades de recaudaci\u00f3n para que el Gobierno asegure un crecimiento con bienestar y empleo para su poblaci\u00f3n.<\/p>\n\n\n\n<p class=\"wp-block-paragraph\">Pero sobre todo, dijo, a este Gobierno le hace falta escuchar, atender y dialogar con cr\u00edticos e inconformes que brotan todos los d\u00edas por todo el pa\u00eds y en todos los niveles, y as\u00ed incorporarlos a las soluciones que requiere la viabilidad del pa\u00eds.<\/p>\n\n\n\n<p class=\"wp-block-paragraph\">Hay que recordar que su primog\u00e9nito&nbsp;<strong>L\u00e1zaro C\u00e1rdenas<\/strong>&nbsp;es el jefe de la Oficina presidencial de Claudia Sheinbaum y virtual jefe de asesores de la mandataria, por lo que la primera critica es a su hijo. &nbsp;&nbsp;<\/p>\n\n\n\n<p class=\"wp-block-paragraph\"><strong>El ojo p\u00fablico y pol\u00edtico esta semana en el Senado<\/strong><\/p>\n\n\n\n<p class=\"wp-block-paragraph\">La designaci\u00f3n del nuevo fiscal general -que sustituir\u00e1 al reacio dimitente <strong>Alejandro Gertz Manero<\/strong>&#8211; a ser\u00e1 sin duda la atracci\u00f3n de los sectores interesados en el Senado.<\/p>\n\n\n\n<p class=\"wp-block-paragraph\">Una mayor\u00eda ve que este engorroso y muy atropellado proceso s\u00f3lo servir\u00e1 para ratificar a&nbsp;<strong>Ernestina Godoy<\/strong>&nbsp;en ese cargo. Morena y aliados tienen los votos suficientes para garantizarlo.<\/p>\n\n\n\n<p class=\"wp-block-paragraph\">Twitter: @_Vizcaino \/ Facebook<\/p>\n\n\n\n<p class=\"wp-block-paragraph\">\/&nbsp;<a href=\"https:\/\/www.facebook.com\/rvizcainoa\" target=\"_blank\" rel=\"noreferrer noopener\">https:\/\/www.facebook.com\/rvizcainoa<\/a><\/p>\n","protected":false},"excerpt":{"rendered":"<p>Roberto Vizca\u00edno SemM\u00e9xico, Ciudad de M\u00e9xico, 1 de diciembre, 2025.- En un largo video de 50 minutos circulado profusamente en redes sociales desde el fin de la semana, el expresidente&nbsp;Andr\u00e9s Manuel L\u00f3pez Obrador&nbsp;se dirige por primera vez a la poblaci\u00f3n mexicana para pedir vehementemente apoyo para su sucesora y advertir que el pa\u00eds enfrenta 3 [&hellip;]<\/p>\n","protected":false},"author":3,"featured_media":39589,"comment_status":"open","ping_status":"open","sticky":false,"template":"","format":"standard","meta":{"_monsterinsights_skip_tracking":false,"footnotes":""},"categories":[35,623,622],"tags":[],"class_list":["post-100939","post","type-post","status-publish","format-standard","has-post-thumbnail","category-opinion","category-roberto-vizcaino","category-tras-la-puerta-del-poder"],"_links":{"self":[{"href":"https:\/\/redsemlac.com\/semmexico\/wp-json\/wp\/v2\/posts\/100939","targetHints":{"allow":["GET"]}}],"collection":[{"href":"https:\/\/redsemlac.com\/semmexico\/wp-json\/wp\/v2\/posts"}],"about":[{"href":"https:\/\/redsemlac.com\/semmexico\/wp-json\/wp\/v2\/types\/post"}],"author":[{"embeddable":true,"href":"https:\/\/redsemlac.com\/semmexico\/wp-json\/wp\/v2\/users\/3"}],"replies":[{"embeddable":true,"href":"https:\/\/redsemlac.com\/semmexico\/wp-json\/wp\/v2\/comments?post=100939"}],"version-history":[{"count":0,"href":"https:\/\/redsemlac.com\/semmexico\/wp-json\/wp\/v2\/posts\/100939\/revisions"}],"wp:featuredmedia":[{"embeddable":true,"href":"https:\/\/redsemlac.com\/semmexico\/wp-json\/wp\/v2\/media\/39589"}],"wp:attachment":[{"href":"https:\/\/redsemlac.com\/semmexico\/wp-json\/wp\/v2\/media?parent=100939"}],"wp:term":[{"taxonomy":"category","embeddable":true,"href":"https:\/\/redsemlac.com\/semmexico\/wp-json\/wp\/v2\/categories?post=100939"},{"taxonomy":"post_tag","embeddable":true,"href":"https:\/\/redsemlac.com\/semmexico\/wp-json\/wp\/v2\/tags?post=100939"}],"curies":[{"name":"wp","href":"https:\/\/api.w.org\/{rel}","templated":true}]}}