{"id":100917,"date":"2025-11-30T13:19:49","date_gmt":"2025-11-30T19:19:49","guid":{"rendered":"https:\/\/redsemlac.com\/semmexico\/?p=100917"},"modified":"2025-11-30T13:19:49","modified_gmt":"2025-11-30T19:19:49","slug":"tambien-presenta-el-eclipse-ofrecera-cuatro-funciones-con-entrada-gratuita-en-el-auditorio-del-muac-del-4-al-7-de-diciembre","status":"publish","type":"post","link":"https:\/\/redsemlac.com\/semmexico\/tambien-presenta-el-eclipse-ofrecera-cuatro-funciones-con-entrada-gratuita-en-el-auditorio-del-muac-del-4-al-7-de-diciembre\/","title":{"rendered":"Tambi\u00e9n presenta\u00a0El eclipse; ofrecer\u00e1 cuatro funciones con entrada gratuita en el auditorio del MUAC, del 4 al 7 de diciembre"},"content":{"rendered":"\n<p class=\"wp-block-paragraph\">SemM\u00e9xico, Ciudad de M\u00e9xico, 30 de noviembre, 2025.- Teatro UNAM&nbsp;se suma al&nbsp;25N: D\u00eda Internacional para la Eliminaci\u00f3n de la Violencia contra las Mujeres y las Ni\u00f1as&nbsp;y a la campa\u00f1a de 16 d\u00edas de activismo impulsados por la ONU desde 1999, con dos propuestas esc\u00e9nicas que dialogan con las violencias que enfrentan mujeres y ni\u00f1as:&nbsp;<em>Prendida de las l\u00e1mparas,<\/em>&nbsp;una coproducci\u00f3n con la Compa\u00f1\u00eda Nacional de Teatro (INBAL); y&nbsp;<em>El eclipse<\/em>, una producci\u00f3n de Teatro UNAM que regresa por tercera ocasi\u00f3n a espacios universitarios. Ambas obras buscan generar reflexi\u00f3n, memoria y acci\u00f3n colectiva desde el lenguaje teatral.<\/p>\n\n\n\n<p class=\"wp-block-paragraph\">En el marco del 25N la Universidad Nacional Aut\u00f3noma de M\u00e9xico (UNAM), a trav\u00e9s de la Coordinaci\u00f3n para la Igualdad de G\u00e9nero (CIGU), convoca a la comunidad universitaria y al p\u00fablico general a participar en actividades orientadas por un enfoque interseccional, comunitario y de derechos humanos.<\/p>\n\n\n\n<p class=\"wp-block-paragraph\">Este a\u00f1o, la jornada se articula en torno a tres ejes: prevenci\u00f3n de la violencia digital, prevenci\u00f3n de las violencias por razones de g\u00e9nero y violencia feminicida, en di\u00e1logo con el contexto del A\u00f1o de la Mujer Ind\u00edgena (2025).<\/p>\n\n\n\n<figure class=\"wp-block-image size-large\"><a href=\"https:\/\/redsemlac.com\/semmexico\/wp-content\/uploads\/2025\/11\/teatro-unam-16-dias-02.jpg\"><img loading=\"lazy\" decoding=\"async\" width=\"819\" height=\"1024\" src=\"https:\/\/redsemlac.com\/semmexico\/wp-content\/uploads\/2025\/11\/teatro-unam-16-dias-02-819x1024.jpg\" alt=\"\" class=\"wp-image-100919\" srcset=\"https:\/\/redsemlac.com\/semmexico\/wp-content\/uploads\/2025\/11\/teatro-unam-16-dias-02-819x1024.jpg 819w, https:\/\/redsemlac.com\/semmexico\/wp-content\/uploads\/2025\/11\/teatro-unam-16-dias-02-240x300.jpg 240w, https:\/\/redsemlac.com\/semmexico\/wp-content\/uploads\/2025\/11\/teatro-unam-16-dias-02-768x960.jpg 768w, https:\/\/redsemlac.com\/semmexico\/wp-content\/uploads\/2025\/11\/teatro-unam-16-dias-02-1229x1536.jpg 1229w, https:\/\/redsemlac.com\/semmexico\/wp-content\/uploads\/2025\/11\/teatro-unam-16-dias-02-150x188.jpg 150w, https:\/\/redsemlac.com\/semmexico\/wp-content\/uploads\/2025\/11\/teatro-unam-16-dias-02-300x375.jpg 300w, https:\/\/redsemlac.com\/semmexico\/wp-content\/uploads\/2025\/11\/teatro-unam-16-dias-02-696x870.jpg 696w, https:\/\/redsemlac.com\/semmexico\/wp-content\/uploads\/2025\/11\/teatro-unam-16-dias-02-1068x1335.jpg 1068w, https:\/\/redsemlac.com\/semmexico\/wp-content\/uploads\/2025\/11\/teatro-unam-16-dias-02.jpg 1575w\" sizes=\"auto, (max-width: 819px) 100vw, 819px\" \/><\/a><\/figure>\n\n\n\n<p class=\"wp-block-paragraph\"><em>Prendida de las l\u00e1mparas<\/em>, escrita por&nbsp;Elena Guiochins&nbsp;y dirigida por&nbsp;Mariana Garc\u00eda Franco, profundiza en las desigualdades y violencias que atraviesan la vida de las mujeres a partir de la figura de Rosario Castellanos. La dramaturgia entrelaza textos de Guiochins con la poes\u00eda de Castellanos, creando un territorio esc\u00e9nico que ilumina su pensamiento cr\u00edtico sobre las desigualdades de g\u00e9nero, clase y origen \u00e9tnico.<\/p>\n\n\n\n<p class=\"wp-block-paragraph\">La puesta en escena, interpretada por Luisa Huertas, Dulce Mariel y Ana Karen Peraza, convoca la memoria, la palabra y la presencia de una de las voces m\u00e1s significativas de la literatura mexicana. Su propuesta esc\u00e9nica dialoga con los principios del 25N, al volver contempor\u00e1neas las luchas hist\u00f3ricas por justicia, dignidad y reconocimiento de las mujeres y, en especial, de aquellas pertenecientes a pueblos originarios.<\/p>\n\n\n\n<figure class=\"wp-block-image size-large\"><a href=\"https:\/\/redsemlac.com\/semmexico\/wp-content\/uploads\/2025\/11\/teatro-unam-16-dias-03.jpg\"><img loading=\"lazy\" decoding=\"async\" width=\"1024\" height=\"768\" src=\"https:\/\/redsemlac.com\/semmexico\/wp-content\/uploads\/2025\/11\/teatro-unam-16-dias-03-1024x768.jpg\" alt=\"\" class=\"wp-image-100920\" srcset=\"https:\/\/redsemlac.com\/semmexico\/wp-content\/uploads\/2025\/11\/teatro-unam-16-dias-03-1024x768.jpg 1024w, https:\/\/redsemlac.com\/semmexico\/wp-content\/uploads\/2025\/11\/teatro-unam-16-dias-03-300x225.jpg 300w, https:\/\/redsemlac.com\/semmexico\/wp-content\/uploads\/2025\/11\/teatro-unam-16-dias-03-768x576.jpg 768w, https:\/\/redsemlac.com\/semmexico\/wp-content\/uploads\/2025\/11\/teatro-unam-16-dias-03-150x113.jpg 150w, https:\/\/redsemlac.com\/semmexico\/wp-content\/uploads\/2025\/11\/teatro-unam-16-dias-03-696x522.jpg 696w, https:\/\/redsemlac.com\/semmexico\/wp-content\/uploads\/2025\/11\/teatro-unam-16-dias-03-1068x801.jpg 1068w, https:\/\/redsemlac.com\/semmexico\/wp-content\/uploads\/2025\/11\/teatro-unam-16-dias-03.jpg 1080w\" sizes=\"auto, (max-width: 1024px) 100vw, 1024px\" \/><\/a><\/figure>\n\n\n\n<p class=\"wp-block-paragraph\">En esta ocasi\u00f3n&nbsp;<em>Prendida de las l\u00e1mparas<\/em>, coproducci\u00f3n de Teatro UNAM y la Compa\u00f1\u00eda Nacional de Teatro, lleva a cabo presentaciones&nbsp;hasta el 14 de diciembre, en el Teatro del Bosque, Julio Castillo, del Centro Cultural del Bosque (Av. Paseo de la Reforma y Campo Marte, Polanco Chapultepec) con funciones s\u00e1bados y domingos a las&nbsp;12:30 pm. Los boletos tienen un precio de $150 pesos con 50% de descuento a maestros y estudiantes, 75% a beneficiarios del INAPAM.<\/p>\n\n\n\n<p class=\"wp-block-paragraph\">Por su parte,&nbsp;<em>El eclipse<\/em>&nbsp;de&nbsp;Carlos Olmos, adaptada por Jimena Eme V\u00e1zquez y dirigida por Gina Botello, aborda las violencias simb\u00f3licas, espirituales y relacionales que atraviesa una familia.<\/p>\n\n\n\n<p class=\"wp-block-paragraph\">A trav\u00e9s de la historia de Elia, una mujer que intenta liberarse de un sistema patriarcal religioso para entrar a otro que reproduce control y sumisi\u00f3n, la obra expone c\u00f3mo las violencias pueden transformarse sin desaparecer cuando no existen autonom\u00eda ni redes de apoyo.<\/p>\n\n\n\n<p class=\"wp-block-paragraph\">Situada en una playa chiapaneca en los a\u00f1os noventa, la pieza retrata a una familia marcada por el luto y la b\u00fasqueda de sentido en las horas previas a un eclipse solar.<\/p>\n\n\n\n<p class=\"wp-block-paragraph\">Con un elenco conformado por Gabriela N\u00fa\u00f1ez, Carolina Contreras, Sol S\u00e1nchez y Ren\u00e9e Sabina, y la incorporaci\u00f3n de Alejandro Romero y Luis Javier Morales, la obra revela tensiones generacionales, silencios y rupturas que dialogan con los ejes del 25N.<\/p>\n\n\n\n<p class=\"wp-block-paragraph\">Fiel al sello de Caracola Producciones, en escena se hace uso de teatro de sombras, objetos, miniaturas, manipulaci\u00f3n directa, multimedia y&nbsp;<em>stop motion<\/em>.&nbsp;<em>El eclipse<\/em>&nbsp;tendr\u00e1 funcionesdel jueves 4 al domingo 7 de diciembre,&nbsp;a las&nbsp;6pm, y volver\u00e1 del 15 al 25 de enero de 2026, en el&nbsp;Auditorio del Museo Universitario Arte Contempor\u00e1neo&nbsp;(MUAC), en el Centro Cultural Universitario (Insurgentes Sur 3000). La entrada ser\u00e1 gratuita hasta completar el aforo.<\/p>\n\n\n\n<p class=\"wp-block-paragraph\">Ambas propuestas dialogan con los ejes de la jornada universitaria y abren un espacio de encuentro para pensar, desde la escena, en los mecanismos que sostienen la violencia y en la necesidad urgente de transformarlos. Por lo que se invita a las y los &nbsp;espectadores a este esfuerzo colectivo por un entorno universitario y social libre de violencia.<\/p>\n\n\n\n<p class=\"wp-block-paragraph\">La programaci\u00f3n completa de actividades por el 25N puede consultarse en el sitio de la CIGU:&nbsp;<a href=\"https:\/\/lt.mydplr.com\/a58f0e199c3e8066c2b3454b31b36bbe-1f70aa1de0a1dd3972d89160867c4029\" target=\"_blank\" rel=\"noreferrer noopener\">https:\/\/coordinaciongenero.unam.mx\/actividades-25n-2025\/<\/a><\/p>\n\n\n\n<p class=\"wp-block-paragraph\"><\/p>\n","protected":false},"excerpt":{"rendered":"<p>SemM\u00e9xico, Ciudad de M\u00e9xico, 30 de noviembre, 2025.- Teatro UNAM&nbsp;se suma al&nbsp;25N: D\u00eda Internacional para la Eliminaci\u00f3n de la Violencia contra las Mujeres y las Ni\u00f1as&nbsp;y a la campa\u00f1a de 16 d\u00edas de activismo impulsados por la ONU desde 1999, con dos propuestas esc\u00e9nicas que dialogan con las violencias que enfrentan mujeres y ni\u00f1as:&nbsp;Prendida de [&hellip;]<\/p>\n","protected":false},"author":3,"featured_media":100918,"comment_status":"open","ping_status":"open","sticky":false,"template":"","format":"standard","meta":{"_monsterinsights_skip_tracking":false,"footnotes":""},"categories":[626,28,27],"tags":[],"class_list":["post-100917","post","type-post","status-publish","format-standard","has-post-thumbnail","category-16-dias","category-16-dias-de-activismo","category-cobertura-especial"],"_links":{"self":[{"href":"https:\/\/redsemlac.com\/semmexico\/wp-json\/wp\/v2\/posts\/100917","targetHints":{"allow":["GET"]}}],"collection":[{"href":"https:\/\/redsemlac.com\/semmexico\/wp-json\/wp\/v2\/posts"}],"about":[{"href":"https:\/\/redsemlac.com\/semmexico\/wp-json\/wp\/v2\/types\/post"}],"author":[{"embeddable":true,"href":"https:\/\/redsemlac.com\/semmexico\/wp-json\/wp\/v2\/users\/3"}],"replies":[{"embeddable":true,"href":"https:\/\/redsemlac.com\/semmexico\/wp-json\/wp\/v2\/comments?post=100917"}],"version-history":[{"count":0,"href":"https:\/\/redsemlac.com\/semmexico\/wp-json\/wp\/v2\/posts\/100917\/revisions"}],"wp:featuredmedia":[{"embeddable":true,"href":"https:\/\/redsemlac.com\/semmexico\/wp-json\/wp\/v2\/media\/100918"}],"wp:attachment":[{"href":"https:\/\/redsemlac.com\/semmexico\/wp-json\/wp\/v2\/media?parent=100917"}],"wp:term":[{"taxonomy":"category","embeddable":true,"href":"https:\/\/redsemlac.com\/semmexico\/wp-json\/wp\/v2\/categories?post=100917"},{"taxonomy":"post_tag","embeddable":true,"href":"https:\/\/redsemlac.com\/semmexico\/wp-json\/wp\/v2\/tags?post=100917"}],"curies":[{"name":"wp","href":"https:\/\/api.w.org\/{rel}","templated":true}]}}