{"id":100888,"date":"2025-11-26T15:34:12","date_gmt":"2025-11-26T21:34:12","guid":{"rendered":"https:\/\/redsemlac.com\/semmexico\/?p=100888"},"modified":"2025-11-26T15:34:13","modified_gmt":"2025-11-26T21:34:13","slug":"entre-criticas-a-violentadores-diputadas-conmemoran-dia-para-eliminar-la-violencia-contra-mujeres","status":"publish","type":"post","link":"https:\/\/redsemlac.com\/semmexico\/entre-criticas-a-violentadores-diputadas-conmemoran-dia-para-eliminar-la-violencia-contra-mujeres\/","title":{"rendered":"Entre cr\u00edticas a violentadores, diputadas conmemoran D\u00eda para eliminar la violencia contra mujeres"},"content":{"rendered":"\n<p class=\"wp-block-paragraph\">Del Partido Verde, Karina Alejandra Trujillo, lament\u00f3 datos como que diariamente nueve mujeres son privadas de la vida&nbsp;\/&nbsp;Foto: Laura Lovera \/ El Sol de M\u00e9xico<\/p>\n\n\n\n<p class=\"wp-block-paragraph\">Diputadas de oposici\u00f3n se lanzaron contra el diputado Cuauht\u00e9moc Blanco y el senador Gerardo Fern\u00e1ndez Noro\u00f1a, a quienes calificaron como violentadores<\/p>\n\n\n\n<p class=\"wp-block-paragraph\">Atzayacatl Cabrera<\/p>\n\n\n\n<p class=\"wp-block-paragraph\">SemM\u00e9xico \/ El Sol de M\u00e9xico, Cd. de M\u00e9xico, 26 de noviembre, 2025.- A pesar de tener&nbsp;consignas diferentes&nbsp;por sus&nbsp;posturas pol\u00edticas,&nbsp;ocho diputadas federales se adue\u00f1aron de la tribuna de la&nbsp;C\u00e1mara de Diputados&nbsp;para conmemora el&nbsp;D\u00eda Internacional&nbsp;de la&nbsp;Eliminaci\u00f3n de la Violencia contra las Mujeres.<\/p>\n\n\n\n<p class=\"wp-block-paragraph\">En el&nbsp;marco del 25 de noviembre, d\u00eda en el que se conmemora la&nbsp;erradicaci\u00f3n de todos los tipos de violencia&nbsp;contra las mujeres, y el comienzo de los 16 d\u00edas de activismo,&nbsp; legisladoras de cada&nbsp;partido pol\u00edtico de la C\u00e1mara&nbsp;lanzaron&nbsp;condenas en\u00e9rgicas&nbsp;sobre el contexto que&nbsp;viven las mujeres&nbsp;y los retos para abatir la violencia.<\/p>\n\n\n\n<p class=\"wp-block-paragraph\">Anayeli Mu\u00f1oz, de&nbsp;Movimiento Ciudadano&nbsp;reivindic\u00f3 la&nbsp;lucha de mujeres chilenas, que posteriormente se propag\u00f3 por el mundo, para&nbsp;hacer frente a la violencia contra las mujeres. Sin embargo, critic\u00f3 que dicha lucha no ha sido congruente en la&nbsp;C\u00e1mara de Diputados, en donde, acus\u00f3, se protege a presuntos violentadores como el morenista Cuauht\u00e9moc Blanco.<\/p>\n\n\n\n<p class=\"wp-block-paragraph\">Por su parte, la&nbsp;priista Xitlalic Ceja&nbsp;y la&nbsp;panista Eva Mar\u00eda V\u00e1squez&nbsp;-cada una en su turno-&nbsp;criticaron al senador Gerardo Fern\u00e1ndez Noro\u00f1a&nbsp;quien este martes, durante la sesi\u00f3n de la&nbsp;C\u00e1mara de Senadores, lanz\u00f3 cr\u00edticas contra&nbsp;Grecia Quiroz, alcaldesa de Uruapan y viuda de Carlos Manzo.<\/p>\n\n\n\n<p class=\"wp-block-paragraph\">Ambas diputadas criticaron lo que calificaron como violencia pol\u00edtica de g\u00e9nero por parte de&nbsp;Fern\u00e1ndez Noro\u00f1a contra Grecia Quiroz&nbsp;y advirtieron que la&nbsp;presencia de personajes&nbsp;como el expresidente del&nbsp;Senado en la 4T es una incongruencia.<\/p>\n\n\n\n<p class=\"wp-block-paragraph\">Ceja Garc\u00eda se lanz\u00f3, adem\u00e1s, contra el oficialismo,&nbsp;por \u201cregatear\u201d el presupuesto destinado a las mujeres&nbsp;y advirti\u00f3 que las fiscal\u00edas en&nbsp;materia de g\u00e9nero&nbsp;tambi\u00e9n mantienen carencias.<\/p>\n\n\n\n<p class=\"wp-block-paragraph\">V\u00e1squez Hern\u00e1ndez&nbsp;dijo que las estad\u00edsticas se\u00f1alan que en&nbsp;M\u00e9xico siete de cada 10 mujeres son violentadas, lo que en otras palabras quiere decir que m\u00e1s de&nbsp;176 diputadas&nbsp;-de las 252 que forman parte de la C\u00e1mara- han sido violentadas.<\/p>\n\n\n\n<p class=\"wp-block-paragraph\">Sin embargo, subray\u00f3 que la&nbsp;violencia contra las mujeres&nbsp;no se define en estad\u00edsticas, sino que es un pesar que carga M\u00e9xico, un pa\u00eds que calific\u00f3 como indigno hasta las mujeres puedan vivir sin miedo.<\/p>\n\n\n\n<p class=\"wp-block-paragraph\">En contraste, las&nbsp;petistas Vanessa L\u00f3pez y Yordana Garay&nbsp;lanzaron reconocimiento al movimiento de la 4T y en particular a la&nbsp;presidenta Claudia Sheinbaum, la primera mujer en gobernar M\u00e9xico, de quien reconocieron su&nbsp;compromiso para con las mujeres y las ni\u00f1as.<\/p>\n\n\n\n<p class=\"wp-block-paragraph\">Del Partido Verde,&nbsp;Karina Alejandra Trujillo, lament\u00f3 datos como que&nbsp;diariamente nueve mujeres son privadas de la vida, pero destac\u00f3 acciones y pol\u00edticas en&nbsp;materia de g\u00e9nero para acabar con los feminicidios.<\/p>\n\n\n\n<p class=\"wp-block-paragraph\">Tambi\u00e9n, las morenistas Karina Margarita del R\u00edo y Mar\u00eda de Jes\u00fas Rosete, enfatizaron que actualmente&nbsp;hay retos como la violencia digital,&nbsp;pero destacaron avances como la paridad legislativa que ha impulsado una agenda de g\u00e9nero sin precedentes.<\/p>\n\n\n\n<p class=\"wp-block-paragraph\"><a href=\"https:\/\/oem.com.mx\/elsoldemexico\/analisis\/autor\/atzayacatl-cabrera-1258\"><strong>Atzayacatl&nbsp;Cabrera<\/strong><strong><\/strong><\/a><\/p>\n\n\n\n<p class=\"wp-block-paragraph\">Poeta y periodista que navega entre versos y datos duros. Reportero de Presidencia; tambi\u00e9n le sigo los pasos al Legislativo.<\/p>\n\n\n\n<p class=\"wp-block-paragraph\"><\/p>\n","protected":false},"excerpt":{"rendered":"<p>Del Partido Verde, Karina Alejandra Trujillo, lament\u00f3 datos como que diariamente nueve mujeres son privadas de la vida&nbsp;\/&nbsp;Foto: Laura Lovera \/ El Sol de M\u00e9xico Diputadas de oposici\u00f3n se lanzaron contra el diputado Cuauht\u00e9moc Blanco y el senador Gerardo Fern\u00e1ndez Noro\u00f1a, a quienes calificaron como violentadores Atzayacatl Cabrera SemM\u00e9xico \/ El Sol de M\u00e9xico, Cd. [&hellip;]<\/p>\n","protected":false},"author":3,"featured_media":100889,"comment_status":"open","ping_status":"open","sticky":false,"template":"","format":"standard","meta":{"_monsterinsights_skip_tracking":false,"footnotes":""},"categories":[28],"tags":[],"class_list":["post-100888","post","type-post","status-publish","format-standard","has-post-thumbnail","category-16-dias-de-activismo"],"_links":{"self":[{"href":"https:\/\/redsemlac.com\/semmexico\/wp-json\/wp\/v2\/posts\/100888","targetHints":{"allow":["GET"]}}],"collection":[{"href":"https:\/\/redsemlac.com\/semmexico\/wp-json\/wp\/v2\/posts"}],"about":[{"href":"https:\/\/redsemlac.com\/semmexico\/wp-json\/wp\/v2\/types\/post"}],"author":[{"embeddable":true,"href":"https:\/\/redsemlac.com\/semmexico\/wp-json\/wp\/v2\/users\/3"}],"replies":[{"embeddable":true,"href":"https:\/\/redsemlac.com\/semmexico\/wp-json\/wp\/v2\/comments?post=100888"}],"version-history":[{"count":0,"href":"https:\/\/redsemlac.com\/semmexico\/wp-json\/wp\/v2\/posts\/100888\/revisions"}],"wp:featuredmedia":[{"embeddable":true,"href":"https:\/\/redsemlac.com\/semmexico\/wp-json\/wp\/v2\/media\/100889"}],"wp:attachment":[{"href":"https:\/\/redsemlac.com\/semmexico\/wp-json\/wp\/v2\/media?parent=100888"}],"wp:term":[{"taxonomy":"category","embeddable":true,"href":"https:\/\/redsemlac.com\/semmexico\/wp-json\/wp\/v2\/categories?post=100888"},{"taxonomy":"post_tag","embeddable":true,"href":"https:\/\/redsemlac.com\/semmexico\/wp-json\/wp\/v2\/tags?post=100888"}],"curies":[{"name":"wp","href":"https:\/\/api.w.org\/{rel}","templated":true}]}}