{"id":100798,"date":"2025-11-25T17:37:24","date_gmt":"2025-11-25T23:37:24","guid":{"rendered":"https:\/\/redsemlac.com\/semmexico\/?p=100798"},"modified":"2025-11-25T17:37:25","modified_gmt":"2025-11-25T23:37:25","slug":"zonas-como-la-condesa-roma-y-alrededores-de-la-estela-de-luz-registraron-mas-de-15-carpetas-de-investigacion-por-ese-delito","status":"publish","type":"post","link":"https:\/\/redsemlac.com\/semmexico\/zonas-como-la-condesa-roma-y-alrededores-de-la-estela-de-luz-registraron-mas-de-15-carpetas-de-investigacion-por-ese-delito\/","title":{"rendered":"Zonas como la Condesa, Roma y alrededores de la Estela de Luz registraron m\u00e1s de 15 carpetas de investigaci\u00f3n por ese delito"},"content":{"rendered":"\n<p class=\"wp-block-paragraph\">En 2024, m\u00e1s de 184 mujeres que transitaron por Paseo de la Reforma y el Centro Hist\u00f3rico fueron acosadas.&nbsp;\/&nbsp;Ilustraci\u00f3n: Jaqueline Bautista<\/p>\n\n\n\n<p class=\"wp-block-paragraph\">Gloria L\u00f3pez<\/p>\n\n\n\n<p class=\"wp-block-paragraph\">SemM\u00e9xico \/ El Sol de M\u00e9xico, Cd. de M\u00e9xico, 25 de noviembre, 2025.- Valeria Hern\u00e1ndez y Karina Dom\u00ednguez fueron v\u00edctimas de acoso sexual. Ambas forman parte de las&nbsp;m\u00e1s de 184 mujeres que en 2024 transitaron por Paseo de la Reforma y el Centro Hist\u00f3rico que tambi\u00e9n fueron acosadas.<\/p>\n\n\n\n<p class=\"wp-block-paragraph\">De acuerdo con un mapa elaborado con datos p\u00fablicos de la Fiscal\u00eda General de Justicia de la Ciudad de M\u00e9xico FGCDMX&nbsp;por&nbsp;Mercedes Roc\u00edo S\u00e1nchez Plascencia, ge\u00f3grafa de la Universidad Nacional Aut\u00f3noma de M\u00e9xico (UNAM),&nbsp;del 2 de enero al 31 de julio de 2024, el 19.7 por ciento de las denuncias por esos delitos ocurrieron en el corredor Paseo de la Reforma y Centro Hist\u00f3rico.<\/p>\n\n\n\n<p class=\"wp-block-paragraph\">El documento se\u00f1ala que&nbsp;se abrieron 933 carpetas de investigaci\u00f3n en la CDMx,&nbsp;184 de ellas ocurrieron en las zonas mencionadas.<\/p>\n\n\n\n<p class=\"wp-block-paragraph\">\u201cLa mayor\u00eda de los delitos de acoso sexual se ubican en el centro de la Ciudad de M\u00e9xico, espec\u00edficamente en los corredores donde hay m\u00e1s oficinas.&nbsp;Desde la Estela de Luz, sobre Reforma, hasta la parte centro, es donde hay mayor n\u00famero carpetas\u201d, subray\u00f3.<\/p>\n\n\n\n<p class=\"wp-block-paragraph\">Valeria Hern\u00e1ndez, quien fue&nbsp;v\u00edctima de acoso sexual&nbsp;al salir de su trabajo, cerca del Metro Sevilla narr\u00f3 a este diario.<\/p>\n\n\n\n<figure class=\"wp-block-image size-large\"><a href=\"https:\/\/redsemlac.com\/semmexico\/wp-content\/uploads\/2025\/11\/carpeta-de-investigacion-02.jpg\"><img loading=\"lazy\" decoding=\"async\" width=\"1024\" height=\"576\" src=\"https:\/\/redsemlac.com\/semmexico\/wp-content\/uploads\/2025\/11\/carpeta-de-investigacion-02-1024x576.jpg\" alt=\"\" class=\"wp-image-100800\" srcset=\"https:\/\/redsemlac.com\/semmexico\/wp-content\/uploads\/2025\/11\/carpeta-de-investigacion-02-1024x576.jpg 1024w, https:\/\/redsemlac.com\/semmexico\/wp-content\/uploads\/2025\/11\/carpeta-de-investigacion-02-300x169.jpg 300w, https:\/\/redsemlac.com\/semmexico\/wp-content\/uploads\/2025\/11\/carpeta-de-investigacion-02-768x432.jpg 768w, https:\/\/redsemlac.com\/semmexico\/wp-content\/uploads\/2025\/11\/carpeta-de-investigacion-02-150x84.jpg 150w, https:\/\/redsemlac.com\/semmexico\/wp-content\/uploads\/2025\/11\/carpeta-de-investigacion-02-696x392.jpg 696w, https:\/\/redsemlac.com\/semmexico\/wp-content\/uploads\/2025\/11\/carpeta-de-investigacion-02-1068x601.jpg 1068w, https:\/\/redsemlac.com\/semmexico\/wp-content\/uploads\/2025\/11\/carpeta-de-investigacion-02.jpg 1200w\" sizes=\"auto, (max-width: 1024px) 100vw, 1024px\" \/><\/a><\/figure>\n\n\n\n<p class=\"wp-block-paragraph\">En el primer semestre de 2024, el 19.7 por ciento de las denuncias por acoso sexual ocurrieron en el corredor Paseo de la Reforma y Centro Hist\u00f3rico..\u00a0\/\u00a0Foto: Ivonne Rodr\u00edguez \/ El Sol de M\u00e9xico<\/p>\n\n\n\n<p class=\"wp-block-paragraph\">\u201cEra la hora de la salida de la oficina, como las seis de la tarde.&nbsp;Caminaba por la calle Sevilla porque iba hacia la Diana Cazadora&nbsp;para tomar el Metrob\u00fas. De pronto, un hombre se me peg\u00f3 por detr\u00e1s. Al principio pens\u00e9 que s\u00f3lo quer\u00eda rebasar, pero empez\u00f3 a hacer comentarios sobre mi cuerpo, muy bajito, casi al o\u00eddo. Aceler\u00e9 el paso, pero \u00e9l tambi\u00e9n. Cuando volte\u00e9 para decirle que me dejara en paz, se me acerc\u00f3 m\u00e1s y me toc\u00f3 la cintura\u201d, cont\u00f3.&nbsp;<\/p>\n\n\n\n<p class=\"wp-block-paragraph\">A pesar de que la gente pasaba, nadie se detuvo ni se dio cuenta, por lo que la mujer de 34 a\u00f1os, entr\u00f3 a una tienda para que el hombre dejara de seguirla.&nbsp;\u201cMe qued\u00e9 temblando varios minutos. Fue tan r\u00e1pido que ni siquiera pude reaccionar. S\u00f3lo quer\u00eda llegar a mi casa\u201d, record\u00f3<\/p>\n\n\n\n<figure class=\"wp-block-image size-large\"><a href=\"https:\/\/redsemlac.com\/semmexico\/wp-content\/uploads\/2025\/11\/carpeta-de-investigacion-03.jpg\"><img loading=\"lazy\" decoding=\"async\" width=\"1024\" height=\"576\" src=\"https:\/\/redsemlac.com\/semmexico\/wp-content\/uploads\/2025\/11\/carpeta-de-investigacion-03-1024x576.jpg\" alt=\"\" class=\"wp-image-100801\" srcset=\"https:\/\/redsemlac.com\/semmexico\/wp-content\/uploads\/2025\/11\/carpeta-de-investigacion-03-1024x576.jpg 1024w, https:\/\/redsemlac.com\/semmexico\/wp-content\/uploads\/2025\/11\/carpeta-de-investigacion-03-300x169.jpg 300w, https:\/\/redsemlac.com\/semmexico\/wp-content\/uploads\/2025\/11\/carpeta-de-investigacion-03-768x432.jpg 768w, https:\/\/redsemlac.com\/semmexico\/wp-content\/uploads\/2025\/11\/carpeta-de-investigacion-03-150x84.jpg 150w, https:\/\/redsemlac.com\/semmexico\/wp-content\/uploads\/2025\/11\/carpeta-de-investigacion-03-696x392.jpg 696w, https:\/\/redsemlac.com\/semmexico\/wp-content\/uploads\/2025\/11\/carpeta-de-investigacion-03-1068x601.jpg 1068w, https:\/\/redsemlac.com\/semmexico\/wp-content\/uploads\/2025\/11\/carpeta-de-investigacion-03.jpg 1200w\" sizes=\"auto, (max-width: 1024px) 100vw, 1024px\" \/><\/a><\/figure>\n\n\n\n<p class=\"wp-block-paragraph\">Este &nbsp;25 de noviembre, D\u00eda Internacional de la Eliminaci\u00f3n de la Violencia contra las Mujeres, la ge\u00f3grafa de la UNAM explic\u00f3 que le gusta representar&nbsp;la realidad del territorio a trav\u00e9s de un mapa, sobre todo&nbsp;en temas como el acoso o violencia de g\u00e9nero, ya que sirve para visibilizar los espacios donde se presenta m\u00e1s este problema.<\/p>\n\n\n\n<p class=\"wp-block-paragraph\">\u201cLa idea es que&nbsp;a partir de un mapa, un gr\u00e1fico o una imagen, se pueda comunicar y visibilizar lo que se vive en el d\u00eda a d\u00eda. Puede ser relacionado con temas de seguridad, violencia o algo que tenga que ver con lo que vivimos en la ciudad y que beneficie las mujeres o alg\u00fan grupo de la poblaci\u00f3n\u201d, expres\u00f3.<\/p>\n\n\n\n<p class=\"wp-block-paragraph\">Explic\u00f3&nbsp;se centr\u00f3 en el corredor Reforma y centro hist\u00f3rico porque ah\u00ed est\u00e1 la mayor cantidad de agresiones. El lugar se\u00f1ala exactamente donde ocurri\u00f3 el hecho denunciado. En el mapa se observan&nbsp;zonas donde se concentran m\u00e1s carpetas de acoso sexual como la Condesa que registra 17 casos&nbsp;en un solo pol\u00edgono, mientras que&nbsp;en Chapultepec, cerca de la Estela de Luz hubo 16,&nbsp;y&nbsp;la colonia Roma que acumul\u00f3 15.<\/p>\n\n\n\n<p class=\"wp-block-paragraph\">En el caso del&nbsp;Centro Hist\u00f3rico, tambi\u00e9n hay&nbsp;zonas que concentran siete, ocho y hasta 15 carpetas de investigaci\u00f3n.<\/p>\n\n\n\n<p class=\"wp-block-paragraph\">En agosto, Karina Dom\u00ednguez fue a comprar \u00fatiles para sus hijos, sobre la calle Mesones en el Centro Hist\u00f3rico.&nbsp;<\/p>\n\n\n\n<figure class=\"wp-block-image size-large\"><a href=\"https:\/\/redsemlac.com\/semmexico\/wp-content\/uploads\/2025\/11\/carpeta-de-investigacion-04.jpg\"><img loading=\"lazy\" decoding=\"async\" width=\"1024\" height=\"576\" src=\"https:\/\/redsemlac.com\/semmexico\/wp-content\/uploads\/2025\/11\/carpeta-de-investigacion-04-1024x576.jpg\" alt=\"\" class=\"wp-image-100802\" srcset=\"https:\/\/redsemlac.com\/semmexico\/wp-content\/uploads\/2025\/11\/carpeta-de-investigacion-04-1024x576.jpg 1024w, https:\/\/redsemlac.com\/semmexico\/wp-content\/uploads\/2025\/11\/carpeta-de-investigacion-04-300x169.jpg 300w, https:\/\/redsemlac.com\/semmexico\/wp-content\/uploads\/2025\/11\/carpeta-de-investigacion-04-768x432.jpg 768w, https:\/\/redsemlac.com\/semmexico\/wp-content\/uploads\/2025\/11\/carpeta-de-investigacion-04-150x84.jpg 150w, https:\/\/redsemlac.com\/semmexico\/wp-content\/uploads\/2025\/11\/carpeta-de-investigacion-04-696x392.jpg 696w, https:\/\/redsemlac.com\/semmexico\/wp-content\/uploads\/2025\/11\/carpeta-de-investigacion-04-1068x601.jpg 1068w, https:\/\/redsemlac.com\/semmexico\/wp-content\/uploads\/2025\/11\/carpeta-de-investigacion-04.jpg 1200w\" sizes=\"auto, (max-width: 1024px) 100vw, 1024px\" \/><\/a><\/figure>\n\n\n\n<p class=\"wp-block-paragraph\">\u201cEra alrededor de la una de la tarde.&nbsp;<strong>Tra\u00eda varias bolsas con los cuadernos y cosas de papeler\u00eda, cuando un hombre comenz\u00f3 a seguirme<\/strong>&nbsp;entre los puestos. Al principio pens\u00e9 que iba en la misma direcci\u00f3n, pero se acerc\u00f3 demasiado, casi me roz\u00f3 la espalda\u201d, cont\u00f3.<\/p>\n\n\n\n<p class=\"wp-block-paragraph\">Cuando se detuvo frente a un local,&nbsp;<strong>\u00e9l se par\u00f3 junto a ella y le dijo que se le ve\u00eda muy bien el pantal\u00f3n<\/strong>. Aunque la joven trat\u00f3 de ignorarlo, se coloc\u00f3 detr\u00e1s de ella y sinti\u00f3 c\u00f3mo le toc\u00f3 la parte baja de la espalda. \u201cMe mov\u00ed r\u00e1pido, pero<strong>&nbsp;\u00e9l se hizo el sorprendido, como si yo estuviera exagerando<\/strong>. Me dio much\u00edsimo coraje y miedo, porque estaba sola, con cosas en las manos\u201d.<\/p>\n\n\n\n<p class=\"wp-block-paragraph\">Karina esper\u00f3 en una papeler\u00eda para que el hombre se alejara de ella.<strong>&nbsp;Despu\u00e9s de varios minutos, \u00e9l se fue caminando y se perdi\u00f3 entre la gente.&nbsp;<\/strong><\/p>\n\n\n\n<p class=\"wp-block-paragraph\">La autora del mapa resalt\u00f3 que aunque<strong>&nbsp;la base de datos p\u00fablica de la Fiscal\u00eda no especifica si los hechos ocurrieron en v\u00eda p\u00fablica o al interior de inmuebles<\/strong>, la concentraci\u00f3n llama la atenci\u00f3n por su cercan\u00eda con vialidades principales y oficinas.<\/p>\n\n\n\n<p class=\"wp-block-paragraph\">Aclar\u00f3 que por&nbsp;<strong>protecci\u00f3n de datos personales<\/strong>,&nbsp;<strong>la Fiscal\u00eda tampoco comparte informaci\u00f3n como edad, domicilio, detalles del contexto del ataque o si ocurri\u00f3 en espacio abierto o cerrado<\/strong>.<\/p>\n\n\n\n<p class=\"wp-block-paragraph\">\u201cPara m\u00ed, un mapa tiene que revelar algo. En este caso, cuando visualizas los fen\u00f3menos, se hace evidente que<strong>&nbsp;el acoso se concentra en esta zona, donde hay oficinas, transporte, vialidades principales<\/strong>&nbsp;<strong>y una afluencia constante de personas<\/strong>\u201d, agreg\u00f3.<\/p>\n\n\n\n<p class=\"wp-block-paragraph\">Seg\u00fan datos de los&nbsp;<strong>boletines de incidencia delictiva de la Fiscal\u00eda capitalina, a diario cuatro mujeres denuncian acoso sexual en calles de la Ciudad de M\u00e9xico<\/strong>.&nbsp;<strong>De enero a septiembre de 2025 se abrieron mil 194 carpetas de investigaci\u00f3n por este delito.<\/strong><\/p>\n\n\n\n<p class=\"wp-block-paragraph\"><a href=\"https:\/\/oem.com.mx\/elsoldemexico\/analisis\/autor\/gloria-lopez-3562\/app.json\"><\/a><\/p>\n\n\n\n<p class=\"wp-block-paragraph\"><strong><a href=\"https:\/\/oem.com.mx\/elsoldemexico\/analisis\/autor\/gloria-lopez-3562\/app.json\">Gloria&nbsp;L\u00f3pez: <\/a><\/strong>Reportera de la CDMX. Cubro temas de g\u00e9nero, pol\u00edtica, derechos humanos y de la diversidad sexual.<\/p>\n","protected":false},"excerpt":{"rendered":"<p>En 2024, m\u00e1s de 184 mujeres que transitaron por Paseo de la Reforma y el Centro Hist\u00f3rico fueron acosadas.&nbsp;\/&nbsp;Ilustraci\u00f3n: Jaqueline Bautista Gloria L\u00f3pez SemM\u00e9xico \/ El Sol de M\u00e9xico, Cd. de M\u00e9xico, 25 de noviembre, 2025.- Valeria Hern\u00e1ndez y Karina Dom\u00ednguez fueron v\u00edctimas de acoso sexual. Ambas forman parte de las&nbsp;m\u00e1s de 184 mujeres que [&hellip;]<\/p>\n","protected":false},"author":3,"featured_media":100799,"comment_status":"open","ping_status":"open","sticky":false,"template":"","format":"standard","meta":{"_monsterinsights_skip_tracking":false,"footnotes":""},"categories":[1148,27],"tags":[],"class_list":["post-100798","post","type-post","status-publish","format-standard","has-post-thumbnail","category-25n-2025","category-cobertura-especial"],"_links":{"self":[{"href":"https:\/\/redsemlac.com\/semmexico\/wp-json\/wp\/v2\/posts\/100798","targetHints":{"allow":["GET"]}}],"collection":[{"href":"https:\/\/redsemlac.com\/semmexico\/wp-json\/wp\/v2\/posts"}],"about":[{"href":"https:\/\/redsemlac.com\/semmexico\/wp-json\/wp\/v2\/types\/post"}],"author":[{"embeddable":true,"href":"https:\/\/redsemlac.com\/semmexico\/wp-json\/wp\/v2\/users\/3"}],"replies":[{"embeddable":true,"href":"https:\/\/redsemlac.com\/semmexico\/wp-json\/wp\/v2\/comments?post=100798"}],"version-history":[{"count":0,"href":"https:\/\/redsemlac.com\/semmexico\/wp-json\/wp\/v2\/posts\/100798\/revisions"}],"wp:featuredmedia":[{"embeddable":true,"href":"https:\/\/redsemlac.com\/semmexico\/wp-json\/wp\/v2\/media\/100799"}],"wp:attachment":[{"href":"https:\/\/redsemlac.com\/semmexico\/wp-json\/wp\/v2\/media?parent=100798"}],"wp:term":[{"taxonomy":"category","embeddable":true,"href":"https:\/\/redsemlac.com\/semmexico\/wp-json\/wp\/v2\/categories?post=100798"},{"taxonomy":"post_tag","embeddable":true,"href":"https:\/\/redsemlac.com\/semmexico\/wp-json\/wp\/v2\/tags?post=100798"}],"curies":[{"name":"wp","href":"https:\/\/api.w.org\/{rel}","templated":true}]}}