{"id":100786,"date":"2025-11-25T16:28:09","date_gmt":"2025-11-25T22:28:09","guid":{"rendered":"https:\/\/redsemlac.com\/semmexico\/?p=100786"},"modified":"2025-11-25T16:28:09","modified_gmt":"2025-11-25T22:28:09","slug":"america-latina-y-el-caribe-registra-casi-20-000-feminicidios-en-los-ultimos-cinco-anos","status":"publish","type":"post","link":"https:\/\/redsemlac.com\/semmexico\/america-latina-y-el-caribe-registra-casi-20-000-feminicidios-en-los-ultimos-cinco-anos\/","title":{"rendered":"Am\u00e9rica Latina y el Caribe registra casi 20.000 feminicidios en los \u00faltimos cinco a\u00f1os"},"content":{"rendered":"\n<p class=\"wp-block-paragraph\">Manifestaci\u00f3n contra la violencia de g\u00e9nero en Ecuador. Foto de archivo.<\/p>\n\n\n\n<p class=\"wp-block-paragraph\"><strong>Johis Alarc\u00f3n<\/strong><\/p>\n\n\n\n<p class=\"wp-block-paragraph\">SemM\u00e9xico\/ONU Mujeres, Cd. de M\u00e9xico, 25 de noviembre, 2025.- \/Solo en 2024, ocurrieron al menos 3828 feminicidios en la regi\u00f3n. La mayor\u00eda de las muertes violentas de mujeres son perpetradas por las parejas o exparejas de las v\u00edctimas.&nbsp;<\/p>\n\n\n\n<p class=\"wp-block-paragraph\">En los \u00faltimos cinco a\u00f1os, al menos 19.254 fueron v\u00edctimas de feminicidio en Am\u00e9rica Latina y el Caribe, lo que supone 11 muertes violentas cada d\u00eda.<\/p>\n\n\n\n<p class=\"wp-block-paragraph\">As\u00ed lo revelan los datos del Observatorio de Igualdad regional de la Comisi\u00f3n <a href=\"https:\/\/www.cepal.org\/es\" target=\"_blank\" rel=\"noreferrer noopener\">Econ\u00f3mica para Am\u00e9rica Latina y el Caribe<\/a>&nbsp;(<a href=\"https:\/\/www.cepal.org\/es\" target=\"_blank\" rel=\"noreferrer noopener\">CEPAL<\/a>).<\/p>\n\n\n\n<p class=\"wp-block-paragraph\">Solo en 2024, ocurrieron al menos 3828 feminicidios.<\/p>\n\n\n\n<p class=\"wp-block-paragraph\">La mayor\u00eda de las muertes violentas de mujeres son&nbsp;perpetradas por las parejas o exparejas de las v\u00edctimas.<\/p>\n\n\n\n<p class=\"wp-block-paragraph\"><strong>M\u00e1s de 5000 feminicidios frustrados<\/strong><\/p>\n\n\n\n<p class=\"wp-block-paragraph\">La CEPAL subray\u00f3 que no es posible hacer comparaciones regionales debido a que cada a\u00f1o un n\u00famero distinto de pa\u00edses reporta informaci\u00f3n oficial.<\/p>\n\n\n\n<p class=\"wp-block-paragraph\">No obstante, seg\u00fan el organismo, el seguimiento en el tiempo de los datos nacionales muestra con claridad que \u201cla violencia feminicida persiste en la regi\u00f3n y afecta a la vida de miles de mujeres y ni\u00f1as, impacta a las comunidades y limita el desarrollo, la igualdad y la paz en los pa\u00edses\u201d.<\/p>\n\n\n\n<p class=\"wp-block-paragraph\">Adem\u00e1s, indic\u00f3 que el a\u00f1o pasado se documentaron 5502 feminicidios frustrados, lo que confirma la importancia de fortalecer los sistemas de alerta, la valoraci\u00f3n del riesgo de sufrir violencia letal y la respuesta institucional para prevenir todas las formas de violencia feminicida.<\/p>\n\n\n\n<p class=\"wp-block-paragraph\">Tambi\u00e9n subray\u00f3 la importancia de fortalecer el acceso a la justicia y mejorar las respuestas institucionales.<\/p>\n\n\n\n<p class=\"wp-block-paragraph\">Los datos han sido publicados en v\u00edsperas del D\u00eda Internacional de la Eliminaci\u00f3n de la Violencia contra la Mujer, en el marco de la&nbsp;<a href=\"https:\/\/eur02.safelinks.protection.outlook.com\/?url=https%3A%2F%2Fcepal.us12.list-manage.com%2Ftrack%2Fclick%3Fu%3D863aa7e4bbd506a1908b6de03%26id%3De5d6ba3f1b%26e%3D61b7287c31&amp;data=05%7C02%7Cmvictoria.fernandez%40un.org%7C1dc2007cc6394472a85208de2b783c16%7C0f9e35db544f4f60bdcc5ea416e6dc70%7C0%7C0%7C638995992571461471%7CUnknown%7CTWFpbGZsb3d8eyJFbXB0eU1hcGkiOnRydWUsIlYiOiIwLjAuMDAwMCIsIlAiOiJXaW4zMiIsIkFOIjoiTWFpbCIsIldUIjoyfQ%3D%3D%7C0%7C%7C%7C&amp;sdata=95tDi5Xh3Gmla9Pqz0%2FNRs%2BX36i0MQnPlLkw2waKA%2Fo%3D&amp;reserved=0\" target=\"_blank\" rel=\"noreferrer noopener\">Campa\u00f1a \u00daNETE para poner fin a la violencia contra las mujeres<\/a>, que este a\u00f1o se centra en combatir la violencia en l\u00ednea.<\/p>\n\n\n\n<p class=\"wp-block-paragraph\"><strong>M\u00e1s de 80.000 mujeres y ni\u00f1as fueron asesinadas en el mundo<\/strong><\/p>\n\n\n\n<p class=\"wp-block-paragraph\">A nivel global, la cifra de mujeres y ni\u00f1as asesinadas en 2024 asciende a 83.000, seg\u00fan los datos publicados este lunes por la Oficina de las Naciones Unidas contra la Droga y el Delito (<a href=\"http:\/\/www.unodc.org\/unodc\/es\/index.html\" target=\"_blank\" rel=\"noreferrer noopener\">UNODC<\/a>) y&nbsp;<a href=\"http:\/\/www.unwomen.org\/es\" target=\"_blank\" rel=\"noreferrer noopener\">ONU Mujeres<\/a>.<\/p>\n\n\n\n<p class=\"wp-block-paragraph\">De esas v\u00edctimas, el 60%, 50.000 mujeres y ni\u00f1as, fueron asesinadas a manos de parejas \u00edntimas o miembros de la familia, lo que supone 137 personas cada d\u00eda.<\/p>\n\n\n\n<p class=\"wp-block-paragraph\">Las agencias subrayaron que, a pesar de los compromisos globales, no ha habido cambios respecto al a\u00f1o anterior.<\/p>\n\n\n\n<p class=\"wp-block-paragraph\">\u201cLos feminicidios no ocurren de manera aislada. A menudo se sit\u00faan en un continuo de violencia que puede comenzar&nbsp;<strong>con conductas controladoras, amenazas y acoso, incluso en l\u00ednea<\/strong>\u201d, dijo la directora de la Divisi\u00f3n de Pol\u00edticas de ONU Mujeres, Sarah Hendriks.<\/p>\n\n\n\n<p class=\"wp-block-paragraph\">\u201cCada mujer y cada ni\u00f1a tiene el derecho a estar segura en cada parte de su vida, y eso requiere sistemas que intervengan temprano. Para prevenir estos asesinatos, necesitamos la implementaci\u00f3n de leyes que reconozcan c\u00f3mo se manifiesta la violencia a lo largo de la vida de las mujeres y las ni\u00f1as, tanto en l\u00ednea como fuera de ella, y que&nbsp;<strong>hagan rendir cuentas a los perpetradores mucho antes de que se vuelva mortal<\/strong>\u201d, asever\u00f3 la directora.<\/p>\n\n\n\n<p class=\"wp-block-paragraph\">Las mujeres y ni\u00f1as est\u00e1n sometidas a esta forma extrema de violencia en todas las regiones del mundo, se\u00f1alaron las agencias.<\/p>\n\n\n\n<p class=\"wp-block-paragraph\">La segunda tasa m\u00e1s alta de feminicidio por parte de una pareja \u00edntima o miembro de la familia fue en el continente americano, solo superado por la tasa de \u00c1frica.<\/p>\n\n\n\n<p class=\"wp-block-paragraph\">Las agencias advirtieron que la cantidad de datos proporcionada por los pa\u00edses sigue siendo limitada y que mejorar la disponibilidad de datos es vital para evaluar la magnitud y las consecuencias de los feminicidios, apoyar respuestas efectivas y buscar justicia<\/p>\n","protected":false},"excerpt":{"rendered":"<p>Manifestaci\u00f3n contra la violencia de g\u00e9nero en Ecuador. Foto de archivo. Johis Alarc\u00f3n SemM\u00e9xico\/ONU Mujeres, Cd. de M\u00e9xico, 25 de noviembre, 2025.- \/Solo en 2024, ocurrieron al menos 3828 feminicidios en la regi\u00f3n. La mayor\u00eda de las muertes violentas de mujeres son perpetradas por las parejas o exparejas de las v\u00edctimas.&nbsp; En los \u00faltimos cinco [&hellip;]<\/p>\n","protected":false},"author":3,"featured_media":100787,"comment_status":"open","ping_status":"open","sticky":false,"template":"","format":"standard","meta":{"_monsterinsights_skip_tracking":false,"footnotes":""},"categories":[1148,27],"tags":[],"class_list":["post-100786","post","type-post","status-publish","format-standard","has-post-thumbnail","category-25n-2025","category-cobertura-especial"],"_links":{"self":[{"href":"https:\/\/redsemlac.com\/semmexico\/wp-json\/wp\/v2\/posts\/100786","targetHints":{"allow":["GET"]}}],"collection":[{"href":"https:\/\/redsemlac.com\/semmexico\/wp-json\/wp\/v2\/posts"}],"about":[{"href":"https:\/\/redsemlac.com\/semmexico\/wp-json\/wp\/v2\/types\/post"}],"author":[{"embeddable":true,"href":"https:\/\/redsemlac.com\/semmexico\/wp-json\/wp\/v2\/users\/3"}],"replies":[{"embeddable":true,"href":"https:\/\/redsemlac.com\/semmexico\/wp-json\/wp\/v2\/comments?post=100786"}],"version-history":[{"count":0,"href":"https:\/\/redsemlac.com\/semmexico\/wp-json\/wp\/v2\/posts\/100786\/revisions"}],"wp:featuredmedia":[{"embeddable":true,"href":"https:\/\/redsemlac.com\/semmexico\/wp-json\/wp\/v2\/media\/100787"}],"wp:attachment":[{"href":"https:\/\/redsemlac.com\/semmexico\/wp-json\/wp\/v2\/media?parent=100786"}],"wp:term":[{"taxonomy":"category","embeddable":true,"href":"https:\/\/redsemlac.com\/semmexico\/wp-json\/wp\/v2\/categories?post=100786"},{"taxonomy":"post_tag","embeddable":true,"href":"https:\/\/redsemlac.com\/semmexico\/wp-json\/wp\/v2\/tags?post=100786"}],"curies":[{"name":"wp","href":"https:\/\/api.w.org\/{rel}","templated":true}]}}