{"id":100761,"date":"2025-11-25T15:05:21","date_gmt":"2025-11-25T21:05:21","guid":{"rendered":"https:\/\/redsemlac.com\/semmexico\/?p=100761"},"modified":"2025-11-25T15:05:21","modified_gmt":"2025-11-25T21:05:21","slug":"clara-brugada-lanza-campana-si-te-tocan-nos-toca-en-cdmx","status":"publish","type":"post","link":"https:\/\/redsemlac.com\/semmexico\/clara-brugada-lanza-campana-si-te-tocan-nos-toca-en-cdmx\/","title":{"rendered":"Clara Brugada lanza campa\u00f1a \u201cSi te tocan, nos toca\u201d en CDMX"},"content":{"rendered":"\n<p class=\"wp-block-paragraph\">Clara Brugada present\u00f3 la campa\u00f1a \u201cSi te tocan, nos toca\u201d en la Glorieta de Insurgentes&nbsp;\/&nbsp;Foto: gobierno capitalino<\/p>\n\n\n\n<p class=\"wp-block-paragraph\">Da la bienvenida a la movilizaci\u00f3n de este 25 de noviembre con defensor\u00eda, reformas legales y acciones contra violencia de g\u00e9nero<\/p>\n\n\n\n<p class=\"wp-block-paragraph\">Patricia Carrasco<\/p>\n\n\n\n<p class=\"wp-block-paragraph\">SemM\u00e9xico\/El&nbsp; Sol de M\u00e9xico, Cd. de M\u00e9xico, 25 de noviembre, 2025.-Para visibilizar las desigualdades de g\u00e9nero, erradicar la violencia contra las mujeres y fortalecer una agenda feminista de derechos, La Jefa de Gobierno de la Ciudad de M\u00e9xico, Clara Brugada Molina, present\u00f3 la campa\u00f1a&nbsp;<strong>\u201cSi te tocan, nos toca\u201d<\/strong>, una estrategia de comunicaci\u00f3n masiva.<\/p>\n\n\n\n<p class=\"wp-block-paragraph\">Ante decenas de mujeres concentradas en la Glorieta de Insurgentes, expuso afirm\u00f3 que hoy el pa\u00eds vive un tiempo hist\u00f3rico marcado por el avance imparable de las mujeres y por el liderazgo de la primera Presidenta de M\u00e9xico, Claudia Sheinbaum.<\/p>\n\n\n\n<p class=\"wp-block-paragraph\">La jefa de gobierno llam\u00f3 a \u201ctodo\u201d el movimiento feminista a trabajar conjuntamente y destac\u00f3 que nada mejor que el di\u00e1logo para enfrentar la violencia contra las mujeres.<\/p>\n\n\n\n<p class=\"wp-block-paragraph\">En el marco del D\u00eda Internaional para la Eliminaci\u00f3n de la Violencia contra las Mujeres, la mandataria local mencion\u00f3 que la campa\u00f1a busca enviar un mensaje contundente a las mujeres de la capital, de que \u201cno est\u00e1n solas\u201d, y ahond\u00f3: \u201cvivas nos queremos; libres nos so\u00f1amos y juntas somos imparables. La transformaci\u00f3n ser\u00e1 feminista o no ser\u00e1\u201d, reafirm\u00f3.<\/p>\n\n\n\n<p class=\"wp-block-paragraph\">En presencia de integrantes del gabinete paritario, diputadas y representantes de la ONU, Brugada Molina, detall\u00f3 que la estrategia, se difundir\u00e1 en calles, mercados, plazas p\u00fablicas, transporte masivo y espacios comunitarios, a trav\u00e9s de12 mensajes enfocados a la corresponsabilidad social para prevenir y erradicar la violencia de g\u00e9nero, as\u00ed como para promover la reflexi\u00f3n y actuaci\u00f3n de los hombres para no reproducir violencias.<\/p>\n\n\n\n<figure class=\"wp-block-image size-full\"><a href=\"https:\/\/redsemlac.com\/semmexico\/wp-content\/uploads\/2025\/11\/campana-clara-brugada-02.jpg\"><img loading=\"lazy\" decoding=\"async\" width=\"947\" height=\"533\" src=\"https:\/\/redsemlac.com\/semmexico\/wp-content\/uploads\/2025\/11\/campana-clara-brugada-02.jpg\" alt=\"\" class=\"wp-image-100763\" srcset=\"https:\/\/redsemlac.com\/semmexico\/wp-content\/uploads\/2025\/11\/campana-clara-brugada-02.jpg 947w, https:\/\/redsemlac.com\/semmexico\/wp-content\/uploads\/2025\/11\/campana-clara-brugada-02-300x169.jpg 300w, https:\/\/redsemlac.com\/semmexico\/wp-content\/uploads\/2025\/11\/campana-clara-brugada-02-768x432.jpg 768w, https:\/\/redsemlac.com\/semmexico\/wp-content\/uploads\/2025\/11\/campana-clara-brugada-02-150x84.jpg 150w, https:\/\/redsemlac.com\/semmexico\/wp-content\/uploads\/2025\/11\/campana-clara-brugada-02-696x392.jpg 696w\" sizes=\"auto, (max-width: 947px) 100vw, 947px\" \/><\/a><\/figure>\n\n\n\n<p class=\"wp-block-paragraph\">La estrategia busca visibilizar desigualdades y erradicar la violencia contra mujeres en la capital\u00a0\/\u00a0Foto: gobierno capitalino<\/p>\n\n\n\n<p class=\"wp-block-paragraph\">La Jefa de Gobierno afirm\u00f3 que la Ciudad de M\u00e9xico reconoce el leg\u00edtimo derecho de las mujeres a tomar las calles y ejercer la protesta social.<\/p>\n\n\n\n<p class=\"wp-block-paragraph\">Por ello,&nbsp;dio la bienvenida a la manifestaci\u00f3n de este 25 de noviembre, recordando que en la capital \u201cse marcha contra la violencia y sin violencia\u201d, y reiter\u00f3 que la lucha contra las violencias no se limita a una fecha.<\/p>\n\n\n\n<figure class=\"wp-block-image size-full\"><a href=\"https:\/\/redsemlac.com\/semmexico\/wp-content\/uploads\/2025\/11\/campana-clara-brugada-03.jpg\"><img loading=\"lazy\" decoding=\"async\" width=\"945\" height=\"516\" src=\"https:\/\/redsemlac.com\/semmexico\/wp-content\/uploads\/2025\/11\/campana-clara-brugada-03.jpg\" alt=\"\" class=\"wp-image-100764\" srcset=\"https:\/\/redsemlac.com\/semmexico\/wp-content\/uploads\/2025\/11\/campana-clara-brugada-03.jpg 945w, https:\/\/redsemlac.com\/semmexico\/wp-content\/uploads\/2025\/11\/campana-clara-brugada-03-300x164.jpg 300w, https:\/\/redsemlac.com\/semmexico\/wp-content\/uploads\/2025\/11\/campana-clara-brugada-03-768x419.jpg 768w, https:\/\/redsemlac.com\/semmexico\/wp-content\/uploads\/2025\/11\/campana-clara-brugada-03-150x82.jpg 150w, https:\/\/redsemlac.com\/semmexico\/wp-content\/uploads\/2025\/11\/campana-clara-brugada-03-696x380.jpg 696w\" sizes=\"auto, (max-width: 945px) 100vw, 945px\" \/><\/a><\/figure>\n\n\n\n<p class=\"wp-block-paragraph\">La mandataria anunci\u00f3 la creaci\u00f3n de una defensor\u00eda de mujeres para v\u00edctimas de violencia.&nbsp;\/&nbsp;Foto: gobiero capitalino<\/p>\n\n\n\n<p class=\"wp-block-paragraph\">Campa\u00f1a durar\u00e1 16 d\u00edas<\/p>\n\n\n\n<p class=\"wp-block-paragraph\"><strong>\u201cLa campa\u00f1a no durar\u00e1 s\u00f3lo 16 d\u00edas, seguir\u00e1 todos los d\u00edas mientras estemos al frente del gobierno\u201d<\/strong>, cit\u00f3.<\/p>\n\n\n\n<p class=\"wp-block-paragraph\">Como parte de los 250 actos y actividades que se realizar\u00e1n durante los 16 d\u00edas de activismo contra la&nbsp;<a href=\"https:\/\/oem.com.mx\/la-prensa\/metropoli\/piden-a-semovi-seguir-atencion-a-personas-afectadas-por-accidente-16952856\" target=\"_blank\" rel=\"noreferrer noopener\">violencia hacia las mujeres<\/a>&nbsp;Brugada Molina anunci\u00f3 el env\u00edo al Congreso de un paquete de &nbsp;iniciativas de reformas para fortalecer la protecci\u00f3n de mujeres v\u00edctimas de violencia familiar, abuso sexual y garantizar condiciones de seguridad en los hoteles, donde se han registrado feminicidios.<\/p>\n\n\n\n<figure class=\"wp-block-image size-full\"><a href=\"https:\/\/redsemlac.com\/semmexico\/wp-content\/uploads\/2025\/11\/campana-clara-brugada-04.jpg\"><img loading=\"lazy\" decoding=\"async\" width=\"946\" height=\"535\" src=\"https:\/\/redsemlac.com\/semmexico\/wp-content\/uploads\/2025\/11\/campana-clara-brugada-04.jpg\" alt=\"\" class=\"wp-image-100765\" srcset=\"https:\/\/redsemlac.com\/semmexico\/wp-content\/uploads\/2025\/11\/campana-clara-brugada-04.jpg 946w, https:\/\/redsemlac.com\/semmexico\/wp-content\/uploads\/2025\/11\/campana-clara-brugada-04-300x170.jpg 300w, https:\/\/redsemlac.com\/semmexico\/wp-content\/uploads\/2025\/11\/campana-clara-brugada-04-768x434.jpg 768w, https:\/\/redsemlac.com\/semmexico\/wp-content\/uploads\/2025\/11\/campana-clara-brugada-04-150x85.jpg 150w, https:\/\/redsemlac.com\/semmexico\/wp-content\/uploads\/2025\/11\/campana-clara-brugada-04-696x394.jpg 696w\" sizes=\"auto, (max-width: 946px) 100vw, 946px\" \/><\/a><\/figure>\n\n\n\n<p class=\"wp-block-paragraph\">La mandataria anunci\u00f3 la creaci\u00f3n de una defensor\u00eda de mujeres para v\u00edctimas de violencia&nbsp;\/&nbsp;Foto: gobierno capitalino<\/p>\n\n\n\n<p class=\"wp-block-paragraph\">Se\u00f1al\u00f3 que estas medidas ser\u00e1n presentadas ma\u00f1ana por la Fiscal\u00eda General de Justicia y por la Consejer\u00eda Jur\u00eddica.<\/p>\n\n\n\n<figure class=\"wp-block-image size-full\"><a href=\"https:\/\/redsemlac.com\/semmexico\/wp-content\/uploads\/2025\/11\/campana-clara-brugada-05.jpg\"><img loading=\"lazy\" decoding=\"async\" width=\"949\" height=\"533\" src=\"https:\/\/redsemlac.com\/semmexico\/wp-content\/uploads\/2025\/11\/campana-clara-brugada-05.jpg\" alt=\"\" class=\"wp-image-100766\" srcset=\"https:\/\/redsemlac.com\/semmexico\/wp-content\/uploads\/2025\/11\/campana-clara-brugada-05.jpg 949w, https:\/\/redsemlac.com\/semmexico\/wp-content\/uploads\/2025\/11\/campana-clara-brugada-05-300x168.jpg 300w, https:\/\/redsemlac.com\/semmexico\/wp-content\/uploads\/2025\/11\/campana-clara-brugada-05-768x431.jpg 768w, https:\/\/redsemlac.com\/semmexico\/wp-content\/uploads\/2025\/11\/campana-clara-brugada-05-150x84.jpg 150w, https:\/\/redsemlac.com\/semmexico\/wp-content\/uploads\/2025\/11\/campana-clara-brugada-05-696x391.jpg 696w\" sizes=\"auto, (max-width: 949px) 100vw, 949px\" \/><\/a><\/figure>\n\n\n\n<p class=\"wp-block-paragraph\">Clara Brugada reafirm\u00f3 que la transformaci\u00f3n ser\u00e1 feminista o no ser\u00e1&nbsp;\/&nbsp;Foto: gobierno capitalino<\/p>\n\n\n\n<p class=\"wp-block-paragraph\">Crear\u00e1n una defensor\u00eda de mujeres<\/p>\n\n\n\n<p class=\"wp-block-paragraph\">Igualmente anunci\u00f3 la creaci\u00f3n de una defensor\u00eda de las mujeres, que brindar\u00e1 representaci\u00f3n jur\u00eddica directa a v\u00edctimas de violencia y que&nbsp;<strong>entrar\u00e1 en funcionamiento el pr\u00f3ximo 1 de enero.<\/strong><\/p>\n\n\n\n<p class=\"wp-block-paragraph\">Asimismo, adelant\u00f3 la firma de un convenio con el&nbsp;<a href=\"https:\/\/oem.com.mx\/la-prensa\/metropoli\/usuarios-denuncian-fallas-graves-en-transporte-concesionado-de-cdmx-26608938\" target=\"_blank\" rel=\"noreferrer noopener\">transporte concesionado<\/a>&nbsp;para prevenir y sancionar el acoso y abuso sexual en microbuses y rutas del transporte concesionado de la ciudad.<\/p>\n\n\n\n<p class=\"wp-block-paragraph\">La titular del Ejecutivo local inform\u00f3, adem\u00e1s, que se pondr\u00e1 en marcha la&nbsp;<strong>Oleada Violeta, brigadas territoriales de sensibilizaci\u00f3n y acompa\u00f1amiento en todas las alcald\u00edas, as\u00ed como la inauguraci\u00f3n de los Caminos de Mujeres Libres y Seguras;<\/strong>&nbsp;un programa que contempla 334 kil\u00f3metros de vialidades iluminadas y rehabilitadas para garantizar trayectos seguros para ni\u00f1as y mujeres.<\/p>\n\n\n\n<p class=\"wp-block-paragraph\">Tambi\u00e9n la mandataria capitalina anunci\u00f3 la apertura del nuevo&nbsp;<strong>M\u00f3dulo de G\u00e9nero<\/strong>, de la Secretar\u00eda de Seguridad Ciudadana (SSC), especializado en la atenci\u00f3n de delitos de g\u00e9nero, y adelant\u00f3 que se presentar\u00e1 el primer informe de avance de la&nbsp;<strong>Alerta por Violencia contra las Mujeres.<\/strong><\/p>\n\n\n\n<p class=\"wp-block-paragraph\">Subray\u00f3 que \u201ces tiempo de hacer justicia a las mujeres\u201d, y remach\u00f3:&nbsp;<strong>\u201cVivas nos queremos, libres nos so\u00f1amos y juntas somos imparables. La transformaci\u00f3n ser\u00e1 feminista o no ser\u00e1\u201d<\/strong>, asever\u00f3.<\/p>\n\n\n\n<figure class=\"wp-block-image size-full\"><a href=\"https:\/\/redsemlac.com\/semmexico\/wp-content\/uploads\/2025\/11\/campana-clara-brugada-06.jpg\"><img loading=\"lazy\" decoding=\"async\" width=\"949\" height=\"527\" src=\"https:\/\/redsemlac.com\/semmexico\/wp-content\/uploads\/2025\/11\/campana-clara-brugada-06.jpg\" alt=\"\" class=\"wp-image-100767\" srcset=\"https:\/\/redsemlac.com\/semmexico\/wp-content\/uploads\/2025\/11\/campana-clara-brugada-06.jpg 949w, https:\/\/redsemlac.com\/semmexico\/wp-content\/uploads\/2025\/11\/campana-clara-brugada-06-300x167.jpg 300w, https:\/\/redsemlac.com\/semmexico\/wp-content\/uploads\/2025\/11\/campana-clara-brugada-06-768x426.jpg 768w, https:\/\/redsemlac.com\/semmexico\/wp-content\/uploads\/2025\/11\/campana-clara-brugada-06-150x83.jpg 150w, https:\/\/redsemlac.com\/semmexico\/wp-content\/uploads\/2025\/11\/campana-clara-brugada-06-696x387.jpg 696w\" sizes=\"auto, (max-width: 949px) 100vw, 949px\" \/><\/a><\/figure>\n\n\n\n<p class=\"wp-block-paragraph\">La campa\u00f1a incluye difusi\u00f3n en transporte p\u00fablico y espacios comunitarios de la capital&nbsp;\/&nbsp;Foto: gobierno capitalino<\/p>\n\n\n\n<p class=\"wp-block-paragraph\">Por su parte, l<strong>a titular de la Secretar\u00eda de las Mujeres (Semujeres), Dapthne Cuevas Ortiz, se\u00f1al\u00f3 que la campa\u00f1a refleja la absoluta convicci\u00f3n compartida como gobierno de que la ciudad no se rinde frente a la violencia contra las mujeres<\/strong>, \u201cuna campa\u00f1a profundamente colectiva que parte de una premisa sencilla pero transformadora:<\/p>\n\n\n\n<p class=\"wp-block-paragraph\">En Bienestar, a trav\u00e9s de la construcci\u00f3n de m\u00e1s y mejores programas y pol\u00edticas, adem\u00e1s de fortalecer las rutas de apoyo social y comunitario; desde la dependencia de Pueblos y Barrios Originarios y Comunidades Ind\u00edgenas y Residentes que aport\u00f3 una mirada intercultural; la Consejer\u00eda Jur\u00eddica para el an\u00e1lisis de los marcos normativos que respaldan las acciones de protecci\u00f3n y acceso a la justicia; la Secretar\u00eda del Trabajo, con agendas para la&nbsp;<strong>igualdad, prevenci\u00f3n y construcci\u00f3n de espacios seguros para las mujeres trabajadoras de la capital.<\/strong><\/p>\n\n\n\n<figure class=\"wp-block-image size-full\"><a href=\"https:\/\/redsemlac.com\/semmexico\/wp-content\/uploads\/2025\/11\/campana-clara-brugada-07.jpg\"><img loading=\"lazy\" decoding=\"async\" width=\"949\" height=\"533\" src=\"https:\/\/redsemlac.com\/semmexico\/wp-content\/uploads\/2025\/11\/campana-clara-brugada-07.jpg\" alt=\"\" class=\"wp-image-100768\" srcset=\"https:\/\/redsemlac.com\/semmexico\/wp-content\/uploads\/2025\/11\/campana-clara-brugada-07.jpg 949w, https:\/\/redsemlac.com\/semmexico\/wp-content\/uploads\/2025\/11\/campana-clara-brugada-07-300x168.jpg 300w, https:\/\/redsemlac.com\/semmexico\/wp-content\/uploads\/2025\/11\/campana-clara-brugada-07-768x431.jpg 768w, https:\/\/redsemlac.com\/semmexico\/wp-content\/uploads\/2025\/11\/campana-clara-brugada-07-150x84.jpg 150w, https:\/\/redsemlac.com\/semmexico\/wp-content\/uploads\/2025\/11\/campana-clara-brugada-07-696x391.jpg 696w\" sizes=\"auto, (max-width: 949px) 100vw, 949px\" \/><\/a><\/figure>\n\n\n\n<p class=\"wp-block-paragraph\">ONU y gabinete acompa\u00f1aron la presentaci\u00f3n de la estrategia contra la violencia de g\u00e9nero&nbsp;\/&nbsp;Foto: gobierno capitalino<\/p>\n\n\n\n<p class=\"wp-block-paragraph\">Asimismo, destac\u00f3 las labores de la SSC con el dise\u00f1o y responsabilidad de&nbsp;<strong>construir espacios seguros para mujeres y ni\u00f1as, adem\u00e1s de contar con la Polic\u00eda de G\u00e9nero<\/strong>&nbsp;y el trabajo que se est\u00e1 coordinando desde la Fiscal\u00eda capitalina.<\/p>\n\n\n\n<p class=\"wp-block-paragraph\">En el tema cultural,&nbsp;<strong>se tendr\u00e1n 83 actividades en territorio, siete convocatorias p\u00fablicas masivas, as\u00ed como 26 en redes sociales y medios oficiales<\/strong>, con la finalidad de ir construyendo la agenda hacia el 8 de marzo de 2026, D\u00eda Internacional de la Mujer.<\/p>\n\n\n\n<p class=\"wp-block-paragraph\">Por su parte,&nbsp;<strong>la secretaria de Salud, Nadine Gasman Zylbermann, se\u00f1al\u00f3 que la violencia contra las mujeres es una violaci\u00f3n a los derechos humanos, es un tema de justicia y de salud p\u00fablica<\/strong>, por ello los servicios de salud son la primera puerta que tienen las mujeres para hablar, para reconocer la violencia contra ellas.<\/p>\n","protected":false},"excerpt":{"rendered":"<p>Clara Brugada present\u00f3 la campa\u00f1a \u201cSi te tocan, nos toca\u201d en la Glorieta de Insurgentes&nbsp;\/&nbsp;Foto: gobierno capitalino Da la bienvenida a la movilizaci\u00f3n de este 25 de noviembre con defensor\u00eda, reformas legales y acciones contra violencia de g\u00e9nero Patricia Carrasco SemM\u00e9xico\/El&nbsp; Sol de M\u00e9xico, Cd. de M\u00e9xico, 25 de noviembre, 2025.-Para visibilizar las desigualdades de [&hellip;]<\/p>\n","protected":false},"author":3,"featured_media":100762,"comment_status":"open","ping_status":"open","sticky":false,"template":"","format":"standard","meta":{"_monsterinsights_skip_tracking":false,"footnotes":""},"categories":[1148,27],"tags":[],"class_list":["post-100761","post","type-post","status-publish","format-standard","has-post-thumbnail","category-25n-2025","category-cobertura-especial"],"_links":{"self":[{"href":"https:\/\/redsemlac.com\/semmexico\/wp-json\/wp\/v2\/posts\/100761","targetHints":{"allow":["GET"]}}],"collection":[{"href":"https:\/\/redsemlac.com\/semmexico\/wp-json\/wp\/v2\/posts"}],"about":[{"href":"https:\/\/redsemlac.com\/semmexico\/wp-json\/wp\/v2\/types\/post"}],"author":[{"embeddable":true,"href":"https:\/\/redsemlac.com\/semmexico\/wp-json\/wp\/v2\/users\/3"}],"replies":[{"embeddable":true,"href":"https:\/\/redsemlac.com\/semmexico\/wp-json\/wp\/v2\/comments?post=100761"}],"version-history":[{"count":0,"href":"https:\/\/redsemlac.com\/semmexico\/wp-json\/wp\/v2\/posts\/100761\/revisions"}],"wp:featuredmedia":[{"embeddable":true,"href":"https:\/\/redsemlac.com\/semmexico\/wp-json\/wp\/v2\/media\/100762"}],"wp:attachment":[{"href":"https:\/\/redsemlac.com\/semmexico\/wp-json\/wp\/v2\/media?parent=100761"}],"wp:term":[{"taxonomy":"category","embeddable":true,"href":"https:\/\/redsemlac.com\/semmexico\/wp-json\/wp\/v2\/categories?post=100761"},{"taxonomy":"post_tag","embeddable":true,"href":"https:\/\/redsemlac.com\/semmexico\/wp-json\/wp\/v2\/tags?post=100761"}],"curies":[{"name":"wp","href":"https:\/\/api.w.org\/{rel}","templated":true}]}}