{"id":100755,"date":"2025-11-25T13:27:59","date_gmt":"2025-11-25T19:27:59","guid":{"rendered":"https:\/\/redsemlac.com\/semmexico\/?p=100755"},"modified":"2025-11-25T13:28:00","modified_gmt":"2025-11-25T19:28:00","slug":"mirada-violeta-a-30-anos-de-beijing-feminismos-fuerza-transformadora","status":"publish","type":"post","link":"https:\/\/redsemlac.com\/semmexico\/mirada-violeta-a-30-anos-de-beijing-feminismos-fuerza-transformadora\/","title":{"rendered":"Mirada Violeta| A 30 A\u00f1os De Beijing: Feminismos, Fuerza Transformadora"},"content":{"rendered":"\n<p class=\"wp-block-paragraph\">Guadalupe Ramos Ponce &nbsp;<\/p>\n\n\n\n<p class=\"wp-block-paragraph\">SemM\u00e9xico, Guadalajara, Jalisco, 25 de noviembre, 2025.- En esta semana me encuentro en Lima, Per\u00fa, en diversas actividades del CLADEM, Diakon\u00eda y de otras redes y organizaciones nacionales y regionales. Especialmente es la participaci\u00f3n de diversas feministas en el Seminario Regional: \u201cA 30 A\u00f1os de Beijing: Feminismos, Fuerza Transformadora\u201d. Tuve la oportunidad de compartir el mismo espacio reflexivo con Virginia Vargas de Per\u00fa, Rita Segato de Argentina, Liz Mel\u00e9ndez de Per\u00fa, Lucy Garrido de Uruguay, Karla Cheng de Guatemala y yo de M\u00e9xico, compartimos experiencias de lucha, de sue\u00f1os de esperanzas, pero tambi\u00e9n de resistencias feministas. Tuve la oportunidad tambi\u00e9n de participar en un Tribunal sobre feminicidios y mujeres desaparecidas, organizado por Flora Trist\u00e1n y Familias Unidas por la Justicia, en donde Julissa Mantilla, Ingrid D\u00edaz Castillo y yo fungimos como Juezas, en casos dolorosos donde las familias a\u00fan esperan justicia.<\/p>\n\n\n\n<p class=\"wp-block-paragraph\">Habr\u00e1 una diversidad de actividades sobre Democracia, paridad y feminismos.<\/p>\n\n\n\n<p class=\"wp-block-paragraph\">Beijing nos dio un lenguaje com\u00fan, una hoja de ruta y una convicci\u00f3n:<\/p>\n\n\n\n<p class=\"wp-block-paragraph\">que la igualdad entre mujeres y hombres no es opcional, es un deber de los Estados.<\/p>\n\n\n\n<p class=\"wp-block-paragraph\">Pero, sobre todo, Beijing nos ense\u00f1\u00f3 que los cambios no se regalan: se conquistan.<\/p>\n\n\n\n<p class=\"wp-block-paragraph\">Treinta a\u00f1os despu\u00e9s, en M\u00e9xico y en la regi\u00f3n podemos decir algo con total claridad: si algo ha cambiado, es porque los feminismos empujaron, cuestionaron, marcharon, investigaron, denunciaron y pusieron el cuerpo para que la justicia avanzara.<\/p>\n\n\n\n<p class=\"wp-block-paragraph\">Beijing 1995 marc\u00f3 un antes y un despu\u00e9s por tres razones:<\/p>\n\n\n\n<p class=\"wp-block-paragraph\">Nombr\u00f3 las desigualdades estructurales que enfrentamos las mujeres: econ\u00f3micas, pol\u00edticas, culturales, raciales, territoriales.<\/p>\n\n\n\n<p class=\"wp-block-paragraph\">Coloc\u00f3 la violencia contra las mujeres como una violaci\u00f3n de derechos humanos, no como un asunto privado o dom\u00e9stico.<\/p>\n\n\n\n<p class=\"wp-block-paragraph\">Reconoci\u00f3 la autonom\u00eda y la libertad como pilares para la ciudadan\u00eda plena de las mujeres.<\/p>\n\n\n\n<p class=\"wp-block-paragraph\">La Plataforma de Acci\u00f3n sigue siendo, hasta hoy, la agenda feminista m\u00e1s ambiciosa adoptada por gobiernos del mundo.<\/p>\n\n\n\n<p class=\"wp-block-paragraph\">Pero la fuerza que la hizo posible no estaba en los gobiernos:<\/p>\n\n\n\n<p class=\"wp-block-paragraph\">estaba en los movimientos feministas que articularon un consenso global.<\/p>\n\n\n\n<p class=\"wp-block-paragraph\">Aunque a veces se quiera olvidar, o minimizar, lo cierto es que en M\u00e9xico y en Am\u00e9rica Latina y el Caribe, los cambios en estos 30 a\u00f1os son porque las mujeres no dejamos de exigir derechos. Algunos de estos cambios sustantivos son:<\/p>\n\n\n\n<p class=\"wp-block-paragraph\">a) La paridad transform\u00f3 la pol\u00edtica mexicana<\/p>\n\n\n\n<p class=\"wp-block-paragraph\">Pasamos de ser invitadas a ser sujetas de derechos pol\u00edticos.<\/p>\n\n\n\n<p class=\"wp-block-paragraph\">La paridad en todo oblig\u00f3 a repensar el poder, los liderazgos, las agendas y los presupuestos.<\/p>\n\n\n\n<p class=\"wp-block-paragraph\">M\u00e9xico es hoy uno de los pa\u00edses con m\u00e1s mujeres en espacios de decisi\u00f3n.<\/p>\n\n\n\n<p class=\"wp-block-paragraph\">Pero ese avance tiene nombre: se llama lucha feminista.<\/p>\n\n\n\n<p class=\"wp-block-paragraph\">b) La tipificaci\u00f3n del feminicidio cambi\u00f3 la manera de ver la violencia<\/p>\n\n\n\n<p class=\"wp-block-paragraph\">Hace tres d\u00e9cadas, los asesinatos de mujeres se clasificaban como \u201ccr\u00edmenes pasionales\u201d.<\/p>\n\n\n\n<p class=\"wp-block-paragraph\">Hoy, el feminicidio es un tipo penal que reconoce el odio, la desigualdad y la violencia estructural.<\/p>\n\n\n\n<p class=\"wp-block-paragraph\">Este avance, sin embargo, no ha frenado la tragedia:<\/p>\n\n\n\n<p class=\"wp-block-paragraph\">Seguimos en M\u00e9xico con 11 feminicidios diarios, fiscal\u00edas rebasadas y un sistema de justicia que no investiga con la debida diligencia.<\/p>\n\n\n\n<p class=\"wp-block-paragraph\">c) Derechos sexuales y reproductivos: una conquista desde las calles<\/p>\n\n\n\n<p class=\"wp-block-paragraph\">La despenalizaci\u00f3n del aborto en varios estados y la sentencia de la Suprema Corte son logros hist\u00f3ricos, pero no son una concesi\u00f3n.<\/p>\n\n\n\n<p class=\"wp-block-paragraph\">Son producto de d\u00e9cadas de activismo, litigio estrat\u00e9gico, investigaci\u00f3n y acompa\u00f1amiento comunitario.<\/p>\n\n\n\n<p class=\"wp-block-paragraph\">d) Instituciones para la igualdad<\/p>\n\n\n\n<p class=\"wp-block-paragraph\">La creaci\u00f3n del INMUJERES, las fiscal\u00edas especializadas, los centros de justicia para mujeres, los observatorios y los mecanismos de g\u00e9nero en poderes judiciales no surgieron por iluminaci\u00f3n gubernamental.<\/p>\n\n\n\n<p class=\"wp-block-paragraph\">Surgieron porque las feministas empujamos para institucionalizar la agenda.<\/p>\n\n\n\n<p class=\"wp-block-paragraph\">e) La revoluci\u00f3n generacional<\/p>\n\n\n\n<p class=\"wp-block-paragraph\">Las j\u00f3venes han tomado el espacio p\u00fablico con una claridad pol\u00edtica extraordinaria.<\/p>\n\n\n\n<p class=\"wp-block-paragraph\">Son herederas de Beijing, pero tambi\u00e9n creadoras de nuevas formas de resistencia: digitales, urbanas, perform\u00e1ticas, colectivas.<\/p>\n\n\n\n<p class=\"wp-block-paragraph\">Su fuerza nos recuerda que el feminismo es un movimiento vivo, multigeneracional y profundamente transformador.<\/p>\n\n\n\n<p class=\"wp-block-paragraph\">La transformaci\u00f3n feminista no tiene marcha atr\u00e1s. A treinta a\u00f1os de Beijing podemos afirmar que los feminismos son la fuerza transformadora m\u00e1s importante en M\u00e9xico y en la Regi\u00f3n.<\/p>\n\n\n\n<p class=\"wp-block-paragraph\">Hemos cambiado leyes, sentencias, narrativas, presupuestos, espacios de poder y formas de organizaci\u00f3n social.<\/p>\n\n\n\n<p class=\"wp-block-paragraph\">Beijing nos dio un camino, pero nosotras lo hemos recorrido.<\/p>\n\n\n\n<p class=\"wp-block-paragraph\">Y lo vamos a seguir recorriendo.<\/p>\n\n\n\n<p class=\"wp-block-paragraph\">Porque si algo muestran estos 30 a\u00f1os es que:<\/p>\n\n\n\n<p class=\"wp-block-paragraph\">Sin feminismo no hay democracia.<\/p>\n\n\n\n<p class=\"wp-block-paragraph\">Sin igualdad no hay justicia.<\/p>\n\n\n\n<p class=\"wp-block-paragraph\">Y sin mujeres no hay futuro posible.<\/p>\n\n\n\n<p class=\"wp-block-paragraph\">Dra. Mar\u00eda Guadalupe Ramos Ponce<\/p>\n\n\n\n<p class=\"wp-block-paragraph\">Coordinadora Regional de CLADEM<\/p>\n\n\n\n<p class=\"wp-block-paragraph\">Profesora Investigadora de la UdeG.<\/p>\n\n\n\n<p class=\"wp-block-paragraph\">@dralupitaramosp<\/p>\n\n\n\n<p class=\"wp-block-paragraph\"><a href=\"mailto:lupitaramosponce@gmail.com\">lupitaramosponce@gmail.com<\/a><\/p>\n\n\n\n<p class=\"wp-block-paragraph\">Canal de Youtoube Dra. Lupita Ramos.<\/p>\n\n\n\n<figure class=\"wp-block-embed\"><div class=\"wp-block-embed__wrapper\">\nhttps:\/\/www.youtube.com\/channel\/UCQ_bKrt9f4rkb7VST7-sYrg\n<\/div><\/figure>\n\n\n\n<p class=\"wp-block-paragraph\">&nbsp;<a href=\"http:\/\/www.cladem.org\/\">www.cladem.org<\/a><\/p>\n\n\n\n<p class=\"wp-block-paragraph\"><a href=\"mailto:mariaguadaluperamosponce@gmail.com\">mariaguadaluperamosponce@gmail.com<\/a><\/p>\n","protected":false},"excerpt":{"rendered":"<p>Guadalupe Ramos Ponce &nbsp; SemM\u00e9xico, Guadalajara, Jalisco, 25 de noviembre, 2025.- En esta semana me encuentro en Lima, Per\u00fa, en diversas actividades del CLADEM, Diakon\u00eda y de otras redes y organizaciones nacionales y regionales. Especialmente es la participaci\u00f3n de diversas feministas en el Seminario Regional: \u201cA 30 A\u00f1os de Beijing: Feminismos, Fuerza Transformadora\u201d. Tuve la [&hellip;]<\/p>\n","protected":false},"author":3,"featured_media":100464,"comment_status":"open","ping_status":"open","sticky":false,"template":"","format":"standard","meta":{"_monsterinsights_skip_tracking":false,"footnotes":""},"categories":[82,110,35],"tags":[],"class_list":["post-100755","post","type-post","status-publish","format-standard","has-post-thumbnail","category-la-opinion","category-la-opinion-columnas","category-opinion"],"_links":{"self":[{"href":"https:\/\/redsemlac.com\/semmexico\/wp-json\/wp\/v2\/posts\/100755","targetHints":{"allow":["GET"]}}],"collection":[{"href":"https:\/\/redsemlac.com\/semmexico\/wp-json\/wp\/v2\/posts"}],"about":[{"href":"https:\/\/redsemlac.com\/semmexico\/wp-json\/wp\/v2\/types\/post"}],"author":[{"embeddable":true,"href":"https:\/\/redsemlac.com\/semmexico\/wp-json\/wp\/v2\/users\/3"}],"replies":[{"embeddable":true,"href":"https:\/\/redsemlac.com\/semmexico\/wp-json\/wp\/v2\/comments?post=100755"}],"version-history":[{"count":0,"href":"https:\/\/redsemlac.com\/semmexico\/wp-json\/wp\/v2\/posts\/100755\/revisions"}],"wp:featuredmedia":[{"embeddable":true,"href":"https:\/\/redsemlac.com\/semmexico\/wp-json\/wp\/v2\/media\/100464"}],"wp:attachment":[{"href":"https:\/\/redsemlac.com\/semmexico\/wp-json\/wp\/v2\/media?parent=100755"}],"wp:term":[{"taxonomy":"category","embeddable":true,"href":"https:\/\/redsemlac.com\/semmexico\/wp-json\/wp\/v2\/categories?post=100755"},{"taxonomy":"post_tag","embeddable":true,"href":"https:\/\/redsemlac.com\/semmexico\/wp-json\/wp\/v2\/tags?post=100755"}],"curies":[{"name":"wp","href":"https:\/\/api.w.org\/{rel}","templated":true}]}}