{"id":100752,"date":"2025-11-25T13:07:53","date_gmt":"2025-11-25T19:07:53","guid":{"rendered":"https:\/\/redsemlac.com\/semmexico\/?p=100752"},"modified":"2025-11-25T13:08:32","modified_gmt":"2025-11-25T19:08:32","slug":"amnistia-internacional-pide-a-la-ue-reforzar-la-proteccion-a-los-derechos-humanos-ante-la-simplificacion-de-la-legislacion-digital","status":"publish","type":"post","link":"https:\/\/redsemlac.com\/semmexico\/amnistia-internacional-pide-a-la-ue-reforzar-la-proteccion-a-los-derechos-humanos-ante-la-simplificacion-de-la-legislacion-digital\/","title":{"rendered":"Amnist\u00eda Internacional pide a la UE reforzar la protecci\u00f3n a los derechos humanos, ante la \u201csimplificaci\u00f3n\u201d de la legislaci\u00f3n digital"},"content":{"rendered":"\n<p class=\"wp-block-paragraph\"><strong>La modificaci\u00f3n pone en riesgo al mal uso de los datos personales e incluso la seguridad nacional<\/strong><\/p>\n\n\n\n<p class=\"wp-block-paragraph\">Elda Montiel<\/p>\n\n\n\n<p class=\"wp-block-paragraph\">SemM\u00e9xico, Cd. de M\u00e9xico, 25 de noviembre, &nbsp;2025.- Amnist\u00eda Internacional advierte que la \u201csimplificaci\u00f3n\u201d legislativa en materia digital que propone la Uni\u00f3n Europea socava los derechos humanos, incluso a nivel mundial y m\u00e1s que proteger a las personas favorece a las grandes empresas tecnol\u00f3gicas y los Estados.<\/p>\n\n\n\n<p class=\"wp-block-paragraph\">Asegura que el proceso de simplificaci\u00f3n se sustenta enteramente en una premisa err\u00f3nea. La Comisi\u00f3n parece creer que los derechos son un obst\u00e1culo para la competitividad y la innovaci\u00f3n, pero la verdadera innovaci\u00f3n consiste en encontrar el modo de hacer que las nuevas tecnolog\u00edas beneficien a todas las personas, sin pisotear los derechos humanos.<\/p>\n\n\n\n<p class=\"wp-block-paragraph\">Los reglamentos de la UE tambi\u00e9n afectan al modo en que las grandes plataformas digitales influyen en nuestros derechos, y si, como cabe esperar, <strong>el&nbsp;<\/strong><a href=\"https:\/\/eur-lex.europa.eu\/ES\/legal-content\/summary\/digital-services-act.html\" target=\"_blank\" rel=\"noreferrer noopener\"><strong>Reglamento de Servicios Digitales<\/strong><\/a><strong>&nbsp;y el&nbsp;<\/strong><a href=\"https:\/\/eur-lex.europa.eu\/eli\/reg\/2022\/1925\/oj\/eng?eliuri=eli%3Areg%3A2022%3A1925%3Aoj&amp;locale=es\" target=\"_blank\" rel=\"noreferrer noopener\"><strong>Reglamento de Mercados Digitales<\/strong><\/a>se incorporan al \u00e1mbito de aplicaci\u00f3n (por ejemplo, a trav\u00e9s del denominado \u201cControl de Adecuaci\u00f3n Digital\u201d), esto tambi\u00e9n podr\u00eda suponer un importante retroceso. No se puede subestimar el riesgo que supone la selecci\u00f3n algor\u00edtmica de nuestros contenidos en l\u00ednea, basada en la vigilancia y orientada a los beneficios.<\/p>\n\n\n\n<p class=\"wp-block-paragraph\"><strong>Imaginar un mundo que limite a las grandes empresas tecnol\u00f3gicas<\/strong><strong><\/strong><\/p>\n\n\n\n<p class=\"wp-block-paragraph\">La nueva oleada de leyes europeas empieza a permitirnos imaginar un mundo en el que el poder de las grandes empresas tecnol\u00f3gicas pueda verse significativamente limitado; en el que nuestro derecho a no ser objeto de la elaboraci\u00f3n de perfiles y la discriminaci\u00f3n interminables pueda ser una herramienta para frenar los abusos de los Estados y los monopolios empresariales, considera Amnist\u00eda Internacional.<\/p>\n\n\n\n<p class=\"wp-block-paragraph\">La \u201csimplificaci\u00f3n\u201d es contrario al papel asumido por la UE de liderazgo en la creaci\u00f3n de normas de protecci\u00f3n de los derechos de las personas en internet, porque ahora con el pretexto de la \u201csimplificaci\u00f3n\u201d se est\u00e1 produciendo cambios a la Ley de la IA y el Reglamento General de Protecci\u00f3n de Datos (RGPD) sin evaluaci\u00f3n de los impactos que podr\u00edan tener y de forma acelerada, lo que preocupa a los organismo de derechos humanos como&nbsp; Amnist\u00eda Internacional, por lo que exigen que m\u00e1s que simplificar hay que reforzar la protecci\u00f3n de los derechos de las personas en materia digital.&nbsp;&nbsp;<\/p>\n\n\n\n<p class=\"wp-block-paragraph\">Se\u00f1alan que la Comisi\u00f3n a cargo de la adecuaci\u00f3n (Control de Adecuaci\u00f3n Digital) realiza esto en forma acelerada sin evaluaciones previas lo que socava la Ley de la IA y de la protecci\u00f3n de datos (RGPD).&nbsp;<\/p>\n\n\n\n<p class=\"wp-block-paragraph\">Explican que el Reglamento General de Protecci\u00f3n de Datos (RGPD) que regula la cuesti\u00f3n de las notificaciones de cookies, y es una legislaci\u00f3n se\u00f1era para proteger no s\u00f3lo a la poblaci\u00f3n europea sino de todo el mundo frente al uso indebido de los datos personales por las grandes empresas tecnol\u00f3gicas y los Estados. Aunque reconocen que la aplicaci\u00f3n ha sido insuficiente tiene potencial ante el \u201capetito del modelo de negocio de Silicon Valley, basado en la vigilancia ilegal.&nbsp;<\/p>\n\n\n\n<p class=\"wp-block-paragraph\">Se\u00f1alan los riesgos de que al no haber una protecci\u00f3n adecuada de los datos, \u00e9stos pueden ser recopilados a voluntad, utilizados para elaborar perfiles discriminatorios o injustos, reempaquetados, combinados, analizados y vendidos y revendidos por una red enorme y compleja de corredores de datos y empresas de publicidad online.<\/p>\n\n\n\n<p class=\"wp-block-paragraph\">Tambi\u00e9n pueden compartirse o venderse a autoridades estatales, que pueden utilizarlos para elaborar perfiles, someternos a vigilancia ilegal, negarnos nuestros derechos \u2014a prestaciones sociales, entre otros\u2014 o incluso decidir si arrestarnos o detenernos.<\/p>\n\n\n\n<p class=\"wp-block-paragraph\">Tambi\u00e9n amenaza a la seguridad nacional al ponerse a la venta en todo el mundo datos de ubicaci\u00f3n y otros datos personales sensibles de funcionarios gubernamentales y de seguridad \u2014y de cualquier otra persona\u2014, lo que expone al chantaje y a la vigilancia masiva.<\/p>\n\n\n\n<h2 class=\"wp-block-heading\"><strong>Implicaciones en la Ley de IA<\/strong><strong><\/strong><\/h2>\n\n\n\n<h2 class=\"wp-block-heading\">&nbsp;<\/h2>\n\n\n\n<p class=\"wp-block-paragraph\">Otra norma clave en el punto de mira es la Ley de IA, que establece medidas de protecci\u00f3n relativas al desarrollo y el uso de la inteligencia artificial. Los da\u00f1os a los que la humanidad entera est\u00e1 expuesta por los sistemas de IA y contra los que esta ley podr\u00eda ayudarnos a protegernos son enormes.<\/p>\n\n\n\n<p class=\"wp-block-paragraph\">Acerca de los riesgos menciona Dinamarca y Hungria. En Dinamarca en la b\u00fasqueda de detectar fraudes en el sistema de prestaciones sociales se afecto a las personas de origen migrante o cuyo estilo de vida no se considera normal en la sociedad danesa.&nbsp;<\/p>\n\n\n\n<p class=\"wp-block-paragraph\">En Hungr\u00eda, los cambios legislativos allanaron el camino para el uso de la tecnolog\u00eda de reconocimiento facial por parte de los organismos encargados de aplicar la ley en una serie de nuevos contextos, lo que permiti\u00f3 la vigilancia generalizada de las reuniones pac\u00edficas, en particular las&nbsp;marchas del Orgullo en Budapest y Pecs.<\/p>\n\n\n\n<p class=\"wp-block-paragraph\">A pesar del esfuerzo coordinado de la sociedad civil, el texto final de la Ley de IA no protege a las personas de todo el mundo frente a la exportaci\u00f3n de tecnolog\u00eda peligrosa cuyo uso est\u00e1 prohibido en Europa, y tampoco protege los derechos de la poblaci\u00f3n en movimiento. Pero el paquete legislativo deja claro que la Comisi\u00f3n est\u00e1 m\u00e1s interesada en allanar el camino al beneficio empresarial que en hacer lo necesario para colmar estas brechas y proteger los derechos humanos.<\/p>\n\n\n\n<p class=\"wp-block-paragraph\">La investigaci\u00f3n de Amnist\u00eda Internacional ha demostrado que esta tecnolog\u00eda ha contribuido a&nbsp;<a href=\"https:\/\/www.amnesty.org\/es\/documents\/asa16\/5933\/2022\/es\/\" target=\"_blank\" rel=\"noreferrer noopener\">la limpieza \u00e9tnica contra la poblaci\u00f3n musulmana rohiny\u00e1<\/a>&nbsp;en Myanmar y la comisi\u00f3n de graves abusos contra los derechos humanos de&nbsp;<a href=\"https:\/\/www.amnesty.org\/es\/documents\/afr25\/7292\/2023\/es\/\" target=\"_blank\" rel=\"noreferrer noopener\">la poblaci\u00f3n tigriana en Etiop\u00eda<\/a>, donde Meta no s\u00f3lo no moder\u00f3, sino que en algunos casos amplific\u00f3 activamente, contenidos nocivos y discriminatorios en Facebook.<\/p>\n\n\n\n<p class=\"wp-block-paragraph\">Amnist\u00eda tambi\u00e9n ha constatado en repetidas ocasiones que esta tecnolog\u00eda, concretamente el&nbsp;<em>feed<\/em>&nbsp;\u201cPara ti\u201d de TikTok, puede empujar a los ni\u00f1os, ni\u00f1as y j\u00f3venes a una espiral de contenido sobre depresi\u00f3n, autolesiones y suicidio. Los ni\u00f1os, ni\u00f1as y j\u00f3venes franceses entrevistados para la&nbsp;<a href=\"https:\/\/www.amnesty.org\/es\/latest\/news\/2025\/10\/tiktok-steering-children-towards-depressive-and-suicidal-content\/\" target=\"_blank\" rel=\"noreferrer noopener\">investigaci\u00f3n<\/a>&nbsp;de Amnist\u00eda Internacional contaron que, tras buscar contenido relacionado con la salud mental, TikTok les mostraba un flujo cada vez mayor de v\u00eddeos que normalizaban e incluso fomentaban las autolesiones y el suicidio. Las madres y padres de ni\u00f1os y ni\u00f1as que se hab\u00edan suicidado describieron el horror que supuso descubrir el contenido que TikTok estaba mostrando a sus hijos despu\u00e9s de su muerte.<\/p>\n","protected":false},"excerpt":{"rendered":"<p>La modificaci\u00f3n pone en riesgo al mal uso de los datos personales e incluso la seguridad nacional Elda Montiel SemM\u00e9xico, Cd. de M\u00e9xico, 25 de noviembre, &nbsp;2025.- Amnist\u00eda Internacional advierte que la \u201csimplificaci\u00f3n\u201d legislativa en materia digital que propone la Uni\u00f3n Europea socava los derechos humanos, incluso a nivel mundial y m\u00e1s que proteger a [&hellip;]<\/p>\n","protected":false},"author":3,"featured_media":100753,"comment_status":"open","ping_status":"open","sticky":false,"template":"","format":"standard","meta":{"_monsterinsights_skip_tracking":false,"footnotes":""},"categories":[53],"tags":[],"class_list":["post-100752","post","type-post","status-publish","format-standard","has-post-thumbnail","category-internacional"],"_links":{"self":[{"href":"https:\/\/redsemlac.com\/semmexico\/wp-json\/wp\/v2\/posts\/100752","targetHints":{"allow":["GET"]}}],"collection":[{"href":"https:\/\/redsemlac.com\/semmexico\/wp-json\/wp\/v2\/posts"}],"about":[{"href":"https:\/\/redsemlac.com\/semmexico\/wp-json\/wp\/v2\/types\/post"}],"author":[{"embeddable":true,"href":"https:\/\/redsemlac.com\/semmexico\/wp-json\/wp\/v2\/users\/3"}],"replies":[{"embeddable":true,"href":"https:\/\/redsemlac.com\/semmexico\/wp-json\/wp\/v2\/comments?post=100752"}],"version-history":[{"count":0,"href":"https:\/\/redsemlac.com\/semmexico\/wp-json\/wp\/v2\/posts\/100752\/revisions"}],"wp:featuredmedia":[{"embeddable":true,"href":"https:\/\/redsemlac.com\/semmexico\/wp-json\/wp\/v2\/media\/100753"}],"wp:attachment":[{"href":"https:\/\/redsemlac.com\/semmexico\/wp-json\/wp\/v2\/media?parent=100752"}],"wp:term":[{"taxonomy":"category","embeddable":true,"href":"https:\/\/redsemlac.com\/semmexico\/wp-json\/wp\/v2\/categories?post=100752"},{"taxonomy":"post_tag","embeddable":true,"href":"https:\/\/redsemlac.com\/semmexico\/wp-json\/wp\/v2\/tags?post=100752"}],"curies":[{"name":"wp","href":"https:\/\/api.w.org\/{rel}","templated":true}]}}