{"id":100730,"date":"2025-11-24T20:18:39","date_gmt":"2025-11-25T02:18:39","guid":{"rendered":"https:\/\/redsemlac.com\/semmexico\/?p=100730"},"modified":"2025-11-24T20:18:46","modified_gmt":"2025-11-25T02:18:46","slug":"25n-la-violencia-laboral-alarmante-y-persistente-afecta-a-8-millones-de-trabajadoras-omisos-patronal-gobierno-y-sindicatos","status":"publish","type":"post","link":"https:\/\/redsemlac.com\/semmexico\/25n-la-violencia-laboral-alarmante-y-persistente-afecta-a-8-millones-de-trabajadoras-omisos-patronal-gobierno-y-sindicatos\/","title":{"rendered":"25N: La violencia laboral alarmante y persistente, afecta a 8 millones de trabajadoras;\u00a0omisos \u00a0patronal, \u00a0 gobierno y sindicatos"},"content":{"rendered":"\n<p class=\"wp-block-paragraph\">Ning\u00fan &nbsp;informe sobre e medidas a que obliga el Convenio 190 de la OIT, cambios legales&nbsp;congelados &nbsp;<\/p>\n\n\n\n<p class=\"wp-block-paragraph\">Incre\u00edble: despiden a &nbsp;m\u00e1s de 2 millones 700 mil &nbsp;trabajadoras &nbsp;embarazadas, en 2025<\/p>\n\n\n\n<p class=\"wp-block-paragraph\">Denuncias escasas, cuando las hay tarda 19 a\u00f1os o 12 &nbsp;en tribunales &nbsp;<\/p>\n\n\n\n<p class=\"wp-block-paragraph\">Algunas lideres sindicales se organizan para que no queden impunes los abusos y&nbsp;elaboran protocolos &nbsp;<\/p>\n\n\n\n<p class=\"wp-block-paragraph\">Sara Lovera 3 y \u00faltima parte &nbsp;<\/p>\n\n\n\n<p class=\"wp-block-paragraph\">\u201cAh\u00ed donde yo &nbsp;trabajo deb\u00eda sumarse un nuevo y m\u00e1s nutrido violent\u00f3metro. Nos sucede&nbsp;todo, discriminaci\u00f3n, &nbsp;abuso y acoso sexual, burlas, amenazas y otras violencias cotidianas&nbsp;mientras laboramos y luchamos por ser reconocidas\u201d, dice sin miedo Thelma Alicia Casas&nbsp;Gonz\u00e1lez de la coalici\u00f3n sindical de bomberos de la Ciudad de M\u00e9xico, operaria, que&nbsp;apaga incendios.<\/p>\n\n\n\n<p class=\"wp-block-paragraph\">Su testimonio es una muestra de las 8 millones de trabajadoras formales que viven&nbsp;violencia de g\u00e9nero en sus centros laborales en 2025. Mientras ni patrones ni gobierno&nbsp;han cumplido con el Convenio 190 de la OIT Que&nbsp;entr\u00f3 en vigor en M\u00e9xico el 6 de julio de&nbsp;2023, un a\u00f1o despu\u00e9s de que el pa\u00eds lo ratificara, y de lo que ha sucedido, tampoco informa&nbsp;el gobierno federal. &nbsp;<\/p>\n\n\n\n<p class=\"wp-block-paragraph\">Mientras la realidad &nbsp;es alarmante y &nbsp;todav\u00eda a 2.7 millones de mujeres las despiden por&nbsp;estar embarazadas, luego de 40 a\u00f1os que ello fue prohibido. Escasean la inspecci\u00f3n en&nbsp;el trabajo, m\u00e1s que antes de 2018, dice el abogado laboralista Manuel Fuentes Mu\u00f1iz-&nbsp;Tambi\u00e9n es violencia la brecha salarial, la negativa a los ascensos y el hostigamiento, afirma la Gu\u00eda para documentar casos de discriminaci\u00f3n y violencia laboral contra las&nbsp;mujeres de la Red de Mujeres Sindicalistas RMS. &nbsp;<\/p>\n\n\n\n<p class=\"wp-block-paragraph\">Y aunque hay directivas, previsiones &nbsp;en la Ley Federal del Trabajo y obligaciones&nbsp;nacionales e internacionales para el gobierno, sindicatos &nbsp;y la patronal, un caso puede&nbsp;durar 19 a\u00f1os dentro de &nbsp;una empresa y otro 12 a\u00f1os en tribunales, sin justicia. &nbsp;<\/p>\n\n\n\n<p class=\"wp-block-paragraph\">Hay pocos protocolos y las denuncias se quedan en el despido del o los violentadores.&nbsp;Pocos en lo penal. &nbsp;Hay una cifra negra de violencias porque las mujeres no denuncian&nbsp;por miedo a perder el empleo, seg\u00fan dirigentes sindicales, trabajadoras participantes en&nbsp;de la RMS y casos concretos. Apenas hay acciones, relat\u00f3 Taid\u00e9 Alejandra Gonz\u00e1lez Baca,&nbsp;secretaria general de FSUCROM, al se\u00f1alar que es una larga lucha por los derechos.<\/p>\n\n\n\n<p class=\"wp-block-paragraph\">Las estad\u00edsticas de INEGI de este noviembre &nbsp;se\u00f1alan que 7.9 millones de trabajadoras&nbsp;han experimentado alg\u00fan tipo de violencia laboral, el 26.9 por ciento de todas las&nbsp;registradas en el Instituto Mexicano del Seguro Social; seg\u00fan el grupo de trabajo de las&nbsp;comisiones unidas del Congreso, que al final de 2022 ya ten\u00eda un dictamen para actualizar&nbsp;la Ley Federal del Trabajo al convenio 190 , &nbsp;4 de cada 10 trabajadoras por &nbsp;agresiones&nbsp;sexuales abandonan su empleo. &nbsp;<\/p>\n\n\n\n<p class=\"wp-block-paragraph\">Organizadas en sindicatos, una red de trabajadoras y l\u00edderes, acad\u00e9micas y universitarias,&nbsp;consultadas por SemM\u00e9xico concluyen que la violencia laboral contra las mujeres en&nbsp;M\u00e9xico es una problem\u00e1tica persistente y alarmante que lastima en &nbsp;desarrollo profesional,&nbsp;afecta su bienestar f\u00edsico y psicol\u00f3gico, y perpet\u00faa desigualdades en el lugar de trabajo.&nbsp;Tanto como a la productividad.<\/p>\n\n\n\n<p class=\"wp-block-paragraph\">Las modificaciones a la Ley Federal del Trabajo, que deben ajustarse al Convenio 190 de&nbsp;la OIT sobre entornos laborales violentos est\u00e1n congeladas en la C\u00e1mara de Diputados,&nbsp;desde hace 2 a\u00f1os, afirm\u00f3 la diputada Patricia Mercado, &nbsp;igual que en otras que se&nbsp;iniciaron y aprobaron en el Senado, y no obstante &nbsp;la modificaci\u00f3n constitucional de la&nbsp;presidenta de la Rep\u00fablica sobre violencia y reducci\u00f3n de la brecha salarial. Incumple el&nbsp;sector privado y el gobierno.<\/p>\n\n\n\n<p class=\"wp-block-paragraph\"><strong><em>Mientras Luz Ma. Salazar, del SNTE, es una de las m\u00e1s de 9 mil&nbsp;<\/em><\/strong><strong><em>trabajadoras sociales que trabajan en la Secretar\u00eda de&nbsp;<\/em><\/strong><strong><em>Educaci\u00f3n P\u00fablica, dijo que ah\u00ed hace 10 a\u00f1os nadie las&nbsp;<\/em><\/strong><strong><em>escucha, est\u00e1n clasificadas como t\u00e9cnicas, a pesar de ser&nbsp;<\/em><\/strong><strong><em>profesionales y egresadas de la UNAM<\/em><\/strong><em>.<\/em><\/p>\n\n\n\n<p class=\"wp-block-paragraph\">\u201c<strong><em>Eso que significa &nbsp;-compa\u00f1eras- que el salario es reducido, no hay prestaciones&nbsp;<\/em><\/strong><strong><em>profesionales y la prensi\u00f3n por vejez o discapacidad, es inferior al salario m\u00ednimo<\/em><\/strong>\u201d.<\/p>\n\n\n\n<p class=\"wp-block-paragraph\">Los testimonios los recogi\u00f3 SemM\u00e9xico durante la presentaci\u00f3n de&nbsp;<em>la Gu\u00eda &nbsp;para&nbsp;<\/em><em>documentar casos de discriminaci\u00f3n y violencia laboral<\/em>&nbsp;&nbsp;que sistematiz\u00f3 la doctora Claudia&nbsp;Dom\u00ednguez &nbsp;Hern\u00e1ndez con &nbsp;la experiencia de trabajadoras de la CROM &nbsp;y la COR; m\u00e1s&nbsp;decenas de &nbsp;trabajadoras de todo el pa\u00eds realizados por la RMS.<\/p>\n\n\n\n<p class=\"wp-block-paragraph\"><strong>8 mil agresiones conocidas, la mayor\u00eda no denuncia<\/strong><\/p>\n\n\n\n<p class=\"wp-block-paragraph\">La violencia laboral, no obstante, dijo &nbsp;Denice Marlen Zetina D\u00edaz , subprocuradora de&nbsp;Atenci\u00f3n a Mujeres de la Procuradur\u00eda de Defensa al Trabajo de la CDMX, &nbsp;no se denuncia&nbsp;por miedo, por temor a ser despedidas, por no conocer que instancias y procedimientos&nbsp;las pueden &nbsp;ayudar.<\/p>\n\n\n\n<p class=\"wp-block-paragraph\"><strong><em>Karina Mu\u00f1oz, Secretaria de la Mujer de SUMATE Jalisco, de la&nbsp;<\/em><\/strong><strong><em>CROC, dijo:\u201d En una planta de Jalisco, durante 19 a\u00f1os un&nbsp;<\/em><\/strong><strong><em>trabajador abus\u00f3 de decenas de mujeres, es un hostigador&nbsp;<\/em><\/strong><strong><em>profesional, protegido por sus compa\u00f1eros y compa\u00f1eras, por&nbsp;<\/em><\/strong><strong><em>los patrones. Al fin, cuando hicimos un protocolo, casi 3&nbsp;<\/em><\/strong><strong><em>lustros despu\u00e9s est\u00e1 acusado gracias al valor de una de&nbsp;<\/em><\/strong><strong><em>muchas, apenas empezaron a hablar\u201d.<\/em><\/strong><\/p>\n\n\n\n<p class=\"wp-block-paragraph\">Hasta ahora las denuncias en &nbsp;los tribunales laborales empiezan a tener efecto, hace muy&nbsp;poco no fueron consideradas. Pero todo es relativo, la funcionaria Procuradur\u00eda de&nbsp;Defensa al Trabajo de la CDMX, &nbsp;dijo que ahora podr\u00eda ser peor, porque los nuevos jueces&nbsp;y jefes de tribunales, \u201cllegan sin experiencia\u201d y &nbsp;sin carrera judicial en muchos casos.<\/p>\n\n\n\n<p class=\"wp-block-paragraph\"><strong><em>En Radio Educaci\u00f3n, de la SEP federal, muchas trabajadoras&nbsp;<\/em><\/strong><strong><em>tienen a\u00f1os sin contrato ni derechos; los casos de violencia&nbsp;<\/em><\/strong><strong><em>sexual &nbsp;se minimizan, y es cotidiana la violencia psicol\u00f3gicas,&nbsp;<\/em><\/strong><strong><em>\u201cno llegamos Todas, dice Edith Rojas, productora de la&nbsp;<\/em><\/strong><strong><em>estaci\u00f3n<\/em><\/strong><em>. &nbsp; &nbsp; &nbsp; &nbsp; &nbsp; &nbsp; &nbsp; &nbsp; &nbsp; &nbsp;&nbsp;<\/em>&nbsp; &nbsp; &nbsp; &nbsp; &nbsp; &nbsp; &nbsp; &nbsp; &nbsp; &nbsp; &nbsp; &nbsp; &nbsp; &nbsp; &nbsp; &nbsp; &nbsp; &nbsp; &nbsp; &nbsp; &nbsp; &nbsp; &nbsp; &nbsp; &nbsp; &nbsp; &nbsp; &nbsp; &nbsp; &nbsp; &nbsp; &nbsp; &nbsp; &nbsp; &nbsp; &nbsp; &nbsp; &nbsp; &nbsp; &nbsp; &nbsp; &nbsp; &nbsp; &nbsp; &nbsp; &nbsp; &nbsp; &nbsp; &nbsp; &nbsp; &nbsp; &nbsp; &nbsp; &nbsp; &nbsp; &nbsp; &nbsp; &nbsp; &nbsp; &nbsp; &nbsp; &nbsp; &nbsp; &nbsp; &nbsp; &nbsp; &nbsp; &nbsp; &nbsp; &nbsp; &nbsp; &nbsp; &nbsp; &nbsp; &nbsp; &nbsp; &nbsp; &nbsp; &nbsp; &nbsp; &nbsp; &nbsp; &nbsp; &nbsp; &nbsp; &nbsp; &nbsp; &nbsp; &nbsp; &nbsp; &nbsp; &nbsp; &nbsp; &nbsp; &nbsp; &nbsp; &nbsp; &nbsp; &nbsp; &nbsp; &nbsp; &nbsp; &nbsp; &nbsp; &nbsp; &nbsp; &nbsp; &nbsp; &nbsp; &nbsp; &nbsp; &nbsp; &nbsp; &nbsp; &nbsp; &nbsp; &nbsp; &nbsp; &nbsp; &nbsp; &nbsp; &nbsp;<\/p>\n\n\n\n<p class=\"wp-block-paragraph\"><strong>2025 hace 6 meses<\/strong><\/p>\n\n\n\n<p class=\"wp-block-paragraph\">\u00bfQui\u00e9n las violenta\u201d. De las agresiones reportadas por Inegi, las recogidas por el Congreso&nbsp;y las estudiadas en la academia? &nbsp;35.2% provinieron de compa\u00f1eros de trabajo y el 37.6%&nbsp;de personas en puestos directivos. Adem\u00e1s, el 47.9% de las agresiones fueron de tipo&nbsp;sexual y hasta el 90% fueron perpetradas por hombres.<\/p>\n\n\n\n<p class=\"wp-block-paragraph\">Adem\u00e1s &nbsp;la violencia contra las trabajadoras en los centros de trabajo, o el deseo de &nbsp;mejorar sus &nbsp;las condiciones laborales, &nbsp;todav\u00eda enfrentan problemas relacionados con la&nbsp;seguridad, salarios bajos y discriminaci\u00f3n.<\/p>\n\n\n\n<p class=\"wp-block-paragraph\">En lo que va de 2025, se han registrado m\u00e1s de 9,900 denuncias por acoso u&nbsp;hostigamiento sexual ante las autoridades mexicanas.<\/p>\n\n\n\n<p class=\"wp-block-paragraph\">Un informe del INEGI de noviembre de 2025 menciona que el 26.9% de las reportaron&nbsp;haber sido acosadas<\/p>\n\n\n\n<p class=\"wp-block-paragraph\">Un 22% de las profesionistas mexicanas ha sido v\u00edctima de&nbsp;<em>mobbing<\/em>&nbsp;o acoso laboral<\/p>\n\n\n\n<p class=\"wp-block-paragraph\">Cuatro de cada 10 personas que sufren acoso sexual en el trabajo optan por abandonar&nbsp;su empleo.<\/p>\n\n\n\n<p class=\"wp-block-paragraph\">M\u00e1s de 66 mil mujeres dejaron su trabajo debido al acoso laboral, seg\u00fan un informe de&nbsp;marzo de 2024.<\/p>\n\n\n\n<p class=\"wp-block-paragraph\">Estas cifras muestran que la violencia y el acoso sexual laboral son problemas persistentes&nbsp;y graves en M\u00e9xico, con un n\u00famero significativo de casos reportados y muchos otros que&nbsp;probablemente no se denuncian.<\/p>\n\n\n\n<p class=\"wp-block-paragraph\">En una reuni\u00f3n previa de la Red de Mujeres Sindicalistas trabajadoras del STUNAM,&nbsp;AVON- Natura, entre otras organizaciones, denunciaron &nbsp;haber sufrido acoso y violencia&nbsp;laboral no solo por parte de superiores, sino tambi\u00e9n por compa\u00f1eras y compa\u00f1eros&nbsp;sindicalistas.<\/p>\n\n\n\n<p class=\"wp-block-paragraph\">Y dijeron que pese a presentar denuncias internas, en varios casos los sindicatos han&nbsp;continuado protegiendo a agresores o malos liderazgos, lo que agudiza el conflicto entre&nbsp;v\u00edctimas y victimarios.<\/p>\n\n\n\n<p class=\"wp-block-paragraph\">La red reconoce que, aunque existen avances normativos y herramientas internacionales,&nbsp;la violencia laboral y sindical contra las mujeres contin\u00faa siendo una realidad cotidiana.<\/p>\n\n\n\n<p class=\"wp-block-paragraph\"><strong>Manifestaciones de la violencia laboral<\/strong><\/p>\n\n\n\n<p class=\"wp-block-paragraph\"><strong>Discriminaci\u00f3n<\/strong>: Las mujeres enfrentan menos oportunidades de ascenso y ganan&nbsp;aproximadamente un 20% menos que los hombres por el mismo trabajo.<\/p>\n\n\n\n<p class=\"wp-block-paragraph\"><strong>Acoso laboral<\/strong>: Incluye comportamientos como comentarios inapropiados, insinuaciones&nbsp;sexuales, gestos invasivos, solicitudes de acompa\u00f1amiento a citas o el uso de&nbsp;compa\u00f1eros para crear ambientes de trabajo hostiles.<\/p>\n\n\n\n<p class=\"wp-block-paragraph\"><strong>Brecha salarial<\/strong>: pago de 20 por &nbsp;ciento menos que los de los hombres por labores&nbsp;semejantes.<\/p>\n\n\n\n<p class=\"wp-block-paragraph\"><strong>Seg\u00fan la Gu\u00eda las manifestaciones de violencia identificadas son:<\/strong><\/p>\n\n\n\n<p class=\"wp-block-paragraph\">Discriminaci\u00f3n Laboral se refiere a cualquier distinci\u00f3n, exclusi\u00f3n, restricci\u00f3n o preferencia&nbsp;que basada en g\u00e9nero tenga el efecto de anular o limitar el reconocimiento, goce o ejercicio&nbsp;de los derechos laborales.<\/p>\n\n\n\n<p class=\"wp-block-paragraph\"><strong>Violencia Labora<\/strong>l: acoso en el mundo del trabajo es un conjunto de pr\u00e1cticas inaceptables&nbsp;o amenazas que cusen da\u00f1o f\u00edsico, psicol\u00f3gico, sexual o econ\u00f3mico.<\/p>\n\n\n\n<p class=\"wp-block-paragraph\"><strong>Hostigamiento<\/strong>. Ejercicio del poder en una relaci\u00f3n subordinada frente al agresor,&nbsp;expresada en conductas verbales, f\u00edsicas o amagas (prevista art. 3bis de la LFT. Puede&nbsp;ser sexual o laboral.<\/p>\n\n\n\n<p class=\"wp-block-paragraph\"><strong>La gu\u00eda propone algunas acciones, que las dirigentes dijeron \u201cdif\u00edciles\u201d, estas son:<\/strong><\/p>\n\n\n\n<p class=\"wp-block-paragraph\">Narrar los hechos, identificar a la persona agresora, &nbsp;revisar en su sindicato o empresa, la&nbsp;existencia o no de un protocolo contra el hostigamiento y contra la violencia de g\u00e9nero.<\/p>\n\n\n\n<p class=\"wp-block-paragraph\">Documentar cada caso con pruebas, declaraciones de testigos, correos &nbsp;y mensajes, &nbsp;grabaciones y &nbsp; videos expl\u00edcitos.<\/p>\n\n\n\n<p class=\"wp-block-paragraph\">Construir una red de apoyo &nbsp;<\/p>\n\n\n\n<p class=\"wp-block-paragraph\"><strong>Se explica en la Gu\u00eda las bases jur\u00eddicas existentes<\/strong>.<\/p>\n\n\n\n<p class=\"wp-block-paragraph\">A pesar de todo, hacer la denuncia, ir a los tribunales, Mar\u00eda Gabriela Ram\u00edrez Hern\u00e1ndez,&nbsp;de la CNDH, inici\u00f3 hace 12 a\u00f1os una denuncia por hostigamiento y abuso sexual. Han&nbsp;declarado culpable al demandado y \u00e9ste sigue libre y sin castigo. S\u00f3lo fue separado de su&nbsp;empleo. Esta es una de las principales fallas, en lo laboral o penal en su caso, explic\u00f3 la&nbsp;maestra Taid\u00e9 Alejandra Gonz\u00e1lez Baca, secretaria general de FSUCROM.<\/p>\n\n\n\n<p class=\"wp-block-paragraph\"><\/p>\n","protected":false},"excerpt":{"rendered":"<p>Ning\u00fan &nbsp;informe sobre e medidas a que obliga el Convenio 190 de la OIT, cambios legales&nbsp;congelados &nbsp; Incre\u00edble: despiden a &nbsp;m\u00e1s de 2 millones 700 mil &nbsp;trabajadoras &nbsp;embarazadas, en 2025 Denuncias escasas, cuando las hay tarda 19 a\u00f1os o 12 &nbsp;en tribunales &nbsp; Algunas lideres sindicales se organizan para que no queden impunes los abusos [&hellip;]<\/p>\n","protected":false},"author":3,"featured_media":100735,"comment_status":"open","ping_status":"open","sticky":false,"template":"","format":"standard","meta":{"_monsterinsights_skip_tracking":false,"footnotes":""},"categories":[1148,27,897],"tags":[],"class_list":["post-100730","post","type-post","status-publish","format-standard","has-post-thumbnail","category-25n-2025","category-cobertura-especial","category-especial"],"_links":{"self":[{"href":"https:\/\/redsemlac.com\/semmexico\/wp-json\/wp\/v2\/posts\/100730","targetHints":{"allow":["GET"]}}],"collection":[{"href":"https:\/\/redsemlac.com\/semmexico\/wp-json\/wp\/v2\/posts"}],"about":[{"href":"https:\/\/redsemlac.com\/semmexico\/wp-json\/wp\/v2\/types\/post"}],"author":[{"embeddable":true,"href":"https:\/\/redsemlac.com\/semmexico\/wp-json\/wp\/v2\/users\/3"}],"replies":[{"embeddable":true,"href":"https:\/\/redsemlac.com\/semmexico\/wp-json\/wp\/v2\/comments?post=100730"}],"version-history":[{"count":0,"href":"https:\/\/redsemlac.com\/semmexico\/wp-json\/wp\/v2\/posts\/100730\/revisions"}],"wp:featuredmedia":[{"embeddable":true,"href":"https:\/\/redsemlac.com\/semmexico\/wp-json\/wp\/v2\/media\/100735"}],"wp:attachment":[{"href":"https:\/\/redsemlac.com\/semmexico\/wp-json\/wp\/v2\/media?parent=100730"}],"wp:term":[{"taxonomy":"category","embeddable":true,"href":"https:\/\/redsemlac.com\/semmexico\/wp-json\/wp\/v2\/categories?post=100730"},{"taxonomy":"post_tag","embeddable":true,"href":"https:\/\/redsemlac.com\/semmexico\/wp-json\/wp\/v2\/tags?post=100730"}],"curies":[{"name":"wp","href":"https:\/\/api.w.org\/{rel}","templated":true}]}}