{"id":10071,"date":"2019-07-23T22:03:23","date_gmt":"2019-07-23T22:03:23","guid":{"rendered":"https:\/\/redsemlac.com\/semmexico\/?p=10071"},"modified":"2023-07-21T14:51:21","modified_gmt":"2023-07-21T19:51:21","slug":"se-va-a-elegir-por-votacion-a-quien-presidira-la-mesa-directiva-del-senado-dijo-ricardo-monreal","status":"publish","type":"post","link":"https:\/\/redsemlac.com\/semmexico\/se-va-a-elegir-por-votacion-a-quien-presidira-la-mesa-directiva-del-senado-dijo-ricardo-monreal\/","title":{"rendered":"Se va a elegir por votaci\u00f3n a quien presidir\u00e1 la Mesa Directiva del Senado, dijo Ricardo Monreal"},"content":{"rendered":"\n<p class=\"wp-block-paragraph\"><strong>Paridad causa pol\u00e9mica en el Senado<\/strong>.\u00a0<\/p>\n\n\n\n<p class=\"wp-block-paragraph\"><strong>Elda Montiel\u00a0<\/strong>\u00a0\u00a0\u00a0\u00a0\u00a0\u00a0\u00a0\u00a0\u00a0\u00a0\u00a0\u00a0\u00a0\u00a0\u00a0\u00a0\u00a0\u00a0\u00a0\u00a0<\/p>\n\n\n\n<p class=\"wp-block-paragraph\">SemM\u00e9xico. Cd. de M\u00e9xico. 23 de julio de 2019.- El senador Ricardo Monreal \u00c1vila, dijo que no quer\u00eda entrar en confrontaci\u00f3n respecto a la postura del senador Mart\u00ed Batres, que dijo que, si era removido como presidente de la Mesa Directiva del Senado bajo el argumento de la paridad de g\u00e9nero, entonces la coordinaci\u00f3n de Morena que preside Monreal tambi\u00e9n deber\u00eda cambiar.&nbsp;&nbsp;<\/p>\n\n\n\n<p class=\"wp-block-paragraph\">El presidente de la Junta de Coordinaci\u00f3n Pol\u00edtica del Senado de la Rep\u00fablica, Ricardo Monreal, dijo que en la tercera semana van a decidir por mayor\u00eda quien preside la Mesa Directiva del Senado para el pr\u00f3ximo a\u00f1o.<\/p>\n\n\n\n<p class=\"wp-block-paragraph\">Cuestionado respecto a que si la mayor\u00eda de Morena elige a una mujer podr\u00eda generar problemas internos, el senador Batres desestim\u00f3 el tema como importante cuando hay tantos problemas en el pa\u00eds que atender.<\/p>\n\n\n\n<p class=\"wp-block-paragraph\">No quiso pronunciarse por quien dirigir\u00e1 la Mesa Directiva, y que lo van a hacer mediante una convocatoria con todas las senadoras y senadores, y que se va a votar en urnas transparentes.<\/p>\n\n\n\n<p class=\"wp-block-paragraph\">Anteriormente el senador Mart\u00ed Batres hab\u00eda declarado que desconoc\u00eda que se hubieran postulado cuatro legisladores para participar en la elecci\u00f3n de Presidente para la Mesa Directiva del Senado, entre ellos, M\u00f3nica Fern\u00e1ndez, como hab\u00eda afirmado Ricardo Monreal.<\/p>\n","protected":false},"excerpt":{"rendered":"<p>Paridad causa pol\u00e9mica en el Senado<\/p>\n","protected":false},"author":3,"featured_media":10072,"comment_status":"open","ping_status":"open","sticky":false,"template":"","format":"standard","meta":{"_monsterinsights_skip_tracking":false,"footnotes":""},"categories":[690,50],"tags":[],"class_list":["post-10071","post","type-post","status-publish","format-standard","has-post-thumbnail","category-690","category-congreso"],"_links":{"self":[{"href":"https:\/\/redsemlac.com\/semmexico\/wp-json\/wp\/v2\/posts\/10071","targetHints":{"allow":["GET"]}}],"collection":[{"href":"https:\/\/redsemlac.com\/semmexico\/wp-json\/wp\/v2\/posts"}],"about":[{"href":"https:\/\/redsemlac.com\/semmexico\/wp-json\/wp\/v2\/types\/post"}],"author":[{"embeddable":true,"href":"https:\/\/redsemlac.com\/semmexico\/wp-json\/wp\/v2\/users\/3"}],"replies":[{"embeddable":true,"href":"https:\/\/redsemlac.com\/semmexico\/wp-json\/wp\/v2\/comments?post=10071"}],"version-history":[{"count":0,"href":"https:\/\/redsemlac.com\/semmexico\/wp-json\/wp\/v2\/posts\/10071\/revisions"}],"wp:featuredmedia":[{"embeddable":true,"href":"https:\/\/redsemlac.com\/semmexico\/wp-json\/wp\/v2\/media\/10072"}],"wp:attachment":[{"href":"https:\/\/redsemlac.com\/semmexico\/wp-json\/wp\/v2\/media?parent=10071"}],"wp:term":[{"taxonomy":"category","embeddable":true,"href":"https:\/\/redsemlac.com\/semmexico\/wp-json\/wp\/v2\/categories?post=10071"},{"taxonomy":"post_tag","embeddable":true,"href":"https:\/\/redsemlac.com\/semmexico\/wp-json\/wp\/v2\/tags?post=10071"}],"curies":[{"name":"wp","href":"https:\/\/api.w.org\/{rel}","templated":true}]}}