{"id":10067,"date":"2019-07-23T21:55:05","date_gmt":"2019-07-23T21:55:05","guid":{"rendered":"https:\/\/redsemlac.com\/semmexico\/?p=10067"},"modified":"2023-07-21T14:51:21","modified_gmt":"2023-07-21T19:51:21","slug":"necesario-repensar-la-respuesta-al-vih-para-terminar-con-la-epidemia-en-2030","status":"publish","type":"post","link":"https:\/\/redsemlac.com\/semmexico\/necesario-repensar-la-respuesta-al-vih-para-terminar-con-la-epidemia-en-2030\/","title":{"rendered":"Necesario repensar la respuesta al VIH para terminar con la epidemia en 2030"},"content":{"rendered":"\n<p class=\"wp-block-paragraph\"><strong>Redacci\u00f3n&nbsp;<\/strong><\/p>\n\n\n\n<p class=\"wp-block-paragraph\">SemM\u00e9xico. Cd. de M\u00e9xico. 23 de julio de 2019.- La Directora de la Organizaci\u00f3n Panamericana de la Salud (OPS) y Directora Regional para las Am\u00e9ricas de la Organizaci\u00f3n Mundial de la Salud (OMS), Carissa F. Etienne, destac\u00f3 que la innovaci\u00f3n cient\u00edfica ha logrado un progreso sin precedentes contra el VIH\/sida, pero inst\u00f3 a repensar la respuesta para poner fin a la epidemia.&nbsp;<\/p>\n\n\n\n<p class=\"wp-block-paragraph\">Durante su participaci\u00f3n&nbsp;&nbsp;en la 10\u00aa Conferencia IAS sobre Ciencia del VIH (IAS2019) organizada por la Sociedad Internacional de Sida del 21 al 24 de julio en la ciudad de M\u00e9xico, la Directora de la OPS\/OMS&nbsp;&nbsp;se\u00f1al\u00f3 que la ciencia ha guiado la innovaci\u00f3n hacia un progreso sin precedentes en la respuesta a una enfermedad infecciosa que, hasta hace poco, representaba una amenaza para la vida de muchas personas\u201d. Sin embargo, agreg\u00f3, que el mundo no est\u00e1 en camino de alcanzar el objetivo de eliminar el sida como una amenaza para la salud p\u00fablica para el 2030.<\/p>\n\n\n\n<p class=\"wp-block-paragraph\">\u201cSobre la base de nuestros \u00e9xitos anteriores, es hora de reconsiderar nuestra respuesta para asegurarnos de alcanzar nuestros objetivos de VIH\u201d, sostuvo y consider\u00f3 que \u201cel camino para acabar con el sida corre a trav\u00e9s de brindar acceso y cobertura de salud universal\u201d.<\/p>\n\n\n\n<p class=\"wp-block-paragraph\">Seg\u00fan Etienne, la agenda de desarrollo sostenible y el revitalizado compromiso global con la cobertura de salud universal son una oportunidad para la sostenibilidad y el financiamiento de la respuesta al VIH as\u00ed como para la integraci\u00f3n y ampliaci\u00f3n de la prevenci\u00f3n, testeo y tratamiento de la infecci\u00f3n con otros servicios de salud.&nbsp;<\/p>\n\n\n\n<figure class=\"wp-block-image\"><img decoding=\"async\" src=\"https:\/\/redsemlac.com\/semmexico\/wp-content\/uploads\/2019\/07\/INTERNACIONAL-2-1024x577.jpg\" alt=\"\" class=\"wp-image-10068\"\/><\/figure>\n\n\n\n<p class=\"wp-block-paragraph\"><strong>Uno de los mayores problemas de salud<\/strong><\/p>\n\n\n\n<p class=\"wp-block-paragraph\">De acuerdo a informaci\u00f3n de ONU Sida, el VIH, que contin\u00faa siendo uno de los mayores problemas para la salud p\u00fablica mundial, se ha cobrado ya m\u00e1s de 35 millones de vidas. En 2016, un mill\u00f3n de personas fallecieron en el mundo por causas relacionadas con este virus.<\/p>\n\n\n\n<p class=\"wp-block-paragraph\">Las nuevas infecciones de VIH registraron un aumento en Europa del Este y Asia Central (+ 29%), Oriente Medio y \u00c1frica del Norte (+ 10%), y en Am\u00e9rica Latina (+ 7%). Las poblaciones clave (hombres que tienen sexo con hombres, trans y trabajadoras sexuales) y sus parejas sexuales ahora representan hasta el 54% de las nuevas infecciones en todo el mundo, pero menos del 50% son alcanzados con el abanico de m\u00e9todos de prevenci\u00f3n que combinados pueden evitar la infecci\u00f3n.<br><\/p>\n\n\n\n<p class=\"wp-block-paragraph\"><strong>El panorama en la regi\u00f3n de Am\u00e9rica Latina<\/strong><\/p>\n\n\n\n<p class=\"wp-block-paragraph\">Durante la IAS209 Massimo Ghidinelli, jefe de la Unidad de VIH, Hepatitis, Tuberculosis e Infecciones de Transmisi\u00f3n Sexual de la OPS\/OMS habl\u00f3 sobre el panorama de esta epidemia en la regi\u00f3n de Am\u00e9rica Latina y el Caribe destacando que actualmente hay un estancamiento en las acciones de prevenci\u00f3n y tratamiento.<\/p>\n\n\n\n<p class=\"wp-block-paragraph\">En la regi\u00f3n hay un estancamiento en la respuesta, por eso es pertinente&nbsp;&nbsp;hacer un llamado para no perder la oportunidad de seguir trabajando en la prevenci\u00f3n, tratamiento y eliminaci\u00f3n del VIH\/Sida, explic\u00f3.<\/p>\n\n\n\n<p class=\"wp-block-paragraph\">\u201cEsta regi\u00f3n por muchos a\u00f1os se mantuvo como la primera a nivel mundial en la cobertura de tratamientos antiretrovirales y aunque sigue aumentado el n\u00famero de personas que se suman a estos tratamientos, ahora es la regi\u00f3n de \u00c1frica Subsahariana quien ocupa el primer lugar\u201d.<\/p>\n\n\n\n<p class=\"wp-block-paragraph\">Hay que pensar un poco, dijo Ghidinelli para no dejar de lado los esfuerzos y las inversiones. \u201cHay datos preocupantes, las nuevas infecciones han aumentado en raz\u00f3n de 7% respecto al 2010 y uno de cada 3 casos son en j\u00f3venes de 15 a 24 a\u00f1os, es decir en poblaciones muy j\u00f3venes. Adem\u00e1s, 2 de cada 3 de las nuevas infecciones se dan en poblaciones clave, es decir que la epidemia crece en poblaciones definidas lo que nos dice que la respuesta no est\u00e1 siendo dirigida de manera suficiente.\u201d\u00a0<\/p>\n\n\n\n<p class=\"wp-block-paragraph\"> SEM\/GR<br><\/p>\n","protected":false},"excerpt":{"rendered":"<p>La ciencia ha guiado la innovaci\u00f3n hacia un progreso sin precedentes en la respuesta a una enfermedad infecciosa que, hasta hace poco, representaba una amenaza para la vida de muchas personas<\/p>\n","protected":false},"author":3,"featured_media":10069,"comment_status":"open","ping_status":"open","sticky":false,"template":"","format":"standard","meta":{"_monsterinsights_skip_tracking":false,"footnotes":""},"categories":[690,53],"tags":[],"class_list":["post-10067","post","type-post","status-publish","format-standard","has-post-thumbnail","category-690","category-internacional"],"_links":{"self":[{"href":"https:\/\/redsemlac.com\/semmexico\/wp-json\/wp\/v2\/posts\/10067","targetHints":{"allow":["GET"]}}],"collection":[{"href":"https:\/\/redsemlac.com\/semmexico\/wp-json\/wp\/v2\/posts"}],"about":[{"href":"https:\/\/redsemlac.com\/semmexico\/wp-json\/wp\/v2\/types\/post"}],"author":[{"embeddable":true,"href":"https:\/\/redsemlac.com\/semmexico\/wp-json\/wp\/v2\/users\/3"}],"replies":[{"embeddable":true,"href":"https:\/\/redsemlac.com\/semmexico\/wp-json\/wp\/v2\/comments?post=10067"}],"version-history":[{"count":0,"href":"https:\/\/redsemlac.com\/semmexico\/wp-json\/wp\/v2\/posts\/10067\/revisions"}],"wp:featuredmedia":[{"embeddable":true,"href":"https:\/\/redsemlac.com\/semmexico\/wp-json\/wp\/v2\/media\/10069"}],"wp:attachment":[{"href":"https:\/\/redsemlac.com\/semmexico\/wp-json\/wp\/v2\/media?parent=10067"}],"wp:term":[{"taxonomy":"category","embeddable":true,"href":"https:\/\/redsemlac.com\/semmexico\/wp-json\/wp\/v2\/categories?post=10067"},{"taxonomy":"post_tag","embeddable":true,"href":"https:\/\/redsemlac.com\/semmexico\/wp-json\/wp\/v2\/tags?post=10067"}],"curies":[{"name":"wp","href":"https:\/\/api.w.org\/{rel}","templated":true}]}}