{"id":100642,"date":"2025-11-23T15:07:13","date_gmt":"2025-11-23T21:07:13","guid":{"rendered":"https:\/\/redsemlac.com\/semmexico\/?p=100642"},"modified":"2025-11-23T15:07:13","modified_gmt":"2025-11-23T21:07:13","slug":"la-vida-y-las-ideas-de-hannah-arendt-en-una-biografia-que-ilumina-su-vigencia","status":"publish","type":"post","link":"https:\/\/redsemlac.com\/semmexico\/la-vida-y-las-ideas-de-hannah-arendt-en-una-biografia-que-ilumina-su-vigencia\/","title":{"rendered":"La vida y las ideas de Hannah Arendt, en una biograf\u00eda que ilumina su vigencia"},"content":{"rendered":"\n<p class=\"wp-block-paragraph\">Hannah Arendt. Una biograf\u00eda intelectual, de Thomas Meyer (Anagrama). Foto: imagen creada con inteligencia artificial.<\/p>\n\n\n\n<p class=\"wp-block-paragraph\"><strong>El fil\u00f3sofo alem\u00e1n Thomas Meyer reconstruye la trayectoria de la pensadora. Desde su v\u00ednculo con Heidegger hasta su reflexi\u00f3n sobre el mal<\/strong><\/p>\n\n\n\n<p class=\"wp-block-paragraph\"><strong>La obra incluye archivos in\u00e9ditos y cartas para trazar una imagen renovada de la pensadora judeo-alemana y propone una lectura profunda del siglo XX.<\/strong><\/p>\n\n\n\n<p class=\"wp-block-paragraph\">Esteban Ierardo*<\/p>\n\n\n\n<p class=\"wp-block-paragraph\">SemM\u00e9xico, Cd. de M\u00e9xico, 23 de noviembre, 2025.- Las grandes personalidades cosechan biograf\u00edas a su paso. Esto incluye a&nbsp;Hannah Arendt&nbsp;(1906-1975), la<strong>&nbsp;libre pensadora&nbsp;judeo-alemana<\/strong>&nbsp;que naveg\u00f3 entre las olas tempestuosas de su tiempo. El filo de su intelecto roz\u00f3 las \u00e1speras superficies de los&nbsp; totalitarismos, la tormenta siniestra del&nbsp;<strong>Holocausto<\/strong>, las amenazas a las libertades y el fortalecimiento de la&nbsp;<strong>mentira&nbsp;<\/strong>como gram\u00e1tica perversa de lo pol\u00edtico.<\/p>\n\n\n\n<figure class=\"wp-block-image size-large\"><a href=\"https:\/\/redsemlac.com\/semmexico\/wp-content\/uploads\/2025\/11\/hannah-arendt-02.jpg\"><img loading=\"lazy\" decoding=\"async\" width=\"1024\" height=\"516\" src=\"https:\/\/redsemlac.com\/semmexico\/wp-content\/uploads\/2025\/11\/hannah-arendt-02-1024x516.jpg\" alt=\"\" class=\"wp-image-100644\" srcset=\"https:\/\/redsemlac.com\/semmexico\/wp-content\/uploads\/2025\/11\/hannah-arendt-02-1024x516.jpg 1024w, https:\/\/redsemlac.com\/semmexico\/wp-content\/uploads\/2025\/11\/hannah-arendt-02-300x151.jpg 300w, https:\/\/redsemlac.com\/semmexico\/wp-content\/uploads\/2025\/11\/hannah-arendt-02-768x387.jpg 768w, https:\/\/redsemlac.com\/semmexico\/wp-content\/uploads\/2025\/11\/hannah-arendt-02-150x76.jpg 150w, https:\/\/redsemlac.com\/semmexico\/wp-content\/uploads\/2025\/11\/hannah-arendt-02-696x351.jpg 696w, https:\/\/redsemlac.com\/semmexico\/wp-content\/uploads\/2025\/11\/hannah-arendt-02-1068x538.jpg 1068w, https:\/\/redsemlac.com\/semmexico\/wp-content\/uploads\/2025\/11\/hannah-arendt-02.jpg 1230w\" sizes=\"auto, (max-width: 1024px) 100vw, 1024px\" \/><\/a><\/figure>\n\n\n\n<p class=\"wp-block-paragraph\"><strong>Thomas Meyer, bi\u00f3grafo de Hannah Arendt. Cr\u00e9dito: Andreas Hornoff.<\/strong><\/p>\n\n\n\n<p class=\"wp-block-paragraph\">Bajo el \u00e1nimo de rescatar su legado, ha aparecido un nuevo libro biogr\u00e1fico sobre la autora de&nbsp;<em>Eichmann en Jerusal\u00e9n<\/em>. Nos referimos a&nbsp;<strong><em>Hannah Arendt. Una biograf\u00eda intelectual<\/em>, de Thomas Meyer<\/strong>, publicado por Editorial Anagrama en su Biblioteca de la memoria, con traducci\u00f3n de J. Rafael Hern\u00e1ndez Arias (traducci\u00f3n que recibi\u00f3 la ayuda del Goethe Institut).<\/p>\n\n\n\n<p class=\"wp-block-paragraph\">En 1982, Elisabeth Young-Bruehl, acad\u00e9mica y psicoterapeuta estadounidense, public\u00f3&nbsp;<em>Hannah Arendt: Por amor al mundo.<\/em><strong>&nbsp;Una nueva biograf\u00eda intelectual sobre esta pensadora en el siglo XXI demanda alguna justificaci\u00f3n especial.<\/strong><\/p>\n\n\n\n<p class=\"wp-block-paragraph\">Y esto es lo que esgrime su autor, el mencionado Thomas Meyer, doctor y profesor alem\u00e1n de filosof\u00eda radicado en M\u00fanich.&nbsp;<strong>Mayer consult\u00f3 nueva documentaci\u00f3n, hasta ahora replegada en la sombra<\/strong>, que ausculta nuevos perfiles de la pensadora en aras de una imagen actualizada de la misma.<\/p>\n\n\n\n<p class=\"wp-block-paragraph\"><strong>An\u00e1lisis, evocaciones, semblanzas<\/strong><\/p>\n\n\n\n<p class=\"wp-block-paragraph\">El libro se estructura en diez partes, en&nbsp;<strong>una sucesi\u00f3n de an\u00e1lisis, evocaciones, semblanzas, documentaci\u00f3n, im\u00e1genes de archivo<\/strong>, \u00edndice onom\u00e1stico y bibliograf\u00eda, entre el espesor copioso de m\u00e1s de quinientas p\u00e1ginas.<\/p>\n\n\n\n<p class=\"wp-block-paragraph\">En esta<strong>&nbsp;meditada intensidad&nbsp;<\/strong>se acomodan, en orden l\u00f3gico de desarrollo, los or\u00edgenes familiares de Arendt, sus aventuras intelectuales con Heidegger en Marburgo, su v\u00ednculo con Jaspers en Heidelberg, su estancia en Par\u00eds, los inicios de su carrera por el uso de la palabra, su labor period\u00edstica en la Ciudad Luz, su exilio a New York apremiada por el acecho ominoso del nazismo.<\/p>\n\n\n\n<p class=\"wp-block-paragraph\">Y su dedicaci\u00f3n a la causa jud\u00eda, la g\u00e9nesis de la ideas de sus obras capitales<em>&nbsp;Los or\u00edgenes del totalitarismo, La condici\u00f3n humana<\/em>, o&nbsp;<em>Sobre la revoluci\u00f3n<\/em>, su relaci\u00f3n con la literatura, o&nbsp;<strong>su conversi\u00f3n en \u201cintelectual de los medios\u201d<\/strong>; y la gestaci\u00f3n de sus otras obras, su relaci\u00f3n con \u201clas cuestiones femeninas\u201d.<\/p>\n\n\n\n<p class=\"wp-block-paragraph\">Y el cap\u00edtulo de cierre \u201cEl final desde el centro\u201d, en el que, tras la muerte de la pensadora, seg\u00fan el politic\u00f3logo Hans Morgenthau:&nbsp;<strong>\u201cLo que llamaba la atenci\u00f3n cuando uno se encontraba por primera vez con Hannah Arendt era, de hecho, la vitalidad de su mente<\/strong>, que brillaba r\u00e1pidamente \u2026 buscando y encontrando significados y conexiones ocultas debajo de la superficie de las personas y de las cosas\u2026. estaba muy familiarizada con la literatura filos\u00f3fica, como con las grandes novelas y poemas del pasado y del presente\u201d.<\/p>\n\n\n\n<p class=\"wp-block-paragraph\">En la d\u00e9cada del 50\u2019&nbsp;<strong>Arendt asumi\u00f3 el desaf\u00edo de pensar el fen\u00f3meno de los totalitarismos, en su fase nacional-socialista, fascista italiana, o bolchevique sovi\u00e9tica.<\/strong>&nbsp;En todos los casos, el Estado autoritario aplasta al individuo. Frente a esto, Arendt se dirige v\u00eda epistolar a Waldemar Gurian, polit\u00f3logo germano-estadounidense, autor y profesor de la Universidad de Notre Dame, te\u00f3rico del totalitarismo, gran conocedor del bolchevismo.<\/p>\n\n\n\n<p class=\"wp-block-paragraph\">Arendt le manifiesta entonces: \u201c<strong>Considero que la politizaci\u00f3n total es la despolitizaci\u00f3n completa del ser humano, que ha perdido la conciencia del ciudadano<\/strong>: el asunto de un individuo es asunto de todos\u201d.<strong>&nbsp;El totalitarismo absorbe lo individual en la masificaci\u00f3n<\/strong>; como consecuencia, surge un absoluto desinter\u00e9s por los asuntos p\u00fablicos. La trampa totalitaria es seguridad y protecci\u00f3n econ\u00f3mica a cambio de la renuncia a las libertades individuales.<\/p>\n\n\n\n<p class=\"wp-block-paragraph\">Por eso, Arendt agrega: \u201cEn las gigantescas organizaciones de los Estados totalitarios,<strong>&nbsp;la gente est\u00e1 econ\u00f3micamente segura y est\u00e1 liberada de toda responsabilidad<\/strong>\u201d.<\/p>\n","protected":false},"excerpt":{"rendered":"<p>Hannah Arendt. Una biograf\u00eda intelectual, de Thomas Meyer (Anagrama). Foto: imagen creada con inteligencia artificial. El fil\u00f3sofo alem\u00e1n Thomas Meyer reconstruye la trayectoria de la pensadora. Desde su v\u00ednculo con Heidegger hasta su reflexi\u00f3n sobre el mal La obra incluye archivos in\u00e9ditos y cartas para trazar una imagen renovada de la pensadora judeo-alemana y propone [&hellip;]<\/p>\n","protected":false},"author":3,"featured_media":100643,"comment_status":"open","ping_status":"open","sticky":false,"template":"","format":"standard","meta":{"_monsterinsights_skip_tracking":false,"footnotes":""},"categories":[748,694],"tags":[],"class_list":["post-100642","post","type-post","status-publish","format-standard","has-post-thumbnail","category-cultura-feminista","category-destacadas"],"_links":{"self":[{"href":"https:\/\/redsemlac.com\/semmexico\/wp-json\/wp\/v2\/posts\/100642","targetHints":{"allow":["GET"]}}],"collection":[{"href":"https:\/\/redsemlac.com\/semmexico\/wp-json\/wp\/v2\/posts"}],"about":[{"href":"https:\/\/redsemlac.com\/semmexico\/wp-json\/wp\/v2\/types\/post"}],"author":[{"embeddable":true,"href":"https:\/\/redsemlac.com\/semmexico\/wp-json\/wp\/v2\/users\/3"}],"replies":[{"embeddable":true,"href":"https:\/\/redsemlac.com\/semmexico\/wp-json\/wp\/v2\/comments?post=100642"}],"version-history":[{"count":0,"href":"https:\/\/redsemlac.com\/semmexico\/wp-json\/wp\/v2\/posts\/100642\/revisions"}],"wp:featuredmedia":[{"embeddable":true,"href":"https:\/\/redsemlac.com\/semmexico\/wp-json\/wp\/v2\/media\/100643"}],"wp:attachment":[{"href":"https:\/\/redsemlac.com\/semmexico\/wp-json\/wp\/v2\/media?parent=100642"}],"wp:term":[{"taxonomy":"category","embeddable":true,"href":"https:\/\/redsemlac.com\/semmexico\/wp-json\/wp\/v2\/categories?post=100642"},{"taxonomy":"post_tag","embeddable":true,"href":"https:\/\/redsemlac.com\/semmexico\/wp-json\/wp\/v2\/tags?post=100642"}],"curies":[{"name":"wp","href":"https:\/\/api.w.org\/{rel}","templated":true}]}}