{"id":10063,"date":"2019-07-23T21:34:09","date_gmt":"2019-07-23T21:34:09","guid":{"rendered":"https:\/\/redsemlac.com\/semmexico\/?p=10063"},"modified":"2023-07-21T14:51:21","modified_gmt":"2023-07-21T19:51:21","slug":"parlamento-abierto-en-el-senado-sobre-reforma-laboral","status":"publish","type":"post","link":"https:\/\/redsemlac.com\/semmexico\/parlamento-abierto-en-el-senado-sobre-reforma-laboral\/","title":{"rendered":"Parlamento Abierto en el Senado sobre reforma laboral"},"content":{"rendered":"\n<p class=\"wp-block-paragraph\"> Relevante para la igualdad laboral entre hombres y mujeres, el contar con estancias infantiles: X\u00f3chitl G\u00e1lvez y Ricardo Fuentes.<\/p>\n\n\n\n<p class=\"wp-block-paragraph\"><strong>Elda Montiel<\/strong><\/p>\n\n\n\n<p class=\"wp-block-paragraph\">SemM\u00e9xico. Cd. de M\u00e9xico. 23 de julio de 2019.- La senadora X\u00f3chitl G\u00e1lvez consider\u00f3 grave que no se haya tomado en cuenta la Recomendaci\u00f3n sobre las estancias infantiles de la Comisi\u00f3n Nacional de los Derechos Humanos (CNDH), sobre todo porque no se sustituy\u00f3 con un servicio similar, donde las madres y padres pudieran dejar a sus hijos mientras trabajan.<\/p>\n\n\n\n<p class=\"wp-block-paragraph\">Consider\u00f3 que los 800 pesos que se le dan a la madre o tutor, no les sirve para pagar un servicio de guarder\u00eda, y que este tema continuar\u00e1. Con lo que coincidi\u00f3 con el director de Oxfam M\u00e9xico, Ricardo Fuentes, que indic\u00f3 que ellos insistir\u00e1n en el tema de que es necesario contar con espacios para las ni\u00f1as y ni\u00f1os mientras las madres y padres trabajan.<\/p>\n\n\n\n<p class=\"wp-block-paragraph\">En el marco del Parlamento Abierto que inicio este martes en el Senado de la Rep\u00fablica, en la primera mesa de debates \u201cIgualdad laboral para hombres y mujeres\u201d los temas predominantes fueron el reconocimiento y la revalorizaci\u00f3n del trabajo de cuidados, que generalmente lo realizan las mujeres, as\u00ed como el acceso de las mujeres a trabajos que generalmente han sido desempe\u00f1ados por hombres, como el de ser choferes de transportes de carga.<\/p>\n\n\n\n<p class=\"wp-block-paragraph\">Asimismo, un tema recurrente fue el de la brecha salarial y casi todos los participantes se\u00f1alaron que de acuerdo a los datos de la Organizaci\u00f3n para la Cooperaci\u00f3n y el Desarrollo Econ\u00f3micos (OCDE), M\u00e9xico es uno de los pa\u00edses donde m\u00e1s horas se trabaja pero esto no significa que seamos m\u00e1s productivos o eficientes.<\/p>\n\n\n\n<p class=\"wp-block-paragraph\">En la inauguraci\u00f3n del Parlamento Abierto en materia de Justicia laboral, libertad sindical, negociaci\u00f3n colectiva, subcontrataci\u00f3n y personal de trabajadoras del hogar, el senador Ricardo Monreal \u00c1vila, se\u00f1al\u00f3 que las modificaciones a la legislaci\u00f3n laboral tuvieron un sentido b\u00e1sico de darle congruencia y sentido al acuerdo comercial M\u00e9xico, Estados Unidos y Canad\u00e1 (TMEC).<\/p>\n\n\n\n<p class=\"wp-block-paragraph\">Reconoci\u00f3 que, si bien se modificaron m\u00e1s de 500 art\u00edculos de la Ley Federal del Trabajo, quedaron pendientes temas como el del outsourcing o subcontrataci\u00f3n.<\/p>\n\n\n\n<p class=\"wp-block-paragraph\">Respecto a este tema, el presidente de la Comisi\u00f3n de Trabajo y Previsi\u00f3n Social, Napole\u00f3n G\u00f3mez Urrutia, se\u00f1al\u00f3 que de acuerdo a datos del Servicio de Administraci\u00f3n Tributaria, en M\u00e9xico existen m\u00e1s de 6 mil empresas, con 7.6 millones de trabajadores, que evaden impuestos por esta pr\u00e1ctica.<\/p>\n\n\n\n<p class=\"wp-block-paragraph\">Las contribuciones que se pierden de manera individual a causa de la evasi\u00f3n fiscal oscilan entre los 6 mil y los 8 mil pesos por trabajador.<\/p>\n\n\n\n<p class=\"wp-block-paragraph\">El senador G\u00f3mez Urrutia inform\u00f3 que en las pr\u00f3ximas reformas en materia laboral buscaran mejorar el marco regulatorio para obtener respeto y pleno cumplimiento de los derechos conferidos en la Ley Federal del Trabajo para todas las personas, declarar de manera \u00edntegra el monto real del salario y&nbsp;&nbsp;realizar las retenciones como el Impuesto sobre la Renta.<\/p>\n\n\n\n<p class=\"wp-block-paragraph\">Por su parte, el presidente de la Comisi\u00f3n de Anticorrupci\u00f3n, Transparencia y Participaci\u00f3n, Clemente Casta\u00f1eda Hoeflich, explic\u00f3 que el ejercicio de Parlamento Abierto, por los tiempos y din\u00e1mica pol\u00edtica no pudo hacerse antes de la reforma laboral, pero que ahora abren las puertas del Senado para que los expertos participen y ayuden a apuntalar la reforma laboral.&nbsp;<\/p>\n","protected":false},"excerpt":{"rendered":"<p> Relevante para la igualdad laboral entre hombres y mujeres, el contar con estancias infantiles: X\u00f3chitl G\u00e1lvez y Ricardo Fuentes.<\/p>\n","protected":false},"author":3,"featured_media":10064,"comment_status":"open","ping_status":"open","sticky":false,"template":"","format":"standard","meta":{"_monsterinsights_skip_tracking":false,"footnotes":""},"categories":[690,50],"tags":[],"class_list":["post-10063","post","type-post","status-publish","format-standard","has-post-thumbnail","category-690","category-congreso"],"_links":{"self":[{"href":"https:\/\/redsemlac.com\/semmexico\/wp-json\/wp\/v2\/posts\/10063","targetHints":{"allow":["GET"]}}],"collection":[{"href":"https:\/\/redsemlac.com\/semmexico\/wp-json\/wp\/v2\/posts"}],"about":[{"href":"https:\/\/redsemlac.com\/semmexico\/wp-json\/wp\/v2\/types\/post"}],"author":[{"embeddable":true,"href":"https:\/\/redsemlac.com\/semmexico\/wp-json\/wp\/v2\/users\/3"}],"replies":[{"embeddable":true,"href":"https:\/\/redsemlac.com\/semmexico\/wp-json\/wp\/v2\/comments?post=10063"}],"version-history":[{"count":0,"href":"https:\/\/redsemlac.com\/semmexico\/wp-json\/wp\/v2\/posts\/10063\/revisions"}],"wp:featuredmedia":[{"embeddable":true,"href":"https:\/\/redsemlac.com\/semmexico\/wp-json\/wp\/v2\/media\/10064"}],"wp:attachment":[{"href":"https:\/\/redsemlac.com\/semmexico\/wp-json\/wp\/v2\/media?parent=10063"}],"wp:term":[{"taxonomy":"category","embeddable":true,"href":"https:\/\/redsemlac.com\/semmexico\/wp-json\/wp\/v2\/categories?post=10063"},{"taxonomy":"post_tag","embeddable":true,"href":"https:\/\/redsemlac.com\/semmexico\/wp-json\/wp\/v2\/tags?post=10063"}],"curies":[{"name":"wp","href":"https:\/\/api.w.org\/{rel}","templated":true}]}}