{"id":100625,"date":"2025-11-22T14:53:12","date_gmt":"2025-11-22T20:53:12","guid":{"rendered":"https:\/\/redsemlac.com\/semmexico\/?p=100625"},"modified":"2025-11-22T14:53:12","modified_gmt":"2025-11-22T20:53:12","slug":"quienes-fueron-los-guardianes-de-la-obra-de-remedios-varo-luis-martin-lozano-lo-cuenta","status":"publish","type":"post","link":"https:\/\/redsemlac.com\/semmexico\/quienes-fueron-los-guardianes-de-la-obra-de-remedios-varo-luis-martin-lozano-lo-cuenta\/","title":{"rendered":"\u00bfQui\u00e9nes fueron los guardianes de la obra de Remedios Varo? Luis-Mart\u00edn Lozano lo cuenta"},"content":{"rendered":"\n<p class=\"wp-block-paragraph\">El historiador Luis Mart\u00edn Lozano ofreci\u00f3 una conferencia sobre la labor del matrimonio Gruen para preservar la obra de Remedios Varo&nbsp;\/&nbsp;Foto: Adri\u00e1n V\u00e1zquez\/ EL SOL DE M\u00c9XICO<\/p>\n\n\n\n<p class=\"wp-block-paragraph\">A 25 a\u00f1os de la donaci\u00f3n de una de las colecciones m\u00e1s grandes de la artista al Museo de Arte Moderno, el historiador recupera la historia de una relaci\u00f3n de amistad y art\u00edstica<\/p>\n\n\n\n<p class=\"wp-block-paragraph\">Kevin Arag\u00f3n<\/p>\n\n\n\n<p class=\"wp-block-paragraph\">SemM\u00e9xico\/El Sol de M\u00e9xico, Cd. de M\u00e9xico, 22 de noviembre, 2025.- \u201cRemedios Varo est\u00e1 hoy en el pin\u00e1culo e inter\u00e9s de especialistas en muchas partes del mundo; su obra est\u00e1 en el acervo de museos importantes, el primero de ellos fuera de M\u00e9xico fue el&nbsp;Reina Sof\u00eda, en Madrid,&nbsp;y en los \u00faltimos a\u00f1os en el&nbsp;Museo de Arte Moderno de Nueva York, el Art Institute de Chicago, el Museum of Fine Arts de Boston, y la cuenta seguir\u00e1 creciendo.<\/p>\n\n\n\n<p class=\"wp-block-paragraph\">\u201cPero no siempre fue as\u00ed. Ese conocimiento, disfrute y proyecci\u00f3n del legado art\u00edstico de&nbsp;Remedios se debe a Walter Gruen&nbsp;y a Ana Alexandra, su compa\u00f1era. Si ellos no se hubieran empe\u00f1ado en preservar, estudiar y difundir qui\u00e9n fue ella no estar\u00edamos aqu\u00ed reunidos, ni esas obras estar\u00edan en todos esos museos, ni tantos curadores e investigadores estar\u00edan interesados en su trabajo\u201d, menciona el historiador del arte&nbsp;Luis-Mart\u00edn Lozano.<\/p>\n\n\n\n<p class=\"wp-block-paragraph\">En la charla \u201cEn busca de las fuentes del r\u00edo Orinoco: navegando con Walter y Anna Alexandra Gruen\u201d, que ofreci\u00f3 en el&nbsp;Museo de Arte Moderno (MAM),&nbsp;el experto destac\u00f3 los esfuerzos de estos coleccionistas, empresarios y amigos de Remedios Varo, quienes hace 25 a\u00f1os donaron al&nbsp;MAM&nbsp;la colecci\u00f3n m\u00e1s importante de obras de la famosa pintora surrealista, de la que actualmente se exhibe una selecci\u00f3n en la muestra que conmemora el 60 aniversario del recinto.<\/p>\n\n\n\n<p class=\"wp-block-paragraph\">La importancia de&nbsp;Walter y Ana Alexandra Gruen&nbsp;\u2014explic\u00f3 Luis-Mart\u00edn Lozano, quien conoci\u00f3 personalmente y colabor\u00f3 con ambos\u2014 es mayor que la pura preservaci\u00f3n, pues entre ellos y Remedios Varo se entabl\u00f3 una profunda amistad que tuvo consecuencias directas en el desarrollo de la&nbsp;obra de la artista, despu\u00e9s de que arribara a M\u00e9xico como exiliada de la Guerra Civil espa\u00f1ola.<\/p>\n\n\n\n<p class=\"wp-block-paragraph\">\u201cDesde mi perspectiva como historiador del arte, podemos analizar sus pinturas, sus dibujos, los contextos por los que pasaron, pero ninguno de ellos nos va a explicar el papel decisivo que Walter tuvo. \u00bfQu\u00e9 fue eso tan decisivo? Que le dijo \u2018Eres una gran artista. Yo te voy a dar la estabilidad para que t\u00fa pintes\u2019\u201d, dijo el tambi\u00e9n curador.<\/p>\n\n\n\n<p class=\"wp-block-paragraph\">\u201cEntonces, por primera vez en su vida, desde que sali\u00f3 de la academia de San Fernando (en Espa\u00f1a), Remedios no se tuvo que preocupar de qu\u00e9 iba a vivir. Walter se lo proporcion\u00f3 y le dio el espacio y el tiempo. Fue as\u00ed como la imaginaci\u00f3n de Remedios se desborda y lo que no hab\u00eda pintado en d\u00e9cadas, lo&nbsp;pint\u00f3 en 10 a\u00f1os en M\u00e9xico\u201d, agreg\u00f3.<\/p>\n\n\n\n<p class=\"wp-block-paragraph\">Puede interesarte:&nbsp;<a href=\"https:\/\/oem.com.mx\/elsoldemexico\/cultura\/gioconda-belli-denuncia-dictadura-en-nicaragua-durante-entrega-del-premio-carlos-fuentes-26749597.app.json\" target=\"_blank\" rel=\"noreferrer noopener\">Gioconda Belli llama a reconocer que Nicaragua vive bajo una dictadura<\/a><\/p>\n\n\n\n<p class=\"wp-block-paragraph\">Igual record\u00f3 que en el viaje que hizo Varo a Venezuela \u201cen busca de las fuentes del Orinoco\u201d, Walter fue el capit\u00e1n del barco en el que viajaron. \u201cPor eso tant\u00edsimos cuadros son personajes que se trasladan a lugares imaginarios. Todos esos personajes son ella, la eterna buscadora de respuestas. Eso lo hizo a trav\u00e9s de la ciencia, la filosof\u00eda, pero con su gran maestro junto a ella\u201d.<\/p>\n\n\n\n<p class=\"wp-block-paragraph\"><strong>Una alquimia surrealista<\/strong><\/p>\n\n\n\n<p class=\"wp-block-paragraph\">Lu\u00eds-Mart\u00edn Lozano&nbsp;record\u00f3 que la muerte de Remedios Varo, sucedida el 8 de octubre de 1963, quienes se encargaron de recuperar los cuadros que ella hab\u00eda vendido a lo largo de su vida, adem\u00e1s de preservar su archivo personal, fueron&nbsp;Walter Gruen y a Ana Alexandra.<\/p>\n\n\n\n<p class=\"wp-block-paragraph\">\u201cFue terrible el fallecimiento de Remedios por inesperado, como \u00e9l me dijo, \u2018era una flor que se acababa de abrir. Y no se le hab\u00eda ca\u00eddo ni un solo p\u00e9talo\u2019. Fue por eso por lo que asumi\u00f3 la idea de que el mundo no se iba a perder a la&nbsp;artista&nbsp;y decide guardar todas las cosas.<\/p>\n\n\n\n<p class=\"wp-block-paragraph\">\u201cCada pincel cada trozo de papel, cada cuadro lo fue rastreando, uno por uno. Y en la medida en que afortunadamente logr\u00f3 tener una estabilidad econ\u00f3mica, poco a poco comenz\u00f3 a recuperarlo\u201d, una tarea que, dice, dur\u00f3 cerca de 20 a\u00f1os y que derivo en un invaluable trabajo de investigaci\u00f3n \u00fanico para su \u00e9poca, pues era entonces la \u00fanica&nbsp;artista&nbsp;un cat\u00e1logo razonado en el pa\u00eds. En total lograron conjuntar 38 obras.<\/p>\n\n\n\n<p class=\"wp-block-paragraph\">Walter Gruen y Ana Alexandra decidieron que la colecci\u00f3n tuviera como destino el&nbsp;MAM, luego de que estos se preguntaran sobre el futuro de la colecci\u00f3n tras la muerte de su hija Isabel, quien ser\u00eda la heredera de tal acervo.<\/p>\n\n\n\n<p class=\"wp-block-paragraph\">En 1999 los coleccionistas donaron un primer cuadro: \u201cLa huida\u201d, en un momento en que a\u00fan no hab\u00eda&nbsp;pinturas de Remedios Varo&nbsp;en museos de M\u00e9xico. Aunque museos extranjeros y algunos mexicanos se acercaron para que el acervo fuera a sus instituciones, Walter consider\u00f3 que el&nbsp;Museo de Arte Moderno era el lugar adecuado debido a la&nbsp;gran exposici\u00f3n&nbsp;que se hab\u00eda organizado ah\u00ed y porque en ese contexto se pod\u00eda entender la obra de Remedios.<\/p>\n\n\n\n<p class=\"wp-block-paragraph\">Las obras estuvieron en comodato y no fue hasta que&nbsp;Luis-Mart\u00edn Lozano&nbsp;ingres\u00f3 como director del&nbsp;MAM, que Walter Gruen&nbsp;decidi\u00f3 que donar las piezas. El historiador del arte y la pareja ya hab\u00edan establecido puentes de trabajo anteriores para la difusi\u00f3n de la obra de Remedios Varo en Estados Unidos.<\/p>\n\n\n\n<p class=\"wp-block-paragraph\">\u201cY de la noche a la ma\u00f1ana el&nbsp;Instituto Nacional de Bellas Artes&nbsp;se hizo de la colecci\u00f3n m\u00e1s importante que haya recibido en su historia. La colecci\u00f3n m\u00e1s valiosa hasta la fecha. En aquel tiempo rid\u00edculamente pens\u00e1bamos que las 38 obras podr\u00edan costar como 15 millones de d\u00f3lares. Hoy sospecho que \u2018La huida\u2019 puede costar eso\u201d, dijo el historiador.<\/p>\n\n\n\n<p class=\"wp-block-paragraph\">Lu\u00eds-Mart\u00edn Lozano&nbsp;explic\u00f3 que la colecci\u00f3n antes de que fuera declarado como patrimonio de la naci\u00f3n \u2014con lo que se volver\u00eda en la \u00fanica artista no mexicana con obra declarada as\u00ed en nuestro pa\u00eds\u2014 entr\u00f3 en un litigio entre&nbsp;Walter y Beatriz Varo&nbsp;Jim\u00e9nez, sobrina de la pintora. Al final Walter gan\u00f3 los derechos patrimoniales de la obra, mientras que Beatriz los derechos morales.<\/p>\n\n\n\n<p class=\"wp-block-paragraph\">\u201cPor eso es lo que quiero recordarle a generaciones futuras, que es nuestro deber defender con los dientes nuestro patrimonio. Cada uno de los cuadros que est\u00e1n en un museo son la historia de la vida de alguien. No solo los&nbsp;artistas\u201d, finaliz\u00f3. el experto<\/p>\n\n\n\n<figure class=\"wp-block-image size-full is-resized\"><a href=\"https:\/\/redsemlac.com\/semmexico\/wp-content\/uploads\/2025\/11\/kevin-aragon.png\"><img loading=\"lazy\" decoding=\"async\" width=\"294\" height=\"294\" src=\"https:\/\/redsemlac.com\/semmexico\/wp-content\/uploads\/2025\/11\/kevin-aragon.png\" alt=\"\" class=\"wp-image-100626\" style=\"width:207px;height:auto\" srcset=\"https:\/\/redsemlac.com\/semmexico\/wp-content\/uploads\/2025\/11\/kevin-aragon.png 294w, https:\/\/redsemlac.com\/semmexico\/wp-content\/uploads\/2025\/11\/kevin-aragon-150x150.png 150w\" sizes=\"auto, (max-width: 294px) 100vw, 294px\" \/><\/a><\/figure>\n\n\n\n<p class=\"wp-block-paragraph\"><a href=\"https:\/\/oem.com.mx\/elsoldemexico\/analisis\/autor\/kevin-aragon-3612\/app.json\"><\/a><\/p>\n\n\n\n<p class=\"wp-block-paragraph\"><a href=\"https:\/\/oem.com.mx\/elsoldemexico\/analisis\/autor\/kevin-aragon-3612\/app.json\">Kevin&nbsp;Arag\u00f3n: <\/a>Soy reportero especializado en temas culturales con 7 a\u00f1os de experiencia. Estudie letras en la FF y L de la UNAM.<\/p>\n","protected":false},"excerpt":{"rendered":"<p>El historiador Luis Mart\u00edn Lozano ofreci\u00f3 una conferencia sobre la labor del matrimonio Gruen para preservar la obra de Remedios Varo&nbsp;\/&nbsp;Foto: Adri\u00e1n V\u00e1zquez\/ EL SOL DE M\u00c9XICO A 25 a\u00f1os de la donaci\u00f3n de una de las colecciones m\u00e1s grandes de la artista al Museo de Arte Moderno, el historiador recupera la historia de una [&hellip;]<\/p>\n","protected":false},"author":3,"featured_media":0,"comment_status":"open","ping_status":"open","sticky":false,"template":"","format":"standard","meta":{"_monsterinsights_skip_tracking":false,"footnotes":""},"categories":[748],"tags":[],"class_list":["post-100625","post","type-post","status-publish","format-standard","category-cultura-feminista"],"_links":{"self":[{"href":"https:\/\/redsemlac.com\/semmexico\/wp-json\/wp\/v2\/posts\/100625","targetHints":{"allow":["GET"]}}],"collection":[{"href":"https:\/\/redsemlac.com\/semmexico\/wp-json\/wp\/v2\/posts"}],"about":[{"href":"https:\/\/redsemlac.com\/semmexico\/wp-json\/wp\/v2\/types\/post"}],"author":[{"embeddable":true,"href":"https:\/\/redsemlac.com\/semmexico\/wp-json\/wp\/v2\/users\/3"}],"replies":[{"embeddable":true,"href":"https:\/\/redsemlac.com\/semmexico\/wp-json\/wp\/v2\/comments?post=100625"}],"version-history":[{"count":0,"href":"https:\/\/redsemlac.com\/semmexico\/wp-json\/wp\/v2\/posts\/100625\/revisions"}],"wp:attachment":[{"href":"https:\/\/redsemlac.com\/semmexico\/wp-json\/wp\/v2\/media?parent=100625"}],"wp:term":[{"taxonomy":"category","embeddable":true,"href":"https:\/\/redsemlac.com\/semmexico\/wp-json\/wp\/v2\/categories?post=100625"},{"taxonomy":"post_tag","embeddable":true,"href":"https:\/\/redsemlac.com\/semmexico\/wp-json\/wp\/v2\/tags?post=100625"}],"curies":[{"name":"wp","href":"https:\/\/api.w.org\/{rel}","templated":true}]}}