{"id":10060,"date":"2019-07-23T21:23:22","date_gmt":"2019-07-23T21:23:22","guid":{"rendered":"https:\/\/redsemlac.com\/semmexico\/?p=10060"},"modified":"2023-07-21T14:51:21","modified_gmt":"2023-07-21T19:51:21","slug":"jose-francisco-ruiz-massieu-en-el-aniversario-de-su-nacimiento","status":"publish","type":"post","link":"https:\/\/redsemlac.com\/semmexico\/jose-francisco-ruiz-massieu-en-el-aniversario-de-su-nacimiento\/","title":{"rendered":"Jos\u00e9 Francisco Ruiz Massieu, en el aniversario de su nacimiento"},"content":{"rendered":"\n<p class=\"wp-block-paragraph\"><strong><em>El principio del fin del otrora partido de estado: el PRI <\/em><\/strong><a href=\"#_ftn1\"><strong><em>[1]<\/em><\/strong><\/a><br><\/p>\n\n\n\n<p class=\"wp-block-paragraph\"><strong>Florencio Salazar Adame<\/strong><\/p>\n\n\n\n<p class=\"wp-block-paragraph\"><strong>Secretario de Gobierno en el estado de Guerrero<\/strong><\/p>\n\n\n\n<p class=\"wp-block-paragraph\">&nbsp;<em>Publicado este 23 de julio en el diario El Sur, de Guerrero.<\/em><\/p>\n\n\n\n<p class=\"wp-block-paragraph\">SemM\u00e9xico. Guerrero. 23\nde julio de 2019.- Polit\u00f3logo, jurista y administrador p\u00fablico, Jos\u00e9 Francisco\nRuiz Massieu era un pol\u00edtico formado para servir a la Rep\u00fablica. \u00c9l transitaba\ncon soltura de las ideas a la acci\u00f3n y de la acci\u00f3n a las ideas. Formado en el\nrigor de la academia, pas\u00f3 a las esferas gubernamentales para entregarse a la\nvida pol\u00edtica. Ayer se cumplieron 73 a\u00f1os de su natalicio.<\/p>\n\n\n\n<p class=\"wp-block-paragraph\"><em><strong>El analista<\/strong><\/em><em>.<\/em>&nbsp;De Jos\u00e9 Francisco Ruiz Massieu tuve conocimiento por sus\nart\u00edculos publicados en primera plana en&nbsp;<em>La Jornada<\/em>. Me llam\u00f3 la atenci\u00f3n el enfoque\ncon el que analizaba la pol\u00edtica y m\u00e1s al enterarme de su oriundez guerrerense.\nSu lenguaje era diferente al del pol\u00edtico tradicional. En sus textos hab\u00eda\ncr\u00edtica al r\u00e9gimen del PRI y propuestas de cambio. Alejado de la servidumbre\nal&nbsp;<em>Se\u00f1or Presidente<\/em>,\nera conciso y claro, con el rigor del acad\u00e9mico y la pasi\u00f3n del pol\u00edtico.<\/p>\n\n\n\n<p class=\"wp-block-paragraph\"><em><strong>Las ideas<\/strong><\/em><em>.&nbsp;<\/em>La pol\u00edtica se nutre de la renovaci\u00f3n constante de las ideas.\nLos cambios de \u00e9poca marcan hitos en el pensamiento, pero los fil\u00f3sofos\naprovechan la arquitectura cl\u00e1sica para modificar el edificio de las nuevas\nrealidades. Los polit\u00f3logos recurren a los fil\u00f3sofos para servir a los\npol\u00edticos. Ruiz Massieu estudi\u00f3 a fondo la Teor\u00eda del Estado y a partir de ah\u00ed\ntuvo comprensi\u00f3n del fen\u00f3meno del poder. Su quehacer transit\u00f3 con la armon\u00eda\nentre las ideas y la acci\u00f3n, comprobando la validez de unas y otra. Sobresali\u00f3\nporque privilegi\u00f3 la voluntad por el conocimiento con disciplina.<\/p>\n\n\n\n<p class=\"wp-block-paragraph\"><em><strong>Fijar la meta<\/strong><\/em><em>.&nbsp;<\/em>Cada minuto de su tiempo contribu\u00eda a lograr un fin. Como\narquitecto de la pol\u00edtica inici\u00f3 con la elaboraci\u00f3n de su plano personal.\nEstudiante de leyes en la UNAM, se asoci\u00f3 con compa\u00f1eros interesados tambi\u00e9n en\nla pol\u00edtica. Es ilustrativa la siguiente an\u00e9cdota: Diego Valad\u00e9s obtuvo espacio\nen la c\u00e1tedra del ilustre Andr\u00e9s Serra Rojas; Ruiz Massieu en la de Miguel de\nla Madrid. Valad\u00e9s le comunic\u00f3 entusiasta: \u201cPepe, ya logr\u00e9 que te acepte el\nmaestro Serra Rojas\u201d, pero \u00e9l decidi\u00f3 quedarse con De la Madrid. Escucho sus\nrisas al decirme: \u201cDiego miraba al pasado, yo al futuro\u201d. C\u00e1tedra,\nadministraci\u00f3n p\u00fablica, exposici\u00f3n de ideas, militancia pol\u00edtica y elecci\u00f3n\npopular fueron asignaturas cursadas con reconocido m\u00e9rito.<\/p>\n\n\n\n<p class=\"wp-block-paragraph\"><em><strong>Puntualidad<\/strong><\/em><em>.&nbsp;<\/em>Para Ruiz Massieu la disciplina, la organizaci\u00f3n y los buenos\nresultados empezaban con la puntualidad. Si algo le irritaba y lo sacaba de sus\ncasillas era el retraso. Iniciaba sus compromisos a la hora fijada. A las\nreuniones de gabinete nadie acced\u00eda si llegaba tarde. Siendo director general\ndel Infonavit invit\u00f3 a cenar a su casa (en el DF), a varios secretarios de\nEstado con sus esposas. El primero lleg\u00f3 a las 21:30 horas, el \u00faltimo casi a\nlas 23:00. A Miguel, su ayudante, tocaba abrir la puerta y decir a los\nasistentes: \u201cLa cena era a las 20:00 horas, el licenciado Ruiz Massieu se\nretir\u00f3 a descansar a las 20:15. Buenas noches\u201d.<\/p>\n\n\n\n<p class=\"wp-block-paragraph\"><em><strong>De palabra<\/strong><\/em><em>.&nbsp;<\/em>Firme en sus decisiones, no admit\u00eda la simulaci\u00f3n y detestaba la\ndemagogia. El m\u00e9rito ajeno lo reconoc\u00eda y estimulaba. El ofrecimiento vano y la\nmentira como instrumentos de la manipulaci\u00f3n no fueron herramientas suyas. Lo\nque ofrec\u00eda, lo cumpl\u00eda. Tambi\u00e9n era tajante con quienes pretend\u00edan invadir sus\n\u00e1mbitos de influencia o desestabilizar su gobierno. En el aeropuerto de la\nCiudad de M\u00e9xico cit\u00f3 a un pol\u00edtico con m\u00e1s ambiciones que talento, que deseaba\nsu defenestraci\u00f3n. Ruiz Massieu le hizo un r\u00e1pido repaso de su comportamiento y\nse\u00f1al\u00f3 en\u00e9rgico: \u201cNo pondr\u00e1s un pie en el estado\u201d. Y no lo puso.<\/p>\n\n\n\n<p class=\"wp-block-paragraph\"><em><strong>Persistente<\/strong><\/em><strong>.<\/strong> Pol\u00edtico de ideas y de\nhechos. Ten\u00eda visi\u00f3n de las necesidades de Guerrero. Desarroll\u00f3 pol\u00edticas\np\u00fablicas en educaci\u00f3n, infraestructura y salud. Impuls\u00f3 una reforma pol\u00edtica\npara garantizar la pluralidad en los ayuntamientos y en el Congreso local; la\ncomparecencia de los alcaldes ante los legisladores y la elecci\u00f3n interna de\nlos candidatos del PRI a presidentes municipales. Fund\u00f3 la Secretar\u00eda de la\nMujer y la Universidad Americana de Acapulco. Promovi\u00f3 el desarrollo de Punta\nDiamante y la construcci\u00f3n de la Autopista del Sol. Advirti\u00f3 que un nuevo polo\nde inversi\u00f3n inmobiliaria de gran nivel y atraer al turismo de carretera eran\nlas alternativas para mantener a flote a Acapulco. Proyect\u00f3, gestion\u00f3, insisti\u00f3\ny logr\u00f3 sus objetivos.<\/p>\n\n\n\n<p class=\"wp-block-paragraph\"><em><strong>Lealtad<\/strong><\/em><strong>.<\/strong> Colaboraba yo en el CEN\ndel PRI y Ruiz Massieu era oficial mayor de la SSA. Me reun\u00eda con \u00e9l dos o tres\nveces por semana. El tema era su proyecto de gobernar Guerrero. Una tarde le\ncoment\u00e9 que un periodista de un medio nacional le solicitaba la cortes\u00eda de un\nfin de semana en Acapulco y boletos de avi\u00f3n para dos personas, a lo que yo\nrespond\u00ed afirmativo. Ruiz Massieu se molest\u00f3 mucho: \u201cEse es tu problema porque\nyo no quiero hacer compromisos y t\u00fa no puedes disponer de mis recursos\u201d. Ya\ncomo candidato a gobernador recorr\u00edamos la Costera de Acapulco en un autob\u00fas\nejecutivo que le asignaron para la campa\u00f1a, de la cual me design\u00f3 coordinador.\nCompart\u00edamos asientos con \u00e9l, Ren\u00e9 Ju\u00e1rez y El\u00edas Tavares. Le record\u00e9 entonces\nla petici\u00f3n de aquel periodista. \u201cQuiero aprovechar para informarle que Ren\u00e9\napoy\u00f3 con el hospedaje y yo consegu\u00ed los boletos en el PRI\u201d. Con cara de\nsorpresa respondi\u00f3: \u201cEn premio a tu lealtad de ahora en adelante me vas a\nhablar de t\u00fa\u201d.<\/p>\n\n\n\n<p class=\"wp-block-paragraph\"><em><strong>El l\u00edder<\/strong><\/em><em>.<\/em>&nbsp;Sab\u00eda escuchar, reconocer, estimular, recompensar.\nRechazaba el ocio y las conversaciones f\u00fatiles. Organizaba peri\u00f3dicas reuniones\ny publicaciones colectivas en las que particip\u00e1bamos algunos de sus\ncolaboradores. Se trataba de pensar, de analizar, de llevar las ideas a la\ncategor\u00eda de la reflexi\u00f3n. Fue conductor y formador de cuadros. Estimul\u00f3 a los\nj\u00f3venes y supo escuchar a los mayores. De sus colaboradores, Rub\u00e9n Figueroa,\n\u00c1ngel Aguirre y Ren\u00e9 Ju\u00e1rez fueron gobernadores y H\u00e9ctor Astudillo lo es ahora;\ndos han sido embajadores y uno secretario de Estado. Compart\u00eda su conocimiento\ny ello explica el porqu\u00e9 de su soberbia ante la mediocridad y su intolerancia con\nla estupidez. Tendi\u00f3 puentes con todo el espectro ideol\u00f3gico. Pon\u00eda m\u00fasculo en\nel debate; expon\u00eda con solidez y orientaci\u00f3n. Su talento y sus acciones\nreclutaban voluntades. Gobern\u00f3 bien a Guerrero porque ten\u00eda visi\u00f3n de pa\u00eds.<\/p>\n\n\n\n<p class=\"wp-block-paragraph\"><em><strong>La utop\u00eda del futuro<\/strong><\/em>. La muerte de Luis Donaldo Colosio lo\nimpact\u00f3 profundamente. Escribi\u00f3 un art\u00edculo sobre el fallido candidato\npresidencial y se recluy\u00f3 dos o tres d\u00edas en su casa, a donde fui a verlo al no\nencontrarlo en el Infonavit, del cual era director general. Me abri\u00f3 Miguel:\n\u201cUrge que me escuche\u201d. El ayudante sali\u00f3 de la sala y al volver me comunic\u00f3 con\n\u00e9l por uno de los dos tel\u00e9fonos. Le coment\u00e9 que la tragedia de Colosio no\nevitaba que hubiera sucesor y que sin duda el mejor equipado para la tarea era\n\u00e9l. \u201c\u00bfPor qu\u00e9 lo crees?\u201d, pregunt\u00f3. Por qu\u00e9 \u201cninguno de los posibles sucesores\ntiene tu preparaci\u00f3n acad\u00e9mica y pol\u00edtica. Como candidato revitalizar\u00edas al\nPRI, profundizar\u00edas la democracia y seguir\u00edas impulsando la modernizaci\u00f3n del\npa\u00eds. Ser\u00edas la mejor garant\u00eda para asegurar el legado del presidente Salinas.\nTe has preparado para el cargo. Ahora es la oportunidad\u201d, finalic\u00e9 el mon\u00f3logo\ndespu\u00e9s de 10 o 15 minutos. \u201cGracias\u201d, fue toda su respuesta. Sal\u00ed de su casa\ncon la inquietud de no haber podido tener esa conversaci\u00f3n personalmente. La\nconclusi\u00f3n despej\u00f3 mis dudas: seguramente sus tel\u00e9fonos estaban intervenidos y\nfue la forma de enterar al presidente Salinas de mis argumentos, de&nbsp;<em>sus<\/em>&nbsp;argumentos. D\u00edas\ndespu\u00e9s \u00e9l explicaba en otro art\u00edculo en&nbsp;<em>La Jornada,<\/em>&nbsp;su declinaci\u00f3n a la\naspiraci\u00f3n presidencial.<\/p>\n\n\n\n<p class=\"wp-block-paragraph\">Las muertes de Colosio y\nRuiz Massieu marcaron el declive del PRI.<\/p>\n\n\n\n<p class=\"wp-block-paragraph\">El futuro fue perturbado\npor perversas ambiciones y se viven sus consecuencias.<\/p>\n\n\n\n<p class=\"wp-block-paragraph\"><a href=\"#_ftnref1\">[1]<\/a> <em>T\u00edtulo y subt\u00edtulos de la Redacci\u00f3n de SemM\u00e9xico.<\/em><\/p>\n","protected":false},"excerpt":{"rendered":"<p>\ufeffEl principio del fin del otrora partido de estado: el PRI<\/p>\n","protected":false},"author":3,"featured_media":10061,"comment_status":"open","ping_status":"open","sticky":false,"template":"","format":"standard","meta":{"_monsterinsights_skip_tracking":false,"footnotes":""},"categories":[690,52],"tags":[],"class_list":["post-10060","post","type-post","status-publish","format-standard","has-post-thumbnail","category-690","category-hombres"],"_links":{"self":[{"href":"https:\/\/redsemlac.com\/semmexico\/wp-json\/wp\/v2\/posts\/10060","targetHints":{"allow":["GET"]}}],"collection":[{"href":"https:\/\/redsemlac.com\/semmexico\/wp-json\/wp\/v2\/posts"}],"about":[{"href":"https:\/\/redsemlac.com\/semmexico\/wp-json\/wp\/v2\/types\/post"}],"author":[{"embeddable":true,"href":"https:\/\/redsemlac.com\/semmexico\/wp-json\/wp\/v2\/users\/3"}],"replies":[{"embeddable":true,"href":"https:\/\/redsemlac.com\/semmexico\/wp-json\/wp\/v2\/comments?post=10060"}],"version-history":[{"count":0,"href":"https:\/\/redsemlac.com\/semmexico\/wp-json\/wp\/v2\/posts\/10060\/revisions"}],"wp:featuredmedia":[{"embeddable":true,"href":"https:\/\/redsemlac.com\/semmexico\/wp-json\/wp\/v2\/media\/10061"}],"wp:attachment":[{"href":"https:\/\/redsemlac.com\/semmexico\/wp-json\/wp\/v2\/media?parent=10060"}],"wp:term":[{"taxonomy":"category","embeddable":true,"href":"https:\/\/redsemlac.com\/semmexico\/wp-json\/wp\/v2\/categories?post=10060"},{"taxonomy":"post_tag","embeddable":true,"href":"https:\/\/redsemlac.com\/semmexico\/wp-json\/wp\/v2\/tags?post=10060"}],"curies":[{"name":"wp","href":"https:\/\/api.w.org\/{rel}","templated":true}]}}