{"id":100573,"date":"2025-11-21T20:03:24","date_gmt":"2025-11-22T02:03:24","guid":{"rendered":"https:\/\/redsemlac.com\/semmexico\/?p=100573"},"modified":"2025-11-21T20:03:25","modified_gmt":"2025-11-22T02:03:25","slug":"presentan-libro-sobre-el-feminicidio-de-maria-del-sol-cruz-jarquin-fotografa-y-videasta","status":"publish","type":"post","link":"https:\/\/redsemlac.com\/semmexico\/presentan-libro-sobre-el-feminicidio-de-maria-del-sol-cruz-jarquin-fotografa-y-videasta\/","title":{"rendered":"Presentan libro sobre el feminicidio de Mar\u00eda del Sol Cruz Jarqu\u00edn, fot\u00f3grafa y videasta"},"content":{"rendered":"\n<p class=\"wp-block-paragraph\"><strong>El libro busca documentar lo injusta que fue la ejecuci\u00f3n de la joven profesionista.<\/strong>&nbsp;\/&nbsp;Sergio Caro \/ La Voz de la Frontera<\/p>\n\n\n\n<p class=\"wp-block-paragraph\">El libro \u201cRevelaciones de un Crimen del Estado, Impunidad, Corrupci\u00f3n y Complicidad\u201d fue comentado en la Casa de la Cultura de Mexicali&nbsp;<\/p>\n\n\n\n<p class=\"wp-block-paragraph\"><strong>Mariela Tapia<\/strong><\/p>\n\n\n\n<p class=\"wp-block-paragraph\">SemM\u00e9xico\/La Voz de la Frontera, Mexicali, 21 de noviembre, 2025.-Para hacer visible la<strong>&nbsp;impunidad<\/strong>&nbsp;derivada del&nbsp;<strong>feminicidio de Mar\u00eda del Sol Cruz Jarqu\u00edn<\/strong>, fue presentado el libro&nbsp;<strong><em>\u201cRevelaciones de un crimen de Estado; impunidad, Corrupci\u00f3n y Complicidad\u201d<\/em><\/strong>, el cual busca documentar lo injusta que fue la ejecuci\u00f3n de la<strong>&nbsp;joven profesionista<\/strong>.<\/p>\n\n\n\n<figure class=\"wp-block-image size-large\"><a href=\"https:\/\/redsemlac.com\/semmexico\/wp-content\/uploads\/2025\/11\/soledad-libro-02.jpg\"><img loading=\"lazy\" decoding=\"async\" width=\"820\" height=\"1024\" src=\"https:\/\/redsemlac.com\/semmexico\/wp-content\/uploads\/2025\/11\/soledad-libro-02-820x1024.jpg\" alt=\"\" class=\"wp-image-100574\" srcset=\"https:\/\/redsemlac.com\/semmexico\/wp-content\/uploads\/2025\/11\/soledad-libro-02-820x1024.jpg 820w, https:\/\/redsemlac.com\/semmexico\/wp-content\/uploads\/2025\/11\/soledad-libro-02-240x300.jpg 240w, https:\/\/redsemlac.com\/semmexico\/wp-content\/uploads\/2025\/11\/soledad-libro-02-768x960.jpg 768w, https:\/\/redsemlac.com\/semmexico\/wp-content\/uploads\/2025\/11\/soledad-libro-02-150x187.jpg 150w, https:\/\/redsemlac.com\/semmexico\/wp-content\/uploads\/2025\/11\/soledad-libro-02-300x375.jpg 300w, https:\/\/redsemlac.com\/semmexico\/wp-content\/uploads\/2025\/11\/soledad-libro-02-696x870.jpg 696w, https:\/\/redsemlac.com\/semmexico\/wp-content\/uploads\/2025\/11\/soledad-libro-02.jpg 866w\" sizes=\"auto, (max-width: 820px) 100vw, 820px\" \/><\/a><\/figure>\n\n\n\n<p class=\"wp-block-paragraph\">El libro busca documentar lo injusta que fue la ejecuci\u00f3n de la joven profesionista.&nbsp;\/&nbsp;Sergio Caro \/ La Voz de la Frontera<\/p>\n\n\n\n<p class=\"wp-block-paragraph\">En las instalaciones de la&nbsp;Casa de la Cultura, la autora y madre de Mar\u00eda del Sol, la&nbsp;<strong>periodista Soledad Jarqu\u00edn Edgar<\/strong>, visit\u00f3 la capital del Estado como parte de una gira de su libro que habla sobre los detalles de una investigaci\u00f3n period\u00edstica que inici\u00f3 tras el&nbsp;<strong>asesinato de su hija.<\/strong><\/p>\n","protected":false},"excerpt":{"rendered":"<p>El libro busca documentar lo injusta que fue la ejecuci\u00f3n de la joven profesionista.&nbsp;\/&nbsp;Sergio Caro \/ La Voz de la Frontera El libro \u201cRevelaciones de un Crimen del Estado, Impunidad, Corrupci\u00f3n y Complicidad\u201d fue comentado en la Casa de la Cultura de Mexicali&nbsp; Mariela Tapia SemM\u00e9xico\/La Voz de la Frontera, Mexicali, 21 de noviembre, 2025.-Para [&hellip;]<\/p>\n","protected":false},"author":3,"featured_media":100575,"comment_status":"open","ping_status":"open","sticky":false,"template":"","format":"standard","meta":{"_monsterinsights_skip_tracking":false,"footnotes":""},"categories":[897],"tags":[],"class_list":["post-100573","post","type-post","status-publish","format-standard","has-post-thumbnail","category-especial"],"_links":{"self":[{"href":"https:\/\/redsemlac.com\/semmexico\/wp-json\/wp\/v2\/posts\/100573","targetHints":{"allow":["GET"]}}],"collection":[{"href":"https:\/\/redsemlac.com\/semmexico\/wp-json\/wp\/v2\/posts"}],"about":[{"href":"https:\/\/redsemlac.com\/semmexico\/wp-json\/wp\/v2\/types\/post"}],"author":[{"embeddable":true,"href":"https:\/\/redsemlac.com\/semmexico\/wp-json\/wp\/v2\/users\/3"}],"replies":[{"embeddable":true,"href":"https:\/\/redsemlac.com\/semmexico\/wp-json\/wp\/v2\/comments?post=100573"}],"version-history":[{"count":0,"href":"https:\/\/redsemlac.com\/semmexico\/wp-json\/wp\/v2\/posts\/100573\/revisions"}],"wp:featuredmedia":[{"embeddable":true,"href":"https:\/\/redsemlac.com\/semmexico\/wp-json\/wp\/v2\/media\/100575"}],"wp:attachment":[{"href":"https:\/\/redsemlac.com\/semmexico\/wp-json\/wp\/v2\/media?parent=100573"}],"wp:term":[{"taxonomy":"category","embeddable":true,"href":"https:\/\/redsemlac.com\/semmexico\/wp-json\/wp\/v2\/categories?post=100573"},{"taxonomy":"post_tag","embeddable":true,"href":"https:\/\/redsemlac.com\/semmexico\/wp-json\/wp\/v2\/tags?post=100573"}],"curies":[{"name":"wp","href":"https:\/\/api.w.org\/{rel}","templated":true}]}}